{"id":573,"date":"2015-08-22T13:51:27","date_gmt":"2015-08-22T10:51:27","guid":{"rendered":"http:\/\/dokuzadabirdeniz.com\/?p=573"},"modified":"2015-11-15T03:02:07","modified_gmt":"2015-11-15T01:02:07","slug":"sedef-adasi","status":"publish","type":"post","link":"https:\/\/dokuzadabirdeniz.com\/?p=573","title":{"rendered":"Sedef Adas\u0131"},"content":{"rendered":"<p><span style=\"font-family: 'Palatino Linotype', 'Book Antiqua', Palatino, serif; font-size: 12pt;\"><strong>Arif At\u0131lgan, <\/strong><em>Mimarlara Mektuplar (*)<\/em><\/span><\/p>\n<p><span style=\"font-family: 'Palatino Linotype', 'Book Antiqua', Palatino, serif; font-size: 12pt;\">1975 y\u0131l\u0131 idi. Mimarl\u0131k ile uygulamay\u0131 birlikte yapmaya ba\u015flam\u0131\u015f ve olduk\u00e7a hareketli bir hayat ya\u015f\u0131yor olmu\u015ftum. O yaz, Akademi\u2019de okuyan ve \u00f6zellikle b\u00f6l\u00fcm\u00fc olan resim ve ressaml\u0131kla ilgili olduk\u00e7a bilgili \u015feyler anlatan bir k\u0131zla tan\u0131\u015fm\u0131\u015ft\u0131m. Dola\u015f\u0131yor, mesleklerimizi konu\u015fuyor ve bir de her hafta Sedef Adas\u0131\u2019na denize gidiyorduk.<\/span><\/p>\n<p><span style=\"font-family: 'Palatino Linotype', 'Book Antiqua', Palatino, serif; font-size: 12pt;\">Bug\u00fcn, o k\u0131zla tan\u0131\u015ft\u0131\u011f\u0131m\u0131z\u0131n 33. evlili\u011fimizin 30. y\u0131l\u0131n\u0131 ya\u015famaktay\u0131z.<\/span><\/p>\n<p><span style=\"font-family: 'Palatino Linotype', 'Book Antiqua', Palatino, serif; font-size: 12pt;\">Hayat\u0131mda b\u00f6ylesi \u00f6nemli yer tutan Sedef Adas\u0131 (Androvita\/Terebinthos), ad\u0131n\u0131 \u00fczerindeki maki \u00f6rt\u00fcs\u00fcn\u00fcn g\u00fcne\u015fte sedef gibi parlamas\u0131 olay\u0131ndan alm\u0131\u015ft\u0131r. Di\u011fer Prens Adalar\u0131 gibi tarih boyunca s\u00fcrg\u00fcn yeri olarak kullan\u0131lm\u0131\u015f olan ada, \u0130stanbul B\u00fcy\u00fck\u015fehir Belediyesi verilerine g\u00f6re 33 hektarl\u0131k bir alana sahiptir.<\/span><\/p>\n<p>&nbsp;<\/p>\n<figure id=\"attachment_574\" aria-describedby=\"caption-attachment-574\" style=\"width: 694px\" class=\"wp-caption alignnone\"><a href=\"http:\/\/dokuzadabirdeniz.com\/wp-content\/uploads\/2015\/09\/014-2.jpg\"><img loading=\"lazy\" class=\"wp-image-574 \" src=\"http:\/\/dokuzadabirdeniz.com\/wp-content\/uploads\/2015\/09\/014-2.jpg\" alt=\"014-2\" width=\"694\" height=\"462\" srcset=\"https:\/\/dokuzadabirdeniz.com\/wp-content\/uploads\/2015\/09\/014-2.jpg 907w, https:\/\/dokuzadabirdeniz.com\/wp-content\/uploads\/2015\/09\/014-2-150x100.jpg 150w, https:\/\/dokuzadabirdeniz.com\/wp-content\/uploads\/2015\/09\/014-2-300x200.jpg 300w\" sizes=\"(max-width: 694px) 100vw, 694px\" \/><\/a><figcaption id=\"caption-attachment-574\" class=\"wp-caption-text\"><\/span> <span style=\"font-family: 'Palatino Linotype', 'Book Antiqua', Palatino, serif; font-size: 12pt;\">Sedef Adas\u0131<\/span><\/figcaption><\/figure>\n<p><span style=\"font-family: 'Palatino Linotype', 'Book Antiqua', Palatino, serif; font-size: 12pt;\">Ada 1850 y\u0131l\u0131nda, Tophane M\u00fc\u015firi Fethi Ahmet Pa\u015fa\u2019n\u0131n m\u00fclkiyetine ge\u00e7mi\u015f, Pa\u015fa buray\u0131 zeytinlik ve sebzelik bir duruma getirmi\u015ftir. 1. D\u00fcnya Sava\u015f\u0131 s\u0131ras\u0131nda t\u00fcm a\u011fa\u00e7lar kesilmi\u015f, m\u00fcttefiklerin elindeki Yavuz Z\u0131rhl\u0131s\u0131 da bir m\u00fcddet burada ba\u011fl\u0131 kalm\u0131\u015ft\u0131r. 1957 y\u0131l\u0131nda Fethi Ahmet Pa\u015fa\u2019n\u0131n s\u00fclalesinden \u015eahsuvar Menemencio\u011flu ve k\u0131z karde\u015fi Rey\u2019an \u015eahsuvaro\u011flu, aday\u0131 tekrar ye\u015fillendirerek uygun bir yerle\u015fim haline getirmek istemi\u015flerdi. Sonu\u00e7ta buraya \u00f6nce 50 \u00fcnitelik bir site d\u00fc\u015f\u00fcn\u00fclm\u00fc\u015f ancak daha sonra 110 evlik bir yerle\u015fim ger\u00e7ekle\u015ftirilmi\u015fti.<\/span><\/p>\n<p><span style=\"font-family: 'Palatino Linotype', 'Book Antiqua', Palatino, serif; font-size: 12pt;\">1970\u2019li y\u0131llara kadar Sedef Adas\u0131\u2019na ula\u015f\u0131m burada ya\u015fayanlar\u0131n kendi imk\u00e2nlar\u0131yla sa\u011flad\u0131klar\u0131 tekneyle oluyordu. Bu y\u0131llarda a\u00e7\u0131lan Halk Plaj\u0131 devreye girince adaya d\u0131\u015far\u0131dan gelenler \u00e7o\u011falm\u0131\u015f ve yaz mevsimlerinde tarifeli \u015fehir hatlar\u0131 vapuru \u00e7al\u0131\u015fmaya ba\u015flam\u0131\u015ft\u0131. Hatta s\u00f6ylentilere g\u00f6re ada halk\u0131, plaj\u0131 bu sebepten in\u015fa etmi\u015f ve \u0130stanbul halk\u0131n\u0131n hizmetine sunmu\u015ftu. Zira adan\u0131n halka a\u00e7\u0131k k\u0131sm\u0131 iskele ile plaj aras\u0131ndaki 200-300 metrelik k\u0131s\u0131md\u0131r.<\/span><\/p>\n<p><span style=\"font-family: 'Palatino Linotype', 'Book Antiqua', Palatino, serif; font-size: 12pt;\">Bug\u00fcn adada 400 ki\u015fi ya\u015famakta ve bir dernekleri bulunmaktad\u0131r. \u015eahsuvar Menemencio\u011flu ve k\u0131z karde\u015fi Rey\u2019an \u015eahsuvaro\u011flu\u2019nun miras\u00e7\u0131lar\u0131, kendilerine ait olan 30 d\u00f6n\u00fcml\u00fck b\u00f6l\u00fcme bir in\u015faat \u015firketi vas\u0131tas\u0131yla 40\u2019\u0131n \u00fczerinde villa in\u015fa ettirmek istemektedirler.<\/span><\/p>\n<p><span style=\"font-family: 'Palatino Linotype', 'Book Antiqua', Palatino, serif; font-size: 12pt;\">\u00d6ncelikle sit alan\u0131 olan bu adada &#8216;koruma ama\u00e7l\u0131 naz\u0131m imar plan\u0131&#8217; ve &#8216;koruma ama\u00e7l\u0131 uygulama imar planlar\u0131&#8217;n\u0131n haz\u0131rlanmas\u0131 ve bu planlar\u0131n 5 No.lu K\u00fclt\u00fcr ve Tabiat Varl\u0131klar\u0131n\u0131 Koruma B\u00f6lge Kurulu\u2019ndan onaylatt\u0131r\u0131lmas\u0131 gerekmektedir.<\/span><\/p>\n<p><span style=\"font-family: 'Palatino Linotype', 'Book Antiqua', Palatino, serif; font-size: 12pt;\">Ancak bizim bak\u0131\u015f a\u00e7\u0131m\u0131zla konu, sadece Adalar\u2019dan bir tanesine yeni in\u015faatlar yap\u0131lmak istendi\u011fi \u015feklinde de\u011fildir. Olaya daha geni\u015f bir a\u00e7\u0131dan bakt\u0131\u011f\u0131m\u0131zda \u0130stanbul\u2019un 1\/100.000\u2019lik \u00c7evre D\u00fczeni Planlar\u0131nda Kartal\u2019\u0131n Merkezi \u0130\u015f Alan\u0131 (M\u0130A) olarak g\u00f6sterildi\u011fini g\u00f6rebilmekteyiz. Sedef Adas\u0131nda yap\u0131lmas\u0131 d\u00fc\u015f\u00fcn\u00fclen bu villalara, Kartal M\u0130A ile Adalar\u2019\u0131n ba\u011flant\u0131s\u0131n\u0131n ilk i\u015faretleri olarak bakmak gerekmektedir. \u00d6zellikle son y\u0131llarda Adalar\u2019\u0131n bo\u015f kalan alanlar\u0131, \u0130stanbul\u2019un merkezinde in\u015faat yapacak arsa bulamayanlar\u0131n i\u015ftah\u0131n\u0131 kabartmaktad\u0131r. Bu arada Adalar i\u00e7in haz\u0131rlanan 1\/5000\u2019lik Koruma Ama\u00e7l\u0131 Revizyon Naz\u0131m \u0130mar Plan\u0131\u2019nda B\u00fcy\u00fckada\u2019ya &#8216;kongre&#8217;, Heybeliada\u2019ya &#8216;sa\u011fl\u0131k&#8217;, Burgazada\u2019ya &#8216;k\u00fclt\u00fcr&#8217;, K\u0131nal\u0131ada\u2019ya ise &#8216;spor&#8217; vizyonlar\u0131 uygun g\u00f6r\u00fclm\u00fc\u015ft\u00fcr. Bu vizyonlar\u0131n Adalar\u2019da hi\u00e7 yeni yap\u0131la\u015fmaya gerek kalmadan sa\u011flanaca\u011f\u0131 da ifade edilmektedir. Ancak bug\u00fcn bile Adalar\u2019da belediyeye ek hizmet binalar\u0131 ihtiyac\u0131 oldu\u011fu ger\u00e7e\u011fi g\u00f6z ard\u0131 edilmemelidir. O zaman bu vizyonlar\u0131n yeni yap\u0131lanmalara ihtiya\u00e7 olmadan ger\u00e7ekle\u015ftirilece\u011finin olanak d\u0131\u015f\u0131 oldu\u011fu belli olmaktad\u0131r. En b\u00fcy\u00fck tehlike ise bu vizyonlar\u0131n Kartal\u2019daki M\u0130A ile tamamlay\u0131c\u0131 bir \u015fekilde uygun d\u00fc\u015ft\u00fc\u011f\u00fcd\u00fcr. \u0130\u015fte konuya bu a\u00e7\u0131lardan bak\u0131ld\u0131\u011f\u0131nda g\u00f6r\u00fclecektir ki Sedef Adas\u0131\u2019ndaki yeni yap\u0131la\u015fmalar bu ili\u015fkinin ba\u015flang\u0131c\u0131 olmas\u0131 sebebiyle yanl\u0131\u015f, hatta tehlikelidir.<\/span><\/p>\n<p><span style=\"font-family: 'Palatino Linotype', 'Book Antiqua', Palatino, serif; font-size: 12pt;\">Adalara bi\u00e7ilecek tek vizyon &#8216;g\u00fcn\u00fcbirlik dinlenme&#8217; \u015feklinde olmal\u0131d\u0131r. Zira Adalar t\u00fcm \u0130stanbul\u2019un kullanmas\u0131 gereken bir rekreasyon alan\u0131 olarak de\u011ferlendirilmelidir. \u0130stanbul\u2019un merkezinde, denizin ortas\u0131nda b\u00f6ylesine ye\u015fil kalabilmi\u015f nefes al\u0131nacak alan\u0131n asla kaybedilmemesi gerekmektedir.<\/span><br \/>\n<span style=\"font-family: 'Palatino Linotype', 'Book Antiqua', Palatino, serif; font-size: 12pt;\"> Dikkatli d\u00fc\u015f\u00fcn\u00fcld\u00fc\u011f\u00fcnde Adalar, B\u00fcy\u00fckada 538 ha., Heybeliada 251 ha., Burgazada 146 ha., K\u0131nal\u0131ada 136 ha., Sedef Adas\u0131 33 ha., Ka\u015f\u0131k Adas\u0131 6 ha., Yass\u0131 Ada 5 ha., Sivri Ada 4 ha., Tav\u015fan Adas\u0131 1 ha olmak \u00fczere toplam 1120 hektarl\u0131k bir parkt\u0131r \u0130stanbullular i\u00e7in. Ayr\u0131ca Adalar\u2019\u0131n kendilerine \u00f6zg\u00fc do\u011fas\u0131, ekolojik dengesi vard\u0131r. Yap\u0131la\u015fmalarla \u0130stanbul\u2019un di\u011fer alanlar\u0131nda oldu\u011fu gibi buran\u0131nda do\u011fas\u0131 ve ekolojisi yok edilmemelidir.<\/span><\/p>\n<p><span style=\"font-family: 'Palatino Linotype', 'Book Antiqua', Palatino, serif; font-size: 12pt;\">1970\u2019li y\u0131llarda Sedef Adas\u0131\u2019nda ya\u015fayan ki\u015filerle yapt\u0131\u011f\u0131m\u0131z sohbetlerde, daha \u00f6nceki y\u0131llarda rahats\u0131z olduklar\u0131 mart\u0131lar Ada\u2019dan uzakla\u015ft\u0131rd\u0131klar\u0131nda her yan\u0131 y\u0131lanlar\u0131n, y\u0131lanlar\u0131 uzakla\u015ft\u0131rd\u0131klar\u0131nda ise farelerin istila etti\u011fini, bunun \u00fczerine do\u011faya m\u00fcdahale etmemeyi \u00f6\u011frendiklerini anlatm\u0131\u015flard\u0131.<\/span><\/p>\n<p><span style=\"font-family: 'Palatino Linotype', 'Book Antiqua', Palatino, serif; font-size: 12pt;\">Adalar, do\u011fas\u0131yla, floras\u0131yla, ekolojisiyle \u0130stanbul\u2019un merkezinde \u0130stanbul ve \u0130stanbullular i\u00e7in bir \u015fanst\u0131r.<\/span><\/p>\n<p><span style=\"font-family: 'Palatino Linotype', 'Book Antiqua', Palatino, serif; font-size: 12pt;\"><strong>Sevgili Dostlar<\/strong><\/span><br \/>\n<span style=\"font-family: 'Palatino Linotype', 'Book Antiqua', Palatino, serif; font-size: 12pt;\"> Bug\u00fcnlerde Yass\u0131ada ve Hay\u0131rs\u0131z Ada&#8217;n\u0131n imara a\u00e7\u0131lmas\u0131 tart\u0131\u015f\u0131l\u0131yor. Ard\u0131ndan \u00fczerlerinde yerle\u015fim olmayan Ka\u015f\u0131k Adas\u0131 ve Tav\u015fan Adas\u0131 imara a\u00e7\u0131lmak istenecektir herhalde. Ard\u0131ndan da B\u00fcy\u00fck, Heybeli, Burgaz, K\u0131nal\u0131, Sedef adalar\u0131n\u0131n yeniden planlanmas\u0131 gelecektir san\u0131r\u0131m. Adalar,\u00a0pamuklar i\u00e7erisinde korumam\u0131z gereken de\u011ferlerimizdendir.<\/span><\/p>\n<p><span style=\"font-family: 'Palatino Linotype', 'Book Antiqua', Palatino, serif; font-size: 12pt;\"><em>(*)\u00a01970 \u0130T\u00dc Mimarl\u0131k Fak\u00fcltesi mezunu Arif At\u0131lgan, uzun y\u0131llar TMMOB Mimarlar Odas\u0131&#8217;nda \u00e7e\u015fitli kademelerde y\u00f6neticilik yapm\u0131\u015f, K\u00fclt\u00fcr ve Tabiat Varl\u0131klar\u0131n\u0131 Koruma kurulu \u00fcyeli\u011fi gibi g\u00f6revler y\u00fcr\u00fctm\u00fc\u015ft\u00fcr.\u00a0At\u0131lgan, mimarl\u0131k ve kent hakk\u0131 alanlar\u0131ndaki\u00a0\u00e7al\u0131\u015fmalar\u0131na devam etmektedir&#8230;<\/em><\/span><\/p>\n","protected":false},"excerpt":{"rendered":"<p>Arif At\u0131lgan, Mimarlara Mektuplar (*) 1975 y\u0131l\u0131 idi. Mimarl\u0131k ile uygulamay\u0131 birlikte yapmaya ba\u015flam\u0131\u015f ve olduk\u00e7a hareketli bir hayat ya\u015f\u0131yor olmu\u015ftum. O yaz, Akademi\u2019de okuyan ve \u00f6zellikle b\u00f6l\u00fcm\u00fc olan resim ve ressaml\u0131kla ilgili olduk\u00e7a bilgili \u015feyler anlatan bir k\u0131zla tan\u0131\u015fm\u0131\u015ft\u0131m. Dola\u015f\u0131yor, mesleklerimizi konu\u015fuyor ve bir de her hafta Sedef Adas\u0131\u2019na denize gidiyorduk. Bug\u00fcn, o k\u0131zla &hellip;<\/p>\n","protected":false},"author":1,"featured_media":574,"comment_status":"open","ping_status":"open","sticky":false,"template":"","format":"standard","meta":{"_monsterinsights_skip_tracking":false,"_monsterinsights_sitenote_active":false,"_monsterinsights_sitenote_note":"","_monsterinsights_sitenote_category":0},"categories":[1,7],"tags":[71],"_links":{"self":[{"href":"https:\/\/dokuzadabirdeniz.com\/index.php?rest_route=\/wp\/v2\/posts\/573"}],"collection":[{"href":"https:\/\/dokuzadabirdeniz.com\/index.php?rest_route=\/wp\/v2\/posts"}],"about":[{"href":"https:\/\/dokuzadabirdeniz.com\/index.php?rest_route=\/wp\/v2\/types\/post"}],"author":[{"embeddable":true,"href":"https:\/\/dokuzadabirdeniz.com\/index.php?rest_route=\/wp\/v2\/users\/1"}],"replies":[{"embeddable":true,"href":"https:\/\/dokuzadabirdeniz.com\/index.php?rest_route=%2Fwp%2Fv2%2Fcomments&post=573"}],"version-history":[{"count":0,"href":"https:\/\/dokuzadabirdeniz.com\/index.php?rest_route=\/wp\/v2\/posts\/573\/revisions"}],"wp:featuredmedia":[{"embeddable":true,"href":"https:\/\/dokuzadabirdeniz.com\/index.php?rest_route=\/wp\/v2\/media\/574"}],"wp:attachment":[{"href":"https:\/\/dokuzadabirdeniz.com\/index.php?rest_route=%2Fwp%2Fv2%2Fmedia&parent=573"}],"wp:term":[{"taxonomy":"category","embeddable":true,"href":"https:\/\/dokuzadabirdeniz.com\/index.php?rest_route=%2Fwp%2Fv2%2Fcategories&post=573"},{"taxonomy":"post_tag","embeddable":true,"href":"https:\/\/dokuzadabirdeniz.com\/index.php?rest_route=%2Fwp%2Fv2%2Ftags&post=573"}],"curies":[{"name":"wp","href":"https:\/\/api.w.org\/{rel}","templated":true}]}}