{"id":5278,"date":"2021-08-19T17:58:43","date_gmt":"2021-08-19T14:58:43","guid":{"rendered":"https:\/\/dokuzadabirdeniz.com\/?p=5278"},"modified":"2021-08-19T17:58:49","modified_gmt":"2021-08-19T14:58:49","slug":"kuresel-isinma-sonucunda-istanbul-3-adaya-bolunecek","status":"publish","type":"post","link":"https:\/\/dokuzadabirdeniz.com\/?p=5278","title":{"rendered":"K\u00fcresel \u0131s\u0131nma sonucunda \u0130stanbul 3 adaya b\u00f6l\u00fcnecek!"},"content":{"rendered":"\n<p>Bo\u011fazi\u00e7i \u00dcniversitesi&#8217;nden Prof. Dr. Levent Kurnaz, k\u00fcresel \u0131s\u0131nman\u0131n olas\u0131 etkileriyle ilgili konu\u015furken &#8220;\u0130stanbul 3 tane adaya b\u00f6l\u00fcnecek. Bu durum yak\u0131n bir zamanda olmayacak ama biz b\u00f6yle devam edersek eninde sonunda kar\u015f\u0131m\u0131za \u00e7\u0131kacak&#8221; ifadelerini kulland\u0131.<\/p>\n\n\n\n<p>Bo\u011fazi\u00e7i \u00dcniversitesi \u0130klim Politikalar\u0131 Ara\u015ft\u0131rma Merkezi M\u00fcd\u00fcr\u00fc Prof. Dr. Levent Kurnaz, Birle\u015fmi\u015f Milletler iklim raporuna ili\u015fkin de\u011ferlendirmelerde bulundu. <\/p>\n\n\n\n<p>Kurnaz, &#8220;BM \u0130klim Raporu ilgin\u00e7 \u015feyler s\u00f6yl\u00fcyor. Raporda, \u00f6n\u00fcm\u00fczdeki 100 sene i\u00e7erisinde deniz seviyesinde yakla\u015f\u0131k 80 santim ile 1 metre aras\u0131nda y\u00fckselme olaca\u011f\u0131 belirtiliyor. Tabi bu deniz seviyesindeki y\u00fckselme \u0130stanbul&#8217;la da tehlike getirecek. Yine rapora g\u00f6re deniz seviyesindeki 1 metrelik y\u00fckselmeyle Hali\u00e7&#8217;in i\u00e7 kesimlerinde ve K\u00fc\u00e7\u00fck\u00e7ekmece civar\u0131nda deniz sorunlar ya\u015fanabilece\u011fi s\u00f6yleniyor&#8221; diye konu\u015ftu.<\/p>\n\n\n\n<h3>&#8220;KIYI \u015eEH\u0130RLER\u0130NDE DEN\u0130Z SEV\u0130YES\u0130 \u00c7OK HIZLI B\u0130R \u015eEK\u0130LDE B\u0130RKA\u00c7 METRE ARTACAK&#8221;<\/h3>\n\n\n\n<p>Prof. Dr. Kurnaz, s\u00f6zlerine \u015fu \u015fekilde devam etti:<\/p>\n\n\n\n<p>&#8220;BM \u0130klim Raporunda, &#8216;Bat\u0131 Antartika&#8217;n\u0131n art\u0131k tam olarak ne zaman eriyece\u011fini tahmin edemeye biliriz&#8217; c\u00fcmlesi yer al\u0131yor. Yine bu b\u00f6lgedeki buzlar\u0131n \u00e7ok h\u0131zl\u0131 erimesi m\u00fcmk\u00fcn. Bu buzlar erken eriyecek olursa, \u0130stanbul, \u0130zmir gibi k\u0131y\u0131 \u015fehirlerinde deniz seviyesi \u00e7ok h\u0131zl\u0131 bir \u015fekilde birka\u00e7 metre artacak. Bu duruma vatanda\u015f a\u00e7\u0131s\u0131ndan bakarsak, ev alacak ki\u015filerin deniz kenarlar\u0131n\u0131 tercih etmemeleri gerekecek. Yine belediyeler yapacaklar\u0131 metro \u00e7\u0131k\u0131\u015flar\u0131n\u0131n a\u011fz\u0131n\u0131, denize de\u011fil de karaya vermeyi tercih etmesi gerekecek.&#8221;<\/p>\n\n\n\n<h3>&#8220;DEN\u0130Z SEV\u0130YES\u0130 ARTARSA, \u0130STANBUL BO\u011eAZI&#8217;NDA SORUNLAR YA\u015eANACAK&#8221;<\/h3>\n\n\n\n<p>Deniz seviyesi bir metre artacak olursa \u0130stanbul Bo\u011faz\u0131&#8217;nda sorunlar ya\u015fanaca\u011f\u0131n\u0131 belirten Prof. Dr. Kurnaz, &#8220;Denize k\u0131y\u0131s\u0131 olan yerler, evlerinin \u00f6n\u00fcne duvar yapmak zorunda kalacak. Yine \u015fu anda T\u00fcrkiye&#8217;nin tar\u0131m alanlar\u0131n\u0131n \u00f6nemli bir k\u0131sm\u0131 da bu ba\u011flamda zarar g\u00f6recek. Deniz seviyesi bir metre y\u00fckselecek olursa, deniz y\u00fcz metre i\u00e7eri girecek&#8221; \u015feklinde konu\u015ftu. <\/p>\n\n\n\n<h3>&#8220;\u0130STANBUL 3 TANE ADAYA B\u00d6L\u00dcNECEK&#8221;<\/h3>\n\n\n\n<p>K\u00fcresel \u0131s\u0131nmayla sadece Avrupa&#8217;n\u0131n de\u011fil, d\u00fcnyan\u0131n da haritas\u0131n\u0131n de\u011fi\u015fece\u011fini s\u00f6yleyen Prof. Dr. Kurnaz, &#8220;K\u00fcresel \u0131s\u0131nman\u0131n sonunda d\u00fcnyadaki deniz seviyesi yakla\u015f\u0131k olarak 70 metre y\u00fckselecek. Deniz seviyesi 70 metre y\u00fckseldi\u011finde \u015fu an bulundu\u011fumuz mekanlar\u0131n bir\u00e7o\u011fu sular alt\u0131nda kalacak. \u0130stanbul 3 tane adaya b\u00f6l\u00fcnecek. Bu durum yak\u0131n bir zamanda olmayacak ama biz b\u00f6yle devam edersek eninde sonunda kar\u015f\u0131m\u0131za \u00e7\u0131kacak. Yine d\u00fcnyan\u0131n neresi buzul, neresi \u00e7\u00f6l, neresi orman oldu\u011fu tamamen de\u011fi\u015fecek. \u015eu an Sahra \u00c7\u00f6l\u00fc dedi\u011fimiz yer 6 derece kuzeye kayacak. Bu durumdan dolay\u0131 g\u00fcneyde \u00e7\u00f6l olan b\u00f6lgelerin bir k\u0131sm\u0131 orman olmaya ba\u015flayacak. Trabzon, Samsun ve \u0130stanbul gibi T\u00fcrkiye&#8217;nin kuzey b\u00f6lgelerinin iklimi bu y\u00fczy\u0131l\u0131n sonunda Antalya, Adana \u0130klimi gibi olacak&#8221; ifadelerini kulland\u0131.<\/p>\n\n\n\n<p>Prof. Dr. Kurnaz, s\u00f6zlerini \u015fu \u015fekilde tamamlad\u0131:<\/p>\n\n\n\n<p>&#8220;\u0130klim de\u011fi\u015fikli\u011fiyle yang\u0131n, sel gibi olaylar\u0131n \u015fiddeti, s\u0131kl\u0131\u011f\u0131 ve g\u00f6r\u00fcld\u00fc\u011f\u00fc alan geni\u015fletiyor. Yani 10 y\u0131lda bir g\u00f6r\u00fclen bir do\u011fa olay\u0131 2 y\u0131lda bir g\u00f6r\u00fclmeye ba\u015fl\u0131yor. Ya da kurakl\u0131k 6 ay s\u00fcrece\u011fine 2 y\u0131l s\u00fcr\u00fcyor.&#8221;<\/p>\n\n\n\n<figure class=\"wp-block-image\"><img src=\"https:\/\/www.cumhuriyet.com.tr\/Archive\/2021\/8\/11\/112931683-prof-dr-kurnaz-istanbul-3-adaya-bolunecek_1.jpg\" alt=\"\"\/><\/figure>\n","protected":false},"excerpt":{"rendered":"<p>Bo\u011fazi\u00e7i \u00dcniversitesi&#8217;nden Prof. Dr. Levent Kurnaz, k\u00fcresel \u0131s\u0131nman\u0131n olas\u0131 etkileriyle ilgili konu\u015furken &#8220;\u0130stanbul 3 tane adaya b\u00f6l\u00fcnecek. Bu durum yak\u0131n bir zamanda olmayacak ama biz b\u00f6yle devam edersek eninde sonunda kar\u015f\u0131m\u0131za \u00e7\u0131kacak&#8221; ifadelerini kulland\u0131. Bo\u011fazi\u00e7i \u00dcniversitesi \u0130klim Politikalar\u0131 Ara\u015ft\u0131rma Merkezi M\u00fcd\u00fcr\u00fc Prof. Dr. Levent Kurnaz, Birle\u015fmi\u015f Milletler iklim raporuna ili\u015fkin de\u011ferlendirmelerde bulundu. Kurnaz, &#8220;BM \u0130klim &hellip;<\/p>\n","protected":false},"author":1,"featured_media":5279,"comment_status":"open","ping_status":"open","sticky":false,"template":"","format":"standard","meta":{"_monsterinsights_skip_tracking":false,"_monsterinsights_sitenote_active":false,"_monsterinsights_sitenote_note":"","_monsterinsights_sitenote_category":0},"categories":[120,83],"tags":[],"_links":{"self":[{"href":"https:\/\/dokuzadabirdeniz.com\/index.php?rest_route=\/wp\/v2\/posts\/5278"}],"collection":[{"href":"https:\/\/dokuzadabirdeniz.com\/index.php?rest_route=\/wp\/v2\/posts"}],"about":[{"href":"https:\/\/dokuzadabirdeniz.com\/index.php?rest_route=\/wp\/v2\/types\/post"}],"author":[{"embeddable":true,"href":"https:\/\/dokuzadabirdeniz.com\/index.php?rest_route=\/wp\/v2\/users\/1"}],"replies":[{"embeddable":true,"href":"https:\/\/dokuzadabirdeniz.com\/index.php?rest_route=%2Fwp%2Fv2%2Fcomments&post=5278"}],"version-history":[{"count":1,"href":"https:\/\/dokuzadabirdeniz.com\/index.php?rest_route=\/wp\/v2\/posts\/5278\/revisions"}],"predecessor-version":[{"id":5280,"href":"https:\/\/dokuzadabirdeniz.com\/index.php?rest_route=\/wp\/v2\/posts\/5278\/revisions\/5280"}],"wp:featuredmedia":[{"embeddable":true,"href":"https:\/\/dokuzadabirdeniz.com\/index.php?rest_route=\/wp\/v2\/media\/5279"}],"wp:attachment":[{"href":"https:\/\/dokuzadabirdeniz.com\/index.php?rest_route=%2Fwp%2Fv2%2Fmedia&parent=5278"}],"wp:term":[{"taxonomy":"category","embeddable":true,"href":"https:\/\/dokuzadabirdeniz.com\/index.php?rest_route=%2Fwp%2Fv2%2Fcategories&post=5278"},{"taxonomy":"post_tag","embeddable":true,"href":"https:\/\/dokuzadabirdeniz.com\/index.php?rest_route=%2Fwp%2Fv2%2Ftags&post=5278"}],"curies":[{"name":"wp","href":"https:\/\/api.w.org\/{rel}","templated":true}]}}