{"id":5237,"date":"2021-05-07T14:24:13","date_gmt":"2021-05-07T11:24:13","guid":{"rendered":"http:\/\/dokuzadabirdeniz.com\/?p=5237"},"modified":"2021-05-13T21:37:27","modified_gmt":"2021-05-13T18:37:27","slug":"adalari-bozacak-yapilasmaya-dur","status":"publish","type":"post","link":"https:\/\/dokuzadabirdeniz.com\/?p=5237","title":{"rendered":"Mahkeme Adalar\u2019\u0131 \u2018bozacak\u2019 yap\u0131la\u015fmaya \u2018dur\u2019 dedi."},"content":{"rendered":"<div class=\"kvgmc6g5 cxmmr5t8 oygrvhab hcukyx3x c1et5uql ii04i59q\">\n<div dir=\"auto\">Adalar&#8217;da pandemi d\u00f6neminde h\u0131zlanan in\u015faat furyas\u0131n\u0131n \u00f6n\u00fcn\u00fc a\u00e7an &#8220;Ge\u00e7i\u015f D\u00f6nemi Yap\u0131la\u015fma Ko\u015fullar\u0131&#8221; uygulamas\u0131 Mimarlar Odas\u0131 \u0130stanbul B\u00fcy\u00fckkent \u015eubesi\u2019nin a\u00e7t\u0131\u011f\u0131 dava sonucunda durduruldu.<\/div>\n<div dir=\"auto\"><\/div>\n<\/div>\n<div class=\"o9v6fnle cxmmr5t8 oygrvhab hcukyx3x c1et5uql ii04i59q\">\n<div dir=\"auto\">Bu karar uyar\u0131nca Adalar Belediyesi ve Koruma Kurulu arac\u0131\u011f\u0131yla plan yoklu\u011fu ve &#8220;ge\u00e7i\u015f d\u00f6nemi ko\u015fullar\u0131&#8221; gerek\u00e7e g\u00f6sterilerek verilen t\u00fcm in\u015faat izinlerinin derhal iptal edilmesi ve Koruma Ama\u00e7l\u0131 Naz\u0131m \u0130mar Plan\u0131 haz\u0131rl\u0131k s\u00fcrecinin tamamlanmas\u0131na kadar yeni in\u015faat izni verilmemesi gerekiyor.<\/div>\n<\/div>\n<p><strong>(Canan Co\u015fkun- Diken)<\/strong> Mimarlar Odas\u0131 \u0130stanbul B\u00fcy\u00fckkent \u015eubesi\u2019nin Adalar\u2019da tarihi dokuyu bozacak yap\u0131la\u015fman\u0131n \u00f6n\u00fcn\u00fc a\u00e7an<strong>\u00a0\u2018ge\u00e7i\u015f d\u00f6nemi yap\u0131la\u015fma ko\u015fullar\u0131\u2019<\/strong>n\u0131n durdurulmas\u0131 ve iptal edilmesi istemiyle a\u00e7t\u0131\u011f\u0131 davada mahkeme y\u00fcr\u00fctmeyi durdurma karar\u0131 verdi.<\/p>\n<p>Dava dosyas\u0131na mimar, \u00e7evre m\u00fchendisi, peyzaj mimar\u0131, harita m\u00fchendisi, arkeolog ve \u015fehir planc\u0131lar\u0131ndan olu\u015fan yedi ki\u015filik bilirki\u015fi heyetinin raporu girmi\u015fti. Raporda,\u00a0<strong>\u2018parsel odakl\u0131 bir yakla\u015f\u0131m\u0131n geli\u015ftirildi\u011fi, kararlardaki belirsizli\u011fin alan\u0131n kendine \u00f6zg\u00fc dokusuyla uyumsuz yap\u0131la\u015fman\u0131n olu\u015fmas\u0131na neden olabilece\u011fi\u2019<\/strong>\u00a0belirtilmi\u015fti.<\/p>\n<h4><strong>\u2018Modern yap\u0131lar\u0131n y\u0131k\u0131m\u0131na yol a\u00e7abilir\u2019<\/strong><\/h4>\n<p>\u0130stanbul 6\u2019nc\u0131 \u0130dare Mahkemesi bu raporu h\u00fckme esas ald\u0131: <strong>\u201cParsel odakl\u0131 bir yakla\u015f\u0131m\u0131n geli\u015ftirildi\u011fi g\u00f6r\u00fclmekte olup \u00f6zellikle parsel \u00f6zellikleri y\u00f6n\u00fcnden geli\u015ftirilen kararlarda yer alan belirsizlik alan\u0131n kendine \u00f6zg\u00fc dokusuyla uyumsuz yap\u0131la\u015fman\u0131n olu\u015fmas\u0131na neden olabilecektir.\u201d<\/strong><\/p>\n<p>B\u00fcy\u00fckada\u2019da 17, Heybeliada\u2019da 12, Burgazada\u2019da dokuz ve K\u0131nal\u0131ada\u2019da be\u015f yap\u0131n\u0131n tescil i\u015fleminin 2018 y\u0131l\u0131nda tamamland\u0131\u011f\u0131, daha tescillenmesi gereken \u00e7ok say\u0131da nitelikli modern mimarl\u0131k yap\u0131s\u0131 bulundu\u011fu hat\u0131rlat\u0131lan kararda yap\u0131la\u015fman\u0131n \u00f6n\u00fc a\u00e7\u0131laca\u011f\u0131 i\u00e7in bu yap\u0131lar\u0131n y\u0131k\u0131lma risklerinin artaca\u011f\u0131, bu durumun Adalar\u2019\u0131n k\u00fclt\u00fcrel de\u011ferlerinin de olumsuz y\u00f6nde etkilenmesine neden olabilece\u011fi belirtildi.<\/p>\n<p>Bu nedenlerle<strong> \u2018<strong>ge\u00e7i\u015f d\u00f6nemi yap\u0131la\u015fma ko\u015fullar\u0131<\/strong>\u2019<\/strong>n\u0131n planlama ilkeleri ve \u015fehircilik esaslar\u0131na uygun olmad\u0131\u011f\u0131na karar verilerek y\u00fcr\u00fctmenin durdurulmas\u0131na h\u00fckmedildi.<\/p>\n<p>&nbsp;<\/p>\n<blockquote data-secret=\"dOfdPBNUbB\" class=\"wp-embedded-content\"><p><a href=\"https:\/\/www.diken.com.tr\/adalari-bozacak-yapilasmaya-dur\/\">Adalar\u2019\u0131 &#8216;bozacak&#8217; yap\u0131la\u015fmaya &#8216;dur&#8217;<\/a><\/p><\/blockquote>\n<p><iframe class=\"wp-embedded-content\" sandbox=\"allow-scripts\" security=\"restricted\" style=\"position: absolute; clip: rect(1px, 1px, 1px, 1px);\" src=\"https:\/\/www.diken.com.tr\/adalari-bozacak-yapilasmaya-dur\/embed\/#?secret=dOfdPBNUbB\" data-secret=\"dOfdPBNUbB\" width=\"600\" height=\"338\" title=\"&#8220;Adalar\u2019\u0131 &#8216;bozacak&#8217; yap\u0131la\u015fmaya &#8216;dur&#8217;&#8221; &#8212; Diken\" frameborder=\"0\" marginwidth=\"0\" marginheight=\"0\" scrolling=\"no\"><\/iframe><\/p>\n","protected":false},"excerpt":{"rendered":"<p>Adalar&#8217;da pandemi d\u00f6neminde h\u0131zlanan in\u015faat furyas\u0131n\u0131n \u00f6n\u00fcn\u00fc a\u00e7an &#8220;Ge\u00e7i\u015f D\u00f6nemi Yap\u0131la\u015fma Ko\u015fullar\u0131&#8221; uygulamas\u0131 Mimarlar Odas\u0131 \u0130stanbul B\u00fcy\u00fckkent \u015eubesi\u2019nin a\u00e7t\u0131\u011f\u0131 dava sonucunda durduruldu. Bu karar uyar\u0131nca Adalar Belediyesi ve Koruma Kurulu arac\u0131\u011f\u0131yla plan yoklu\u011fu ve &#8220;ge\u00e7i\u015f d\u00f6nemi ko\u015fullar\u0131&#8221; gerek\u00e7e g\u00f6sterilerek verilen t\u00fcm in\u015faat izinlerinin derhal iptal edilmesi ve Koruma Ama\u00e7l\u0131 Naz\u0131m \u0130mar Plan\u0131 haz\u0131rl\u0131k s\u00fcrecinin tamamlanmas\u0131na &hellip;<\/p>\n","protected":false},"author":1,"featured_media":5238,"comment_status":"open","ping_status":"open","sticky":false,"template":"","format":"standard","meta":{"_monsterinsights_skip_tracking":false,"_monsterinsights_sitenote_active":false,"_monsterinsights_sitenote_note":"","_monsterinsights_sitenote_category":0},"categories":[102,120,1,83],"tags":[],"_links":{"self":[{"href":"https:\/\/dokuzadabirdeniz.com\/index.php?rest_route=\/wp\/v2\/posts\/5237"}],"collection":[{"href":"https:\/\/dokuzadabirdeniz.com\/index.php?rest_route=\/wp\/v2\/posts"}],"about":[{"href":"https:\/\/dokuzadabirdeniz.com\/index.php?rest_route=\/wp\/v2\/types\/post"}],"author":[{"embeddable":true,"href":"https:\/\/dokuzadabirdeniz.com\/index.php?rest_route=\/wp\/v2\/users\/1"}],"replies":[{"embeddable":true,"href":"https:\/\/dokuzadabirdeniz.com\/index.php?rest_route=%2Fwp%2Fv2%2Fcomments&post=5237"}],"version-history":[{"count":2,"href":"https:\/\/dokuzadabirdeniz.com\/index.php?rest_route=\/wp\/v2\/posts\/5237\/revisions"}],"predecessor-version":[{"id":5240,"href":"https:\/\/dokuzadabirdeniz.com\/index.php?rest_route=\/wp\/v2\/posts\/5237\/revisions\/5240"}],"wp:featuredmedia":[{"embeddable":true,"href":"https:\/\/dokuzadabirdeniz.com\/index.php?rest_route=\/wp\/v2\/media\/5238"}],"wp:attachment":[{"href":"https:\/\/dokuzadabirdeniz.com\/index.php?rest_route=%2Fwp%2Fv2%2Fmedia&parent=5237"}],"wp:term":[{"taxonomy":"category","embeddable":true,"href":"https:\/\/dokuzadabirdeniz.com\/index.php?rest_route=%2Fwp%2Fv2%2Fcategories&post=5237"},{"taxonomy":"post_tag","embeddable":true,"href":"https:\/\/dokuzadabirdeniz.com\/index.php?rest_route=%2Fwp%2Fv2%2Ftags&post=5237"}],"curies":[{"name":"wp","href":"https:\/\/api.w.org\/{rel}","templated":true}]}}