{"id":5158,"date":"2021-01-18T13:46:05","date_gmt":"2021-01-18T10:46:05","guid":{"rendered":"http:\/\/dokuzadabirdeniz.com\/?p=5158"},"modified":"2021-01-18T13:46:05","modified_gmt":"2021-01-18T10:46:05","slug":"2021-ada-takvimi-cikti","status":"publish","type":"post","link":"https:\/\/dokuzadabirdeniz.com\/?p=5158","title":{"rendered":"2021 Ada Takvimi \u00c7\u0131kt\u0131!"},"content":{"rendered":"<p>Serenad Demirhan<\/p>\n<p>Heybeliada Halk K\u00fct\u00fcphanesini Koruma Derne\u011fi\u2019nin 2016 y\u0131l\u0131ndan bu yana haz\u0131rlamakta oldu\u011fu Ada Takvimi \u00e7\u0131kt\u0131. Her y\u0131l ara\u015ft\u0131rmac\u0131 yazar Akillas Millas\u2019\u0131n \u00e7izimleri ile kurgulanan takvimin bu seneki temas\u0131 &#8220;Heybeliada&#8217;n\u0131n Din\u00ee Yap\u0131lar\u0131&#8221;.<\/p>\n<p>Daha \u00f6nceki \u00e7izimlerin konusu; Ada Tekne ve Vapurlar\u0131, Ada Bal\u0131klar\u0131, Heybeliada\u2019n\u0131n Yitip Giden Evleri, Marmara\u2019n\u0131n Kay\u0131klar\u0131, son olarak da Heybeliada Sahil \u015eeridi olmu\u015ftu.<\/p>\n<p>\u0130\u00e7inde Marmara\u2019n\u0131n f\u0131rt\u0131nalar\u0131n\u0131, \u00e7ok dilli ve \u00e7ok k\u00fclt\u00fcrl\u00fc ada sakinlerinin bayramlar\u0131n\u0131, mehtaplar\u0131, tatilleri ve k\u00fct\u00fcphanecilik g\u00fcnlerini bulabilece\u011finiz bu takvimlere; Heybeli Sahaf, Heybeliada Gazete Bayii ve B\u00fcy\u00fckada Kitap\u00e7\u0131s\u0131&#8217;ndan ula\u015fabilirsiniz. Kargo i\u00e7in ise Ahmet Korkut Tokman: 535 084 91 74 ile ileti\u015fime ge\u00e7ebilirsiniz.<\/p>\n<p>&nbsp;<\/p>\n<p><a href=\"http:\/\/dokuzadabirdeniz.com\/wp-content\/uploads\/tak2.jpg\"><img loading=\"lazy\" class=\"wp-image-5159 alignleft\" src=\"http:\/\/dokuzadabirdeniz.com\/wp-content\/uploads\/tak2.jpg\" alt=\"tak2\" width=\"434\" height=\"614\" srcset=\"https:\/\/dokuzadabirdeniz.com\/wp-content\/uploads\/tak2.jpg 601w, https:\/\/dokuzadabirdeniz.com\/wp-content\/uploads\/tak2-106x150.jpg 106w, https:\/\/dokuzadabirdeniz.com\/wp-content\/uploads\/tak2-212x300.jpg 212w\" sizes=\"(max-width: 434px) 100vw, 434px\" \/><\/a><\/p>\n<p>&nbsp;<\/p>\n","protected":false},"excerpt":{"rendered":"<p>Serenad Demirhan Heybeliada Halk K\u00fct\u00fcphanesini Koruma Derne\u011fi\u2019nin 2016 y\u0131l\u0131ndan bu yana haz\u0131rlamakta oldu\u011fu Ada Takvimi \u00e7\u0131kt\u0131. Her y\u0131l ara\u015ft\u0131rmac\u0131 yazar Akillas Millas\u2019\u0131n \u00e7izimleri ile kurgulanan takvimin bu seneki temas\u0131 &#8220;Heybeliada&#8217;n\u0131n Din\u00ee Yap\u0131lar\u0131&#8221;. Daha \u00f6nceki \u00e7izimlerin konusu; Ada Tekne ve Vapurlar\u0131, Ada Bal\u0131klar\u0131, Heybeliada\u2019n\u0131n Yitip Giden Evleri, Marmara\u2019n\u0131n Kay\u0131klar\u0131, son olarak da Heybeliada Sahil \u015eeridi olmu\u015ftu. &hellip;<\/p>\n","protected":false},"author":1,"featured_media":5161,"comment_status":"open","ping_status":"open","sticky":false,"template":"","format":"standard","meta":{"_monsterinsights_skip_tracking":false,"_monsterinsights_sitenote_active":false,"_monsterinsights_sitenote_note":"","_monsterinsights_sitenote_category":0},"categories":[102,3,83],"tags":[],"_links":{"self":[{"href":"https:\/\/dokuzadabirdeniz.com\/index.php?rest_route=\/wp\/v2\/posts\/5158"}],"collection":[{"href":"https:\/\/dokuzadabirdeniz.com\/index.php?rest_route=\/wp\/v2\/posts"}],"about":[{"href":"https:\/\/dokuzadabirdeniz.com\/index.php?rest_route=\/wp\/v2\/types\/post"}],"author":[{"embeddable":true,"href":"https:\/\/dokuzadabirdeniz.com\/index.php?rest_route=\/wp\/v2\/users\/1"}],"replies":[{"embeddable":true,"href":"https:\/\/dokuzadabirdeniz.com\/index.php?rest_route=%2Fwp%2Fv2%2Fcomments&post=5158"}],"version-history":[{"count":1,"href":"https:\/\/dokuzadabirdeniz.com\/index.php?rest_route=\/wp\/v2\/posts\/5158\/revisions"}],"predecessor-version":[{"id":5162,"href":"https:\/\/dokuzadabirdeniz.com\/index.php?rest_route=\/wp\/v2\/posts\/5158\/revisions\/5162"}],"wp:featuredmedia":[{"embeddable":true,"href":"https:\/\/dokuzadabirdeniz.com\/index.php?rest_route=\/wp\/v2\/media\/5161"}],"wp:attachment":[{"href":"https:\/\/dokuzadabirdeniz.com\/index.php?rest_route=%2Fwp%2Fv2%2Fmedia&parent=5158"}],"wp:term":[{"taxonomy":"category","embeddable":true,"href":"https:\/\/dokuzadabirdeniz.com\/index.php?rest_route=%2Fwp%2Fv2%2Fcategories&post=5158"},{"taxonomy":"post_tag","embeddable":true,"href":"https:\/\/dokuzadabirdeniz.com\/index.php?rest_route=%2Fwp%2Fv2%2Ftags&post=5158"}],"curies":[{"name":"wp","href":"https:\/\/api.w.org\/{rel}","templated":true}]}}