{"id":5117,"date":"2020-09-10T22:17:23","date_gmt":"2020-09-10T19:17:23","guid":{"rendered":"http:\/\/dokuzadabirdeniz.com\/?p=5117"},"modified":"2020-09-10T22:17:23","modified_gmt":"2020-09-10T19:17:23","slug":"yaban-hayvanlarinin-nufusu-50-yilda-yuzde-68-azaldi","status":"publish","type":"post","link":"https:\/\/dokuzadabirdeniz.com\/?p=5117","title":{"rendered":"Yaban hayvanlar\u0131n\u0131n n\u00fcfusu 50 y\u0131lda y\u00fczde 68 azald\u0131"},"content":{"rendered":"<div class=\"GridItemConstrainedMedium-sc-12lwanc-2 fVauYi\">\n<p class=\"Paragraph-k859h4-0 dSVJxu\"><b>D\u00fcnya Do\u011fal Hayat\u0131 Koruma Vakf\u0131&#8217;n\u0131n (WWF) yeni yay\u0131mlad\u0131\u011f\u0131 bir rapor, yaban hayvanlar\u0131 n\u00fcfusunun son 50 y\u0131lda \u00fc\u00e7te iki oran\u0131ndan daha fazla azald\u0131\u011f\u0131na i\u015faret ediyor. <\/b><\/p>\n<\/div>\n<div class=\"GridItemConstrainedMedium-sc-12lwanc-2 fVauYi\">\n<p class=\"Paragraph-k859h4-0 dSVJxu\">Kurulu\u015fun raporunda &#8220;felaket derecesindeki&#8221; bu d\u00fc\u015f\u00fc\u015f\u00fcn hi\u00e7bir yava\u015flama belirtisi g\u00f6stermedi\u011fi gibi, do\u011fan\u0131n insan eliyle tahribat\u0131n\u0131n g\u00f6r\u00fclmedik bir seviyeye \u00e7\u0131kt\u0131\u011f\u0131 vurguland\u0131.<\/p>\n<\/div>\n<div class=\"GridItemConstrainedLargeNoMargin-sc-12lwanc-5 tOkbK\">\n<figure class=\"Figure-sc-6a3dhy-0 gJUCFc\">\n<div class=\"NestedGridParentLarge-sc-12lwanc-10 hfLVVX\">\n<div class=\"NestedGridItemChildLarge-sc-12lwanc-9 fkKpIa\">\n<div class=\"ImagePlaceholder-sc-11u25v2-0 _StyledImagePlaceholder-gu1fm2-0 BhAUY\">\n<div class=\"lazyload-wrapper\"><img class=\"StyledImg-sc-7vx2mr-0 dQLeqZ\" src=\"https:\/\/ichef.bbci.co.uk\/news\/640\/cpsprodpb\/16EE\/production\/_114307850_wildlife_change_640.png\" srcset=\"https:\/\/ichef.bbci.co.uk\/news\/240\/cpsprodpb\/16EE\/production\/_114307850_wildlife_change_640.png 240w, https:\/\/ichef.bbci.co.uk\/news\/320\/cpsprodpb\/16EE\/production\/_114307850_wildlife_change_640.png 320w, https:\/\/ichef.bbci.co.uk\/news\/480\/cpsprodpb\/16EE\/production\/_114307850_wildlife_change_640.png 480w, https:\/\/ichef.bbci.co.uk\/news\/624\/cpsprodpb\/16EE\/production\/_114307850_wildlife_change_640.png 624w, https:\/\/ichef.bbci.co.uk\/news\/640\/cpsprodpb\/16EE\/production\/_114307850_wildlife_change_640.png 640w\" alt=\"Do\u011fal ya\u015fam\" width=\"640\" \/><\/div>\n<div class=\"NestedGridItemChildLarge-sc-12lwanc-9 ichKJL\"><\/div>\n<\/div>\n<\/div>\n<\/div>\n<\/figure>\n<\/div>\n<div class=\"GridItemConstrainedMedium-sc-12lwanc-2 fVauYi\">\n<p class=\"Paragraph-k859h4-0 dSVJxu\">WWF Ba\u015fkan\u0131 Tanya Steele, &#8220;Ormanlar\u0131m\u0131z\u0131 yakt\u0131\u011f\u0131m\u0131z, denizlerde a\u015f\u0131r\u0131 bal\u0131k avlad\u0131\u011f\u0131m\u0131z ve do\u011fal ya\u015fam alanlar\u0131n\u0131 yok etti\u011fimiz i\u00e7in yaban hayat\u0131 serbest d\u00fc\u015f\u00fc\u015fte. D\u00fcnyam\u0131z\u0131 mahvediyoruz, sa\u011fl\u0131\u011f\u0131m\u0131z\u0131, g\u00fcvenli\u011fimizi ve yery\u00fcz\u00fcnde hayatta kalma \u015fans\u0131m\u0131z\u0131 riske at\u0131yoruz. Zaman daral\u0131rken do\u011fa bize \u015fimdi imdat sinyali g\u00f6nderiyor&#8221; dedi.<\/p>\n<\/div>\n<div class=\"GridItemConstrainedMedium-sc-12lwanc-2 fVauYi\">\n<h2 id=\"Say\u0131lar-ne-anlama-geliyor\" class=\"SubHeading-sc-1kh1qhu-1 nSlOl\" tabindex=\"-1\">Say\u0131lar ne anlama geliyor?<\/h2>\n<\/div>\n<div class=\"GridItemConstrainedMedium-sc-12lwanc-2 fVauYi\">\n<p class=\"Paragraph-k859h4-0 dSVJxu\">Raporda bilim insanlar\u0131n\u0131n d\u00fcnya genelindeki g\u00f6zlemlerine dayan\u0131larak binlerce canl\u0131 t\u00fcr\u00fcn\u00fcn n\u00fcfuslar\u0131na bak\u0131ld\u0131.<\/p>\n<\/div>\n<div class=\"GridItemConstrainedMedium-sc-12lwanc-2 fVauYi\">\n<p class=\"Paragraph-k859h4-0 dSVJxu\">Buna g\u00f6re 20.000&#8217;den fazla memeli, ku\u015f, hem karada hem denizde ya\u015fayan hayvan, s\u00fcr\u00fcngen ve bal\u0131k n\u00fcfusunun 1970&#8217;ten bu yana ortalama y\u00fczde 68 oran\u0131nda azald\u0131\u011f\u0131 ortaya \u00e7\u0131kt\u0131.<\/p>\n<\/div>\n<div class=\"GridItemConstrainedMedium-sc-12lwanc-2 fVauYi\">\n<p class=\"Paragraph-k859h4-0 dSVJxu\">En b\u00fcy\u00fck d\u00fc\u015f\u00fc\u015f tropikal b\u00f6lgelerde kaydedildi. Latin Amerika ve Karayipler&#8217;de s\u00fcr\u00fcngenler, hem karada hem denizde ya\u015fayan hayvanlar ve ku\u015flar\u0131n n\u00fcfusu y\u00fczde 94 oran\u0131nda azald\u0131.<\/p>\n<\/div>\n<div class=\"GridItemConstrainedLargeNoMargin-sc-12lwanc-5 tOkbK\">\n<figure class=\"Figure-sc-6a3dhy-0 gJUCFc\">\n<div class=\"NestedGridParentLarge-sc-12lwanc-10 hfLVVX\">\n<div class=\"NestedGridItemChildLarge-sc-12lwanc-9 fkKpIa\">\n<div class=\"ImagePlaceholder-sc-11u25v2-0 _StyledImagePlaceholder-gu1fm2-0 fVstzZ\">\n<div class=\"lazyload-wrapper\"><img class=\"StyledImg-sc-7vx2mr-0 dQLeqZ\" src=\"https:\/\/ichef.bbci.co.uk\/news\/640\/cpsprodpb\/ECB9\/production\/_114310606_wildlife_key_problems_640.png\" srcset=\"https:\/\/ichef.bbci.co.uk\/news\/240\/cpsprodpb\/ECB9\/production\/_114310606_wildlife_key_problems_640.png 240w, https:\/\/ichef.bbci.co.uk\/news\/320\/cpsprodpb\/ECB9\/production\/_114310606_wildlife_key_problems_640.png 320w, https:\/\/ichef.bbci.co.uk\/news\/480\/cpsprodpb\/ECB9\/production\/_114310606_wildlife_key_problems_640.png 480w, https:\/\/ichef.bbci.co.uk\/news\/624\/cpsprodpb\/ECB9\/production\/_114310606_wildlife_key_problems_640.png 624w, https:\/\/ichef.bbci.co.uk\/news\/640\/cpsprodpb\/ECB9\/production\/_114310606_wildlife_key_problems_640.png 640w\" alt=\"Do\u011fal ya\u015fam\" width=\"640\" \/><\/div>\n<div class=\"NestedGridItemChildLarge-sc-12lwanc-9 ichKJL\"><\/div>\n<\/div>\n<\/div>\n<\/div>\n<\/figure>\n<\/div>\n<div class=\"GridItemConstrainedMedium-sc-12lwanc-2 fVauYi\">\n<p class=\"Paragraph-k859h4-0 dSVJxu\">Kurulu\u015fa verileri sa\u011flayan Zoological Society of London&#8217;\u0131n (ZSL) direkt\u00f6r\u00fc Dr. Andrew Terry, bu d\u00fc\u015f\u00fc\u015f\u00fcn insan faaliyetlerinin do\u011fa \u00fczerindeki tahribat\u0131n\u0131n boyutlar\u0131n\u0131 yans\u0131tt\u0131\u011f\u0131n\u0131 s\u00f6yledi.<\/p>\n<\/div>\n<div class=\"GridItemConstrainedMedium-sc-12lwanc-2 fVauYi\">\n<p class=\"Paragraph-k859h4-0 dSVJxu\">Dr. Terry, &#8220;Hi\u00e7bir \u015fey de\u011fi\u015fmezse n\u00fcfuslar azalmaya devam edecek; yaban hayvanlar\u0131n\u0131n nesli t\u00fckenecek ve hayatlar\u0131m\u0131z\u0131n ba\u011fl\u0131 oldu\u011fu ekosistemler bozulacak&#8221; dedi.<\/p>\n<\/div>\n<div class=\"GridItemConstrainedMedium-sc-12lwanc-2 fVauYi\">\n<p class=\"Paragraph-k859h4-0 dSVJxu\">Raporda, Covid-19 salg\u0131n\u0131n\u0131n do\u011fa ve insanlar\u0131n ne kadar i\u00e7 i\u00e7e ge\u00e7ti\u011fini g\u00f6sterdi\u011fi vurgulan\u0131yor.<\/p>\n<\/div>\n<div class=\"GridItemConstrainedMedium-sc-12lwanc-2 fVauYi\">\n<h2 id=\"Habitat-kayb\u0131-ve-vah\u015fi-hayvan-ticareti\" class=\"SubHeading-sc-1kh1qhu-1 nSlOl\" tabindex=\"-1\">Habitat kayb\u0131 ve vah\u015fi hayvan ticareti<\/h2>\n<\/div>\n<div class=\"GridItemConstrainedMedium-sc-12lwanc-2 fVauYi\">\n<p class=\"Paragraph-k859h4-0 dSVJxu\">Yaban hayvanlar\u0131n\u0131n n\u00fcfusunun azalmas\u0131 b\u00fcy\u00fck oranda habitat kayb\u0131na ve vah\u015fi hayvan ticaretine ba\u011flan\u0131yor.<\/p>\n<\/div>\n<div class=\"GridItemConstrainedMedium-sc-12lwanc-2 fVauYi\">\n<p class=\"Paragraph-k859h4-0 dSVJxu\">Modellemelere dayanan yeni veriler acil \u00f6nlemlerin al\u0131nmas\u0131 ve g\u0131da \u00fcretim ve t\u00fcketim tarz\u0131n\u0131n de\u011fi\u015ftirilmesiyle habitat kayb\u0131 ve ormans\u0131zla\u015fman\u0131n durdurulabilece\u011fi hatta tersine \u00e7evrilebilece\u011fi belirtiliyor.<\/p>\n<\/div>\n<p class=\"Paragraph-k859h4-0 dSVJxu\">Kaynak:\u00a0<a href=\"https:\/\/www.bbc.com\/turkce\/haberler-dunya-54099379\" target=\"_blank\">https:\/\/www.bbc.com\/turkce\/haberler-dunya-54099379<\/a><\/p>\n","protected":false},"excerpt":{"rendered":"<p>D\u00fcnya Do\u011fal Hayat\u0131 Koruma Vakf\u0131&#8217;n\u0131n (WWF) yeni yay\u0131mlad\u0131\u011f\u0131 bir rapor, yaban hayvanlar\u0131 n\u00fcfusunun son 50 y\u0131lda \u00fc\u00e7te iki oran\u0131ndan daha fazla azald\u0131\u011f\u0131na i\u015faret ediyor. Kurulu\u015fun raporunda &#8220;felaket derecesindeki&#8221; bu d\u00fc\u015f\u00fc\u015f\u00fcn hi\u00e7bir yava\u015flama belirtisi g\u00f6stermedi\u011fi gibi, do\u011fan\u0131n insan eliyle tahribat\u0131n\u0131n g\u00f6r\u00fclmedik bir seviyeye \u00e7\u0131kt\u0131\u011f\u0131 vurguland\u0131. WWF Ba\u015fkan\u0131 Tanya Steele, &#8220;Ormanlar\u0131m\u0131z\u0131 yakt\u0131\u011f\u0131m\u0131z, denizlerde a\u015f\u0131r\u0131 bal\u0131k avlad\u0131\u011f\u0131m\u0131z ve &hellip;<\/p>\n","protected":false},"author":1,"featured_media":5118,"comment_status":"open","ping_status":"open","sticky":false,"template":"","format":"standard","meta":{"_monsterinsights_skip_tracking":false,"_monsterinsights_sitenote_active":false,"_monsterinsights_sitenote_note":"","_monsterinsights_sitenote_category":0},"categories":[20,129,127,83],"tags":[],"_links":{"self":[{"href":"https:\/\/dokuzadabirdeniz.com\/index.php?rest_route=\/wp\/v2\/posts\/5117"}],"collection":[{"href":"https:\/\/dokuzadabirdeniz.com\/index.php?rest_route=\/wp\/v2\/posts"}],"about":[{"href":"https:\/\/dokuzadabirdeniz.com\/index.php?rest_route=\/wp\/v2\/types\/post"}],"author":[{"embeddable":true,"href":"https:\/\/dokuzadabirdeniz.com\/index.php?rest_route=\/wp\/v2\/users\/1"}],"replies":[{"embeddable":true,"href":"https:\/\/dokuzadabirdeniz.com\/index.php?rest_route=%2Fwp%2Fv2%2Fcomments&post=5117"}],"version-history":[{"count":1,"href":"https:\/\/dokuzadabirdeniz.com\/index.php?rest_route=\/wp\/v2\/posts\/5117\/revisions"}],"predecessor-version":[{"id":5119,"href":"https:\/\/dokuzadabirdeniz.com\/index.php?rest_route=\/wp\/v2\/posts\/5117\/revisions\/5119"}],"wp:featuredmedia":[{"embeddable":true,"href":"https:\/\/dokuzadabirdeniz.com\/index.php?rest_route=\/wp\/v2\/media\/5118"}],"wp:attachment":[{"href":"https:\/\/dokuzadabirdeniz.com\/index.php?rest_route=%2Fwp%2Fv2%2Fmedia&parent=5117"}],"wp:term":[{"taxonomy":"category","embeddable":true,"href":"https:\/\/dokuzadabirdeniz.com\/index.php?rest_route=%2Fwp%2Fv2%2Fcategories&post=5117"},{"taxonomy":"post_tag","embeddable":true,"href":"https:\/\/dokuzadabirdeniz.com\/index.php?rest_route=%2Fwp%2Fv2%2Ftags&post=5117"}],"curies":[{"name":"wp","href":"https:\/\/api.w.org\/{rel}","templated":true}]}}