{"id":5031,"date":"2020-03-13T12:10:16","date_gmt":"2020-03-13T09:10:16","guid":{"rendered":"http:\/\/dokuzadabirdeniz.com\/?p=5031"},"modified":"2020-03-13T12:13:12","modified_gmt":"2020-03-13T09:13:12","slug":"2020-ve-sonrasinda-asiri-doga-olaylari-gorulecek","status":"publish","type":"post","link":"https:\/\/dokuzadabirdeniz.com\/?p=5031","title":{"rendered":"S\u0131cakl\u0131klar y\u00fckselecek, a\u015f\u0131r\u0131 do\u011fa olaylar\u0131 artacak"},"content":{"rendered":"<p>D\u00fcnya Meteoroloji \u00d6rg\u00fct\u00fc (WMO) yay\u0131nlad\u0131\u011f\u0131 2019 y\u0131l\u0131 K\u00fcresel \u0130klim Durumu Raporu&#8217;nda 2019&#8217;un d\u00fcnyan\u0131n en s\u0131cak y\u0131llar\u0131ndan biri\u00a0olarak ya\u015fand\u0131\u011f\u0131n\u0131 ve \u00f6n\u00fcm\u00fczdeki senelerde a\u015f\u0131r\u0131 do\u011fa olaylar\u0131n\u0131n artarak s\u00fcrece\u011fini a\u00e7\u0131klad\u0131. Buzullardaki erime, deniz seviyelerinin y\u00fckselmesi, okyanuslardaki \u0131s\u0131nma ve asitlenmenin yan\u0131 s\u0131ra ekstrem hava ko\u015fullar\u0131 ya\u015fanabilece\u011fi&#8217;\u00a0uyar\u0131s\u0131 yap\u0131l\u0131rken k\u00fcresel s\u0131cakl\u0131klardaki art\u0131\u015f\u0131n ba\u015fka korkun\u00e7 sonu\u00e7lar\u0131\u00a0olaca\u011f\u0131 da\u00a0ifade edildi.<a href=\"http:\/\/dokuzadabirdeniz.com\/wp-content\/uploads\/wmo2019.jpg\"><img loading=\"lazy\" class=\"wp-image-5036 alignright\" src=\"http:\/\/dokuzadabirdeniz.com\/wp-content\/uploads\/wmo2019.jpg\" alt=\"WMO Statement on the State of the Global Climate in 2019\" width=\"223\" height=\"315\" srcset=\"https:\/\/dokuzadabirdeniz.com\/wp-content\/uploads\/wmo2019.jpg 595w, https:\/\/dokuzadabirdeniz.com\/wp-content\/uploads\/wmo2019-106x150.jpg 106w, https:\/\/dokuzadabirdeniz.com\/wp-content\/uploads\/wmo2019-212x300.jpg 212w\" sizes=\"(max-width: 223px) 100vw, 223px\" \/><\/a><\/p>\n<p>WMO, Avrupa Birli\u011fi \u0130klim De\u011fi\u015fikli\u011fi G\u00f6zlemleme Kurumu&#8217;nun (Copernicus), &#8216;2019 y\u0131l\u0131n\u0131n 2016&#8217;dan sonra k\u00fcresel \u00e7apta, rekor d\u00fczeyde en s\u0131cak ikinci y\u0131l oldu\u011fu&#8217; verisini teyit ettiklerini de bildirdi.\u00a0Avustralya&#8217;da g\u00f6r\u00fclen geni\u015f \u00e7apl\u0131 yang\u0131nlara at\u0131fta bulunan D\u00fcnya Meteoroloji \u00d6rg\u00fct\u00fc Genel Direkt\u00f6r\u00fc Petteri Taalas, yapt\u0131\u011f\u0131 a\u00e7\u0131klamada, &#8220;2020, yo\u011fun hava \u015fartlar\u0131n\u0131n etkisi ve iklim ba\u011flant\u0131l\u0131 olaylarla 2019&#8217;un b\u0131rakt\u0131\u011f\u0131 yerden ba\u015flad\u0131.&#8221; dedi.\u00a0Taalas, &#8220;Ne yaz\u0131k ki 2020&#8217;de ve gelecek on y\u0131llarda atmosferde sera gaz\u0131 sal\u0131m\u0131 da dahil rekor seviyede s\u0131cakl\u0131klara \u015fahitlik edece\u011fiz,&#8221; derken\u00a0 1980&#8217;den bu yana ge\u00e7en her on y\u0131l\u0131n bir \u00f6ncekinden daha s\u0131cak oldu\u011funa i\u015faret edildi.<\/p>\n<p>Yap\u0131lan a\u00e7\u0131klamalara ek olarak raporda 1850\u00a0y\u0131l\u0131ndan itibaren tutulmaya ba\u015flanan d\u00fcnya s\u0131cakl\u0131k verilerine g\u00f6re o tarihten bu yana k\u00fcresel \u00e7apta s\u0131cakl\u0131klar\u0131n yakla\u015f\u0131k 1.1 santigrat derece artt\u0131\u011f\u0131n\u0131 ifade ediliyor.\u00a0\u0130ngiltere Meteoroloji Ofisi Hadley \u0130klim Bilimi Merkezi&#8217;nden Profes\u00f6r Richard Betts de Avustralya&#8217;daki do\u011fa yang\u0131nlar\u0131na yol a\u00e7an iklim ko\u015fullar\u0131n\u0131n, 21&#8217;inci y\u00fczy\u0131l sonuna kadar d\u00fcnyada ortalama s\u0131cakl\u0131\u011f\u0131n <a href=\"http:\/\/dokuzadabirdeniz.com\/wp-content\/uploads\/whoo-1024x580-1.jpg\"><img loading=\"lazy\" class=\"wp-image-5035 alignleft\" src=\"http:\/\/dokuzadabirdeniz.com\/wp-content\/uploads\/whoo-1024x580-1.jpg\" alt=\"whoo-1024x580-1\" width=\"494\" height=\"280\" srcset=\"https:\/\/dokuzadabirdeniz.com\/wp-content\/uploads\/whoo-1024x580-1.jpg 1024w, https:\/\/dokuzadabirdeniz.com\/wp-content\/uploads\/whoo-1024x580-1-150x85.jpg 150w, https:\/\/dokuzadabirdeniz.com\/wp-content\/uploads\/whoo-1024x580-1-300x170.jpg 300w\" sizes=\"(max-width: 494px) 100vw, 494px\" \/><\/a>3 derece artmas\u0131 durumunda ola\u011fan hale gelece\u011fini\u00a0belirtiyor.<br \/>\n2019\u2019da Avustralya, Hindistan, Japonya ve Avrupa\u2019da ger\u00e7ekle\u015fen s\u0131cak hava dalgalar\u0131n\u0131n 1.462 ki\u015finin \u00f6l\u00fcm\u00fcne yol a\u00e7t\u0131\u011f\u0131 hat\u0131rlat\u0131lan raporda, 2018\u2019deki 17,2 milyon ki\u015finin hidro meteorolojik olaylardan dolay\u0131 yerlerinden olurken, bu rakam\u0131n 2019\u2019da 22 milyona ula\u015faca\u011f\u0131 \u00f6ng\u00f6r\u00fcleri payla\u015f\u0131ld\u0131.<\/p>\n<p>&nbsp;<\/p>\n<p>Raporun tamam\u0131na ula\u015fmak i\u00e7in :\u00a0<a href=\"https:\/\/library.wmo.int\/doc_num.php?explnum_id=10211\" target=\"_blank\"><span style=\"color: #ff6600;\">K\u00fcresel \u0130klim Durumu Raporu-2019<\/span><\/a><\/p>\n<section class=\"entry\"><\/section>\n","protected":false},"excerpt":{"rendered":"<p>D\u00fcnya Meteoroloji \u00d6rg\u00fct\u00fc (WMO) yay\u0131nlad\u0131\u011f\u0131 2019 y\u0131l\u0131 K\u00fcresel \u0130klim Durumu Raporu&#8217;nda 2019&#8217;un d\u00fcnyan\u0131n en s\u0131cak y\u0131llar\u0131ndan biri\u00a0olarak ya\u015fand\u0131\u011f\u0131n\u0131 ve \u00f6n\u00fcm\u00fczdeki senelerde a\u015f\u0131r\u0131 do\u011fa olaylar\u0131n\u0131n artarak s\u00fcrece\u011fini a\u00e7\u0131klad\u0131. Buzullardaki erime, deniz seviyelerinin y\u00fckselmesi, okyanuslardaki \u0131s\u0131nma ve asitlenmenin yan\u0131 s\u0131ra ekstrem hava ko\u015fullar\u0131 ya\u015fanabilece\u011fi&#8217;\u00a0uyar\u0131s\u0131 yap\u0131l\u0131rken k\u00fcresel s\u0131cakl\u0131klardaki art\u0131\u015f\u0131n ba\u015fka korkun\u00e7 sonu\u00e7lar\u0131\u00a0olaca\u011f\u0131 da\u00a0ifade edildi. WMO, Avrupa Birli\u011fi \u0130klim &hellip;<\/p>\n","protected":false},"author":1,"featured_media":5034,"comment_status":"open","ping_status":"open","sticky":false,"template":"","format":"standard","meta":{"_monsterinsights_skip_tracking":false,"_monsterinsights_sitenote_active":false,"_monsterinsights_sitenote_note":"","_monsterinsights_sitenote_category":0},"categories":[102,20,139,83],"tags":[],"_links":{"self":[{"href":"https:\/\/dokuzadabirdeniz.com\/index.php?rest_route=\/wp\/v2\/posts\/5031"}],"collection":[{"href":"https:\/\/dokuzadabirdeniz.com\/index.php?rest_route=\/wp\/v2\/posts"}],"about":[{"href":"https:\/\/dokuzadabirdeniz.com\/index.php?rest_route=\/wp\/v2\/types\/post"}],"author":[{"embeddable":true,"href":"https:\/\/dokuzadabirdeniz.com\/index.php?rest_route=\/wp\/v2\/users\/1"}],"replies":[{"embeddable":true,"href":"https:\/\/dokuzadabirdeniz.com\/index.php?rest_route=%2Fwp%2Fv2%2Fcomments&post=5031"}],"version-history":[{"count":5,"href":"https:\/\/dokuzadabirdeniz.com\/index.php?rest_route=\/wp\/v2\/posts\/5031\/revisions"}],"predecessor-version":[{"id":5039,"href":"https:\/\/dokuzadabirdeniz.com\/index.php?rest_route=\/wp\/v2\/posts\/5031\/revisions\/5039"}],"wp:featuredmedia":[{"embeddable":true,"href":"https:\/\/dokuzadabirdeniz.com\/index.php?rest_route=\/wp\/v2\/media\/5034"}],"wp:attachment":[{"href":"https:\/\/dokuzadabirdeniz.com\/index.php?rest_route=%2Fwp%2Fv2%2Fmedia&parent=5031"}],"wp:term":[{"taxonomy":"category","embeddable":true,"href":"https:\/\/dokuzadabirdeniz.com\/index.php?rest_route=%2Fwp%2Fv2%2Fcategories&post=5031"},{"taxonomy":"post_tag","embeddable":true,"href":"https:\/\/dokuzadabirdeniz.com\/index.php?rest_route=%2Fwp%2Fv2%2Ftags&post=5031"}],"curies":[{"name":"wp","href":"https:\/\/api.w.org\/{rel}","templated":true}]}}