{"id":4933,"date":"2020-01-12T12:42:25","date_gmt":"2020-01-12T09:42:25","guid":{"rendered":"http:\/\/dokuzadabirdeniz.com\/?p=4933"},"modified":"2020-01-20T16:13:52","modified_gmt":"2020-01-20T13:13:52","slug":"hayvan-haklari-yasasi-icin-mucadelede-nereden-nereye","status":"publish","type":"post","link":"https:\/\/dokuzadabirdeniz.com\/?p=4933","title":{"rendered":"Hayvan Haklar\u0131 Yasas\u0131 \u0130\u00e7in M\u00fccadelede Nereden Nereye?"},"content":{"rendered":"<p><strong>Asl\u0131 Alpar<\/strong><\/p>\n<p>Hayvan haklar\u0131 savunucular\u0131n\u0131n uzun s\u00fcredir m\u00fccadele verdi\u011fi Hayvan Haklar\u0131 Yasas\u0131&#8217;n\u0131n g\u00f6r\u00fc\u015f\u00fclmesine TBMM&#8217;de\u00a0ba\u015fland\u0131.<\/p>\n<p>Hayvanlara uygulanan \u015fiddet ve k\u00f6t\u00fc muamele olaylar\u0131n\u0131n incelenmesi ve bu olaylar\u0131n \u00f6nlenmesi i\u00e7in al\u0131nacak tedbirleri belirlemek amac\u0131yla ge\u00e7ti\u011fimiz y\u0131l \u015eubat ay\u0131nda TBMM Hayvan Haklar\u0131n\u0131 Ara\u015ft\u0131rma Komisyonu kurulmu\u015ftu.<\/p>\n<p>Komisyon, bilim insanlar\u0131 ve sivil toplum kurulu\u015flar\u0131yla yap\u0131lan 12 toplant\u0131 sonunda 200 sayfal\u0131k bir rapor haz\u0131rlam\u0131\u015f, 2019\u2019un Ekim ay\u0131nda sunmu\u015ftu. Raporun en \u00f6nemli \u00f6zelli\u011fi ise, yeni bir \u201cHayvan Haklar\u0131 Kanunu haz\u0131rlanmas\u0131 i\u00e7in Meclis Ba\u015fkanl\u0131\u011f\u0131\u2019na veya 5199 say\u0131l\u0131 Hayvanlar\u0131 Koruma Kanunu\u2019nda yap\u0131lacak de\u011fi\u015fikliklere zemin haz\u0131rlayacak tavsiyeler i\u00e7ermesiydi.<\/p>\n<p>\u015eimdi bu s\u00fcre\u00e7te son a\u015famaya girildi. \u0130nsan menfaatlerini g\u00f6zetmeden, hayvanlar\u0131n lehine sonu\u00e7lanacak bir kanun haz\u0131rlanmas\u0131 amac\u0131yla Komisyon\u2019a g\u00f6r\u00fc\u015f bildiren ve \u00f6nergeler sunan hayvan haklar\u0131 \u00f6rg\u00fct ve olu\u015fumlar\u0131n\u0131n g\u00f6z\u00fc kula\u011f\u0131 yine Meclis\u2019te.<\/p>\n<p>Peki, Hayvan Haklar\u0131 Kanunu i\u00e7in 2004\u2019ten bug\u00fcne s\u00fcren m\u00fccadelenin seyri nas\u0131l oldu?<\/p>\n<p><strong>\u201cKoruma\u201ddan \u201cHaklar\u201da\u2026<\/strong><\/p>\n<p>2004 y\u0131l\u0131nda y\u00fcr\u00fcrl\u00fc\u011fe giren 5199 say\u0131l\u0131 Hayvanlar\u0131 Koruma Kanunu\u2019nun yetersiz yapt\u0131r\u0131mlar\u0131, hayvanlara y\u00f6nelik k\u00f6t\u00fc muameleyi \u201ckabahat\u201d olarak de\u011ferlendirmesi ve bu fiilleri su\u00e7 kapsam\u0131na sokmamas\u0131 gibi bir\u00e7ok neden ile hayvan haklar\u0131 savunucular\u0131 yeni bir yasa i\u00e7in on be\u015f y\u0131ld\u0131r m\u00fccadele ediyor.<\/p>\n<p>T\u00fcm partilerin \u00fczerinde uzla\u015ft\u0131\u011f\u0131 \u201cHayvanlar\u0131 Koruma Kanununda De\u011fi\u015fiklik Yap\u0131lmas\u0131na Dair Kanun Tasar\u0131s\u0131\u201d ilk olarak 2011\u2019de d\u00f6nemin ba\u015fbakan\u0131 Recep Tayyip Erdo\u011fan taraf\u0131ndan imzalanarak Meclis Ba\u015fkanl\u0131\u011f\u0131\u2019na sunuldu. Ancak bu tasar\u0131 hayvan haklar\u0131 savunucular\u0131n\u0131n hi\u00e7bir talebine yer vermemekle birlikte \u201c\u00d6l\u00fcm Yasas\u0131\u201d olarak an\u0131ld\u0131.<\/p>\n<p>Tasar\u0131, evde hayvan say\u0131s\u0131n\u0131n k\u0131s\u0131tlanmas\u0131n\u0131 ve t\u00fcm sokak hayvanlar\u0131n\u0131n \u201cdo\u011fal ya\u015fam park\u0131\u201d ad\u0131 verilen tecrit merkezlerinde toplanmas\u0131 gibi hayvanlar\u0131n aleyhinde maddeler \u00f6neriyordu. Ayr\u0131ca tasar\u0131da hayvana y\u00f6nelik su\u00e7lar\u0131n T\u00fcrk Ceza Kanunu\u2019na (TCK) kapsam\u0131na al\u0131nmas\u0131 \u00f6ng\u00f6r\u00fcl\u00fcyor, ancak ceza alt s\u0131n\u0131r\u0131n\u0131n d\u00fc\u015f\u00fck olmas\u0131 nedeniyle de savunucular tasla\u011f\u0131 kabul etmiyordu.<\/p>\n<p>Bu tasar\u0131ya y\u00f6nelik kitlesel eylemler ve imza kampanyalar\u0131 neticesinde d\u00f6nemin Ba\u015fbakan\u0131 Recep Tayyip Erdo\u011fan hayvansever sanat\u00e7\u0131lar\u0131 Dolmabah\u00e7e\u2019de a\u011f\u0131rlad\u0131.<\/p>\n<p>2012 y\u0131l\u0131nda Hayvanlar\u0131 Koruma Kanun tasar\u0131s\u0131 Galatasaray Lisesi \u00f6n\u00fcnden ba\u015flayan kitlesel bir y\u00fcr\u00fcy\u00fc\u015fle protesto edildi. \u201c<a href=\"https:\/\/www.facebook.com\/pg\/yunuslaraozgurluk\/photos\/?tab=album&amp;album_id=10151108090620959\">\u00d6l\u00fcm Yasas\u0131na Hay\u0131r<\/a>\u201d diyen ve eyleme hayvanlar\u0131yla kat\u0131lan savunucular, sokakta ya\u015fayan hayvanlar i\u00e7in \u201cya\u015fam hakk\u0131\u201d istedi. Ard\u0131ndan <a href=\"https:\/\/www.facebook.com\/pg\/yunuslaraozgurluk\/photos\/?tab=album&amp;album_id=10151350967840959\">bir dizi eylem ger\u00e7ekle\u015ftirildi<\/a> ve bu eylemlerde dile getirilen ortak talep ayn\u0131yd\u0131: \u201c\u00d6l\u00fcm Yasas\u0131 geri \u00e7ekilsin\u201d\u2026<\/p>\n<p><a href=\"http:\/\/dokuzadabirdeniz.com\/wp-content\/uploads\/DPv-ZDi92E2iZEFYIHSfQg.jpg\"><img loading=\"lazy\" class=\"wp-image-4935 alignleft\" src=\"http:\/\/dokuzadabirdeniz.com\/wp-content\/uploads\/DPv-ZDi92E2iZEFYIHSfQg.jpg\" alt=\"dpv-zdi92e2izefyihsfqg\" width=\"564\" height=\"423\" srcset=\"https:\/\/dokuzadabirdeniz.com\/wp-content\/uploads\/DPv-ZDi92E2iZEFYIHSfQg.jpg 1000w, https:\/\/dokuzadabirdeniz.com\/wp-content\/uploads\/DPv-ZDi92E2iZEFYIHSfQg-150x113.jpg 150w, https:\/\/dokuzadabirdeniz.com\/wp-content\/uploads\/DPv-ZDi92E2iZEFYIHSfQg-300x225.jpg 300w\" sizes=\"(max-width: 564px) 100vw, 564px\" \/><\/a><\/p>\n<p>Kitlesel eylemlere sebep olan Hayvanlar\u0131 Koruma Kanununda De\u011fi\u015fiklik Yap\u0131lmas\u0131na Dair Kanun Tasar\u0131s\u0131, <a href=\"http:\/\/www.stgm.org.tr\/tr\/icerik\/detay\/bildiri-tbmm-cevre-komisyonu-hayvanlar-aleyhinde-bir-koruma-yasasi-hazirliyor\">hayvan haklar\u0131 savunucular\u0131n\u0131n t\u00fcm itirazlar\u0131na<sup><u>[1]<\/u><\/sup> ra\u011fmen, 2014 y\u0131l\u0131nda \u00c7evre Komisyonunda kabul edildi<\/a>, ancak Genel Kurulda g\u00f6r\u00fc\u015f\u00fclmeyerek kad\u00fck oldu.<\/p>\n<h4>Katliam Tasar\u0131lar\u0131na Kar\u015f\u0131 Kitlesel Eylemler<\/h4>\n<p>Tasar\u0131n\u0131n geride kalmas\u0131 ile birlikte 2014 ile 2018 aras\u0131nda \u00e7e\u015fitli kitlesel protestolar ger\u00e7ekle\u015fti ve hayvan haklar\u0131 bas\u0131nda s\u0131kl\u0131kla yer ald\u0131.<\/p>\n<p>1 Temmuz 2017\u2019de yakla\u015f\u0131k 200 dernek ve grubun yan\u0131 s\u0131ra ba\u011f\u0131ms\u0131z aktivistlerin de kat\u0131ld\u0131\u011f\u0131 e\u015f zamanl\u0131 kitlesel eylemin ard\u0131ndan Adalet Bakanl\u0131\u011f\u0131 2018 Ocak\u2019ta haz\u0131rlad\u0131\u011f\u0131 tasar\u0131y\u0131 t\u00fcm komisyonlara iletti. Bu tasar\u0131 hayvan haklar\u0131 aktivistleri ile payla\u015f\u0131lmad\u0131.<\/p>\n<figure id=\"attachment_46759\" class=\"wp-caption alignright\" style=\"width: 463px;\"><img loading=\"lazy\" class=\" wp-image-46759\" src=\"https:\/\/s3.eu-west-1.amazonaws.com\/sivilsayfalar.org\/2020\/01\/1-1.jpg\" sizes=\"(max-width: 420px) 100vw, 420px\" srcset=\"https:\/\/s3.eu-west-1.amazonaws.com\/sivilsayfalar.org\/2020\/01\/1-1.jpg 626w, https:\/\/s3.eu-west-1.amazonaws.com\/sivilsayfalar.org\/2020\/01\/1-1-610x344.jpg 610w, https:\/\/s3.eu-west-1.amazonaws.com\/sivilsayfalar.org\/2020\/01\/1-1-320x320.jpg 320w\" alt=\"\" width=\"463\" height=\"261\" \/><figcaption class=\"wp-caption-text\">1 Temmuz 2017 \u201cKatliam Yasa Tasar\u0131s\u0131na Hay\u0131r\u201d \u0130stanbul y\u00fcr\u00fcy\u00fc\u015f\u00fc<\/figcaption><\/figure>\n<p>Ancak ilgili bakanl\u0131\u011f\u0131n haz\u0131rlad\u0131\u011f\u0131 tasar\u0131da da hayvana y\u00f6nelik i\u015flenen su\u00e7lar\u0131n cezalar\u0131 yetersizdi, sahipli hayvan i\u00e7in soru\u015fturma a\u00e7\u0131lmas\u0131 sahibinin \u015fikayeti \u015fart\u0131na ba\u011flanm\u0131\u015ft\u0131. Dahas\u0131, hayvana tecav\u00fcz su\u00e7 kapsam\u0131na al\u0131nmam\u0131\u015ft\u0131, 2 bin TL idari para cezas\u0131 ile cezaland\u0131r\u0131lm\u0131\u015ft\u0131. Ayr\u0131ca \u2018sahipsiz\u2019 hayvan\u0131n ihlal edilen hakk\u0131na y\u00f6nelik ba\u015fvuru, tasar\u0131ya g\u00f6re sadece Orman ve Su \u0130\u015fleri Bakanl\u0131\u011f\u0131 taraf\u0131ndan yap\u0131lacakt\u0131.<\/p>\n<p>24 Haziran 2018\u2019deki Cumhurba\u015fkanl\u0131\u011f\u0131 se\u00e7imlerinde Cumhurba\u015fkan\u0131 Erdo\u011fan\u2019\u0131n, hayvan haklar\u0131 yasas\u0131n\u0131 kastederek \u201cBu kanun h\u00e2l\u00e2 neyi bekliyor?\u201d diye sormas\u0131n\u0131n ard\u0131ndan h\u0131zlanan s\u00fcre\u00e7te Tar\u0131m ve Orman Bakanl\u0131\u011f\u0131<a href=\"http:\/\/www.sivilsayfalar.org\/2020\/01\/11\/hayvan-haklari-yasasi-icin-mucadelede-nereden-nereye\/?fbclid=IwAR3dogbcA7nXvuFUQCup2sp26mxcKQbC22SWbZg4O9oIZMKpDJ68EG-00jQ#_ftn2\" name=\"_ftnref2\">[2]<\/a> devreye girdi.<\/p>\n<p>Bakan Bekir Pakdemirli Ekim 2018\u2019de \u201cSahipsiz hayvanlar\u0131n korunmas\u0131 \u00e7al\u0131\u015fmalar\u0131n\u0131, belediyelerle i\u015f birli\u011fi halinde a\u015f\u0131la, k\u0131s\u0131rla\u015ft\u0131r, i\u015faretle, kaydet, sahiplendir, izle ve denetle ilkeleri \u00e7er\u00e7evesinde y\u00fcr\u00fct\u00fcyoruz\u201d diyerek, hayvan haklar\u0131 savunucular\u0131n\u0131n \u201ck\u0131rm\u0131z\u0131 \u00e7izgisi\u201d olarak belirtilen, Kanunun 6. maddesinde \u201ck\u0131s\u0131rla\u015ft\u0131r\u0131p-yerine b\u0131rakma\u201d ilkesinden s\u00f6z etmedi.<\/p>\n<h4>G\u00fc\u00e7 Birli\u011fi: Hayvan Haklar\u0131 Yasama \u0130zleme Delegasyonu<\/h4>\n<p>Bunun \u00fczerine hayvan hakk\u0131 savunucular\u0131 \u201cHay\u0131rs\u0131zada istemiyoruz\u201d, \u201cKatliam tasar\u0131s\u0131 istemiyoruz\u201d diyerek yeniden kitlesel eylemler ile \u00f6rg\u00fctlendi. Hayvan haklar\u0131n\u0131 ilgilendiren yasama \u00e7al\u0131\u015fmas\u0131n\u0131n pe\u015fini b\u0131rakmayan 350\u2019yi a\u015fk\u0131n sivil toplum \u00f6rg\u00fct ve inisiyatifi g\u00fc\u00e7 birli\u011fi yaparak \u201cHayvan Haklar\u0131 Yasama \u0130zleme Delegasyonu\u201dnu kurdu.<\/p>\n<p>1 Kas\u0131m\u2019da, delegasyonun \u00e7a\u011fr\u0131s\u0131 ile 69 ilde e\u015f zamanl\u0131 bas\u0131n a\u00e7\u0131klamalar\u0131 yap\u0131ld\u0131. 25 Kas\u0131m\u2019da yine delegasyonun \u00e7a\u011fr\u0131s\u0131 ile \u201cKatliam Yasa Tasar\u0131s\u0131na Hay\u0131r\u201d diyerek Kad\u0131k\u00f6y\u2019de bir araya gelindi.<\/p>\n<figure id=\"attachment_46760\" class=\"wp-caption alignleft\" style=\"width: 443px;\"><img loading=\"lazy\" class=\" wp-image-46760\" src=\"https:\/\/s3.eu-west-1.amazonaws.com\/sivilsayfalar.org\/2020\/01\/2-1.jpg\" sizes=\"(max-width: 370px) 100vw, 370px\" srcset=\"https:\/\/s3.eu-west-1.amazonaws.com\/sivilsayfalar.org\/2020\/01\/2-1.jpg 579w, https:\/\/s3.eu-west-1.amazonaws.com\/sivilsayfalar.org\/2020\/01\/2-1-320x320.jpg 320w\" alt=\"\" width=\"443\" height=\"291\" \/><figcaption class=\"wp-caption-text\">25 Kas\u0131m 2018 \u201cKatliam Yasa Tasar\u0131s\u0131na Hay\u0131r\u201d \u0130stanbul eylemi<\/figcaption><\/figure>\n<p>Delegasyonun kitlesel eylemlerinin ard\u0131ndan Hayvan haklar\u0131 savunucular\u0131 ile g\u00f6r\u00fc\u015fmeyi kabul eden ilk kurum Tar\u0131m ve Orman Bakanl\u0131\u011f\u0131 oldu. Delegasyon, milyonlarca ki\u015finin ortak talebini ileterek, yasama s\u00fcrecinin \u015feffaf bir \u015fekilde y\u00fcr\u00fct\u00fclmesini talep ederken T\u00fcrkiye\u2019nin ge\u00e7i\u015f yapt\u0131\u011f\u0131 Cumhurba\u015fkanl\u0131\u011f\u0131 H\u00fck\u00fbmet Sistemi\u2019ne g\u00f6re, yasama yetkisinin sadece parlamentoda olmas\u0131 gerekti\u011fini hat\u0131rlatt\u0131. Delegasyon, b\u00fcrokratlarca haz\u0131rlanacak ve hayvan haklar\u0131 savunucular\u0131n\u0131n dinlenmedi\u011fi bir yasay\u0131 kabul etmeyece\u011fini defalarca tekrar etti.<\/p>\n<h4>Hak Savunucular\u0131 Meclis\u2019te<\/h4>\n<p>Bu s\u00fcre\u00e7te bir yanda kitlesel hayvan hakk\u0131 eylemleri di\u011fer yanda toplumda infial uyand\u0131ran hayvana y\u00f6nelik su\u00e7 olaylar\u0131n\u0131n ard\u0131ndan siyasiler nihayet hayvan hakk\u0131 savunucular\u0131n\u0131 meselenin taraf\u0131 olarak kabul etti ve savunucular Meclis\u2019e giderek hayvan haklar\u0131 konusunda bilgilendirmeler yapmaya ba\u015flad\u0131.<\/p>\n<p>\u015eubat 2019\u2019da kamuoyunun da bask\u0131s\u0131 ile TBMM Genel Kurulu\u2019nda, be\u015f parti grubunun ortak \u00f6nergesiyle hayvanlara uygulanan \u015fiddet ve k\u00f6t\u00fc muamele olaylar\u0131n\u0131n incelenerek, bu olaylar\u0131n \u00f6nlenmesi i\u00e7in al\u0131nacak tedbirlerin belirlenmesi amac\u0131yla TBMM Hayvan Haklar\u0131n\u0131 Ara\u015ft\u0131rma Komisyonu kuruldu.<\/p>\n<p>TBMM Hayvan Haklar\u0131n\u0131 Ara\u015ft\u0131rma Komisyonu, Hayvan Haklar\u0131 Yasama \u0130zleme Delegasyonu\u2018nu \u00fc\u00e7 defa ziyaret etti. Kas\u0131m ay\u0131nda kaybetti\u011fimiz delegasyon \u00fcyelerinden Hayvan Haklar\u0131 \u0130zleme Komitesi (HAK\u0130M) kurucusu ve Hayvan Haklar\u0131 ve Eti\u011fi Derne\u011fi Ba\u015fkan\u0131 Burak \u00d6zg\u00fcner, Meclis tarihinde ilk kez komisyon \u00fcyelerine mezbaha videosu izlettirdi ve delegasyonun yaln\u0131zca evcillerin de\u011fil t\u00fcm t\u00fcrlerin haklar\u0131n\u0131 savundu\u011funun alt\u0131n\u0131 \u00e7izdi.<\/p>\n<figure id=\"attachment_46761\" class=\"wp-caption alignright\"><img loading=\"lazy\" class=\" wp-image-46761\" src=\"https:\/\/s3.eu-west-1.amazonaws.com\/sivilsayfalar.org\/2020\/01\/3.jpg\" sizes=\"(max-width: 410px) 100vw, 410px\" srcset=\"https:\/\/s3.eu-west-1.amazonaws.com\/sivilsayfalar.org\/2020\/01\/3.jpg 507w, https:\/\/s3.eu-west-1.amazonaws.com\/sivilsayfalar.org\/2020\/01\/3-320x276.jpg 320w\" alt=\"\" width=\"410\" height=\"223\" \/><figcaption class=\"wp-caption-text\">Hayvan Haklar\u0131 Yasama \u0130zleme Delegasyonu meclis g\u00f6r\u00fc\u015fmeleri<\/figcaption><\/figure>\n<p>Komisyon\u2019un raporunu 23 Ekim\u2019de Meclis Ba\u015fkanl\u0131\u011f\u0131\u2019na sundu\u011funu biliyoruz. Raporun son halinde hayvanlar y\u00fcr\u00fcrl\u00fckte olan mevzuatta oldu\u011fu gibi bir \u201cmeta\u201d de\u011fil \u201chisleri olan canl\u0131lar\u201d olarak tan\u0131mlan\u0131yor. Raporda yunus parklar\u0131n\u0131n kapat\u0131lmas\u0131ndan yeni hayvanat bah\u00e7elerinin yasaklanmas\u0131na, atl\u0131 faytonculu\u011fun yasaklanmas\u0131ndan k\u00fcrk \u00fcretim \u00e7iftliklerinin kapat\u0131lmas\u0131na, hayvana kar\u015f\u0131 i\u015flenen su\u00e7lar\u0131n T\u00fcrk Ceza Kanunu kapsam\u0131na girmesinden sokakta ya\u015fam\u0131n\u0131 s\u00fcrd\u00fcren evcillerin ya\u015fam hakk\u0131n\u0131 garanti alt\u0131na alan \u00f6nerilere kadar umut vadeden pek \u00e7ok tavsiye i\u00e7eriyor. Taslak bu haliyle hayvan s\u00f6m\u00fcr\u00fcs\u00fcn\u00fc topyek\u00fbn ortadan kald\u0131racak iradeyi ta\u015f\u0131masa da bu y\u00f6nde at\u0131lacak \u00f6nemli bir ad\u0131ma i\u015faret ediyor.<\/p>\n<h4>Ba\u015fa D\u00f6nersek<\/h4>\n<p>Komisyon raporu \u0131\u015f\u0131\u011f\u0131nda 5199 say\u0131l\u0131 Hayvan Koruma Kanunu\u2019da yap\u0131lacak de\u011fi\u015fiklikler i\u00e7in son d\u00fczl\u00fckteyiz.<\/p>\n<p>Bu s\u00fcrecin nas\u0131l i\u015fleyece\u011fine dair siyasilerden bir a\u00e7\u0131klama yok. Hayvan haklar\u0131 savunucular\u0131 hem s\u00fcrecin \u015feffafl\u0131\u011f\u0131 hem de Meclis\u2019in hayvanlar\u0131n haklar\u0131ndan taraf bir yasa \u00e7\u0131karmalar\u0131 i\u00e7in m\u00fccadele etmeyi s\u00fcrd\u00fcr\u00fcyor.<\/p>\n<p>Yaz\u0131m\u0131z\u0131 bitirirken hat\u0131rlatal\u0131m ki bu m\u00fccadelede kamuoyu deste\u011fi halen \u00e7ok b\u00fcy\u00fck \u00f6neme sahip. Herkesi hayvanlar\u0131n haklar\u0131ndan taraf bir yasa i\u00e7in verdi\u011fimiz m\u00fccadelemize yolda\u015f olmaya davet ediyoruz.<\/p>\n<p>Kaynak: http:\/\/www.sivilsayfalar.org\/2020\/01\/11\/hayvan-haklari-yasasi-icin-mucadelede-nereden-nereye\/?fbclid=IwAR3dogbcA7nXvuFUQCup2sp26mxcKQbC22SWbZg4O9oIZMKpDJ68EG-00jQ<\/p>\n<p>&nbsp;<\/p>\n<p><a href=\"http:\/\/www.sivilsayfalar.org\/2020\/01\/11\/hayvan-haklari-yasasi-icin-mucadelede-nereden-nereye\/?fbclid=IwAR3dogbcA7nXvuFUQCup2sp26mxcKQbC22SWbZg4O9oIZMKpDJ68EG-00jQ#_ftnref1\" name=\"_ftn1\">[1]<\/a> \u0130tirazlar\u0131n sebeplerinden biri Hayvanlar\u0131 Koruma Kanunu\u2019nun 6. Maddesinin de\u011fi\u015ftirilmesine y\u00f6nelik talepti. Tasar\u0131, k\u0131s\u0131rla\u015ft\u0131r\u0131lmak i\u00e7in al\u0131nan hayvanlar\u0131n, al\u0131nd\u0131klar\u0131 yere b\u0131rak\u0131laca\u011f\u0131 ama b\u0131rak\u0131lacaklar\u0131 yerin okula, hastaneye, parka ve bunun gibi insanlar\u0131n yo\u011fun olarak bulunduklar\u0131 yerlere yak\u0131n olamayaca\u011f\u0131na dair koyulan \u015ferhti. Halen y\u00fcr\u00fcrl\u00fckte olan Kanun maddesi ise \u015f\u00f6yle diyor: \u201cM\u00fc\u015fahede yerlerinde k\u0131s\u0131rla\u015ft\u0131r\u0131lan, a\u015f\u0131lanan ve rehabilite edilen hayvanlar\u0131n kaydedildikten sonra \u00f6ncelikle al\u0131nd\u0131klar\u0131 ortama b\u0131rak\u0131lmalar\u0131 esast\u0131r.\u201d<\/p>\n<p><a href=\"http:\/\/www.sivilsayfalar.org\/2020\/01\/11\/hayvan-haklari-yasasi-icin-mucadelede-nereden-nereye\/?fbclid=IwAR3dogbcA7nXvuFUQCup2sp26mxcKQbC22SWbZg4O9oIZMKpDJ68EG-00jQ#_ftnref2\" name=\"_ftn2\">[2]<\/a> 9 Temmuz 2018\u2019de G\u0131da, Tar\u0131m ve Hayvanc\u0131l\u0131k Bakanl\u0131\u011f\u0131 ile Orman ve Su \u0130\u015fleri Bakanl\u0131\u011f\u0131 birle\u015ftirildi yeni ismi, Tar\u0131m ve Orman Bakanl\u0131\u011f\u0131 oldu.<\/p>\n","protected":false},"excerpt":{"rendered":"<p>Asl\u0131 Alpar Hayvan haklar\u0131 savunucular\u0131n\u0131n uzun s\u00fcredir m\u00fccadele verdi\u011fi Hayvan Haklar\u0131 Yasas\u0131&#8217;n\u0131n g\u00f6r\u00fc\u015f\u00fclmesine TBMM&#8217;de\u00a0ba\u015fland\u0131. Hayvanlara uygulanan \u015fiddet ve k\u00f6t\u00fc muamele olaylar\u0131n\u0131n incelenmesi ve bu olaylar\u0131n \u00f6nlenmesi i\u00e7in al\u0131nacak tedbirleri belirlemek amac\u0131yla ge\u00e7ti\u011fimiz y\u0131l \u015eubat ay\u0131nda TBMM Hayvan Haklar\u0131n\u0131 Ara\u015ft\u0131rma Komisyonu kurulmu\u015ftu. Komisyon, bilim insanlar\u0131 ve sivil toplum kurulu\u015flar\u0131yla yap\u0131lan 12 toplant\u0131 sonunda 200 sayfal\u0131k bir &hellip;<\/p>\n","protected":false},"author":1,"featured_media":4934,"comment_status":"open","ping_status":"open","sticky":false,"template":"","format":"standard","meta":{"_monsterinsights_skip_tracking":false,"_monsterinsights_sitenote_active":false,"_monsterinsights_sitenote_note":"","_monsterinsights_sitenote_category":0},"categories":[120,17,132,83],"tags":[145],"_links":{"self":[{"href":"https:\/\/dokuzadabirdeniz.com\/index.php?rest_route=\/wp\/v2\/posts\/4933"}],"collection":[{"href":"https:\/\/dokuzadabirdeniz.com\/index.php?rest_route=\/wp\/v2\/posts"}],"about":[{"href":"https:\/\/dokuzadabirdeniz.com\/index.php?rest_route=\/wp\/v2\/types\/post"}],"author":[{"embeddable":true,"href":"https:\/\/dokuzadabirdeniz.com\/index.php?rest_route=\/wp\/v2\/users\/1"}],"replies":[{"embeddable":true,"href":"https:\/\/dokuzadabirdeniz.com\/index.php?rest_route=%2Fwp%2Fv2%2Fcomments&post=4933"}],"version-history":[{"count":4,"href":"https:\/\/dokuzadabirdeniz.com\/index.php?rest_route=\/wp\/v2\/posts\/4933\/revisions"}],"predecessor-version":[{"id":4959,"href":"https:\/\/dokuzadabirdeniz.com\/index.php?rest_route=\/wp\/v2\/posts\/4933\/revisions\/4959"}],"wp:featuredmedia":[{"embeddable":true,"href":"https:\/\/dokuzadabirdeniz.com\/index.php?rest_route=\/wp\/v2\/media\/4934"}],"wp:attachment":[{"href":"https:\/\/dokuzadabirdeniz.com\/index.php?rest_route=%2Fwp%2Fv2%2Fmedia&parent=4933"}],"wp:term":[{"taxonomy":"category","embeddable":true,"href":"https:\/\/dokuzadabirdeniz.com\/index.php?rest_route=%2Fwp%2Fv2%2Fcategories&post=4933"},{"taxonomy":"post_tag","embeddable":true,"href":"https:\/\/dokuzadabirdeniz.com\/index.php?rest_route=%2Fwp%2Fv2%2Ftags&post=4933"}],"curies":[{"name":"wp","href":"https:\/\/api.w.org\/{rel}","templated":true}]}}