{"id":4785,"date":"2019-10-26T17:53:27","date_gmt":"2019-10-26T14:53:27","guid":{"rendered":"http:\/\/dokuzadabirdeniz.com\/?p=4785"},"modified":"2019-10-28T18:01:52","modified_gmt":"2019-10-28T15:01:52","slug":"heybeliadada-kutuphaneye-ne-gerek-var","status":"publish","type":"post","link":"https:\/\/dokuzadabirdeniz.com\/?p=4785","title":{"rendered":"Heybeliada\u2019da K\u00fct\u00fcphaneye Ne Gerek Var!"},"content":{"rendered":"<p>&nbsp;<\/p>\n<p>44 y\u0131l boyunca Heybeliada&#8217;ya Halk K\u00fct\u00fcphanesi olarak hizmet veren ve 2013 y\u0131l\u0131nda Adal\u0131lar\u0131n toplad\u0131\u011f\u0131 imzalarla yanmaktan, y\u0131k\u0131lmaktan kurtularak restorasyonuna ba\u015flanan tarih\u00ee k\u00f6\u015fk, Mill\u00ee E\u011fitim ve Halk E\u011fitim\u2019in idari bir binas\u0131na d\u00f6n\u00fc\u015ft\u00fcr\u00fcld\u00fc.<\/p>\n<p>T\u00fcrkiye\u2019deki k\u00fct\u00fcphanecilerin ve t\u00fcm Adal\u0131lar\u0131n ve \u00e7ocuklar\u0131n b\u00fcy\u00fck bir heyecanla restorasyonunun bitmesini bekledi\u011fi Heybeliada Halk K\u00fct\u00fcphanesi binas\u0131 5 y\u0131l\u0131n sonunda a\u00e7\u0131ld\u0131. Ancak k\u00fct\u00fcphane olarak de\u011fil!<\/p>\n<p>2014\u2019te K\u00fclt\u00fcr Bakanl\u0131\u011f\u0131 buray\u0131 Ada halk\u0131n\u0131n deste\u011fiyle \u00f6rnek bir k\u00fct\u00fcphane olarak a\u00e7ma s\u00f6z\u00fc vermi\u015fti. \u0130stanbul Valisi \u2018Ben k\u00fct\u00fcphane kapatan Vali olamam\u2019 demi\u015fti. 2016\u2019da T\u00fcrkiye B\u00fcy\u00fck Millet Meclisi\u2019nde binan\u0131n kullan\u0131m amac\u0131n\u0131 sorgulayan iki soru \u00f6nergesi verilmi\u015fti. \u2018Heybeliada 2018\u2019e de K\u00fct\u00fcphanesiz Girmesin\u2019 slogan\u0131yla Change.org\u2019da ba\u015flat\u0131lan kampanyada 10 bin imza toplanm\u0131\u015ft\u0131. Maltepe \u00dcniversitesi Adada bir sosyolojik ara\u015ft\u0131rma ger\u00e7ekle\u015ftirmi\u015f, bu ihtiyac\u0131 bilimsel olarak kan\u0131tlam\u0131\u015ft\u0131. T\u00fcrk K\u00fct\u00fcphaneciler Derne\u011fi bir bisiklet turu d\u00fczenlemi\u015f, bina \u00f6n\u00fcnde toplu olarak kitap okuyarak bu talebe dikkat \u00e7ekmi\u015fti. Son olarak Heybeliada \u0130lkokul ve ortaokul \u00f6\u011frenci velileri kendi aralar\u0131nda 300 imza toplayarak Kaymakam\u2019a g\u00f6t\u00fcrd\u00fc ve \u00e7ocuklar\u0131n\u0131n bu k\u00fct\u00fcphaneye ihtiyac\u0131 oldu\u011funu iletti.<\/p>\n<p>2013 y\u0131l\u0131ndan itibaren konunun muhatab\u0131 olan t\u00fcm kurum ve kurulu\u015flarla toplant\u0131lar d\u00fczenleyen, y\u00fczlerce ki\u015finin kat\u0131ld\u0131\u011f\u0131 etkinliklerle Adadaki bu ihtiyac\u0131 a\u00e7\u0131k\u00e7a ortaya koyan Heybeliada Halk K\u00fct\u00fcphanesini Koruma Derne\u011fi olarak bu m\u00fccadelemizden vazge\u00e7miyoruz. Eninde sonunda Heybeliada\u2019n\u0131n bir k\u00fct\u00fcphanesi olacak!<\/p>\n<p>\u201cHeybeliada\u2019da K\u00fct\u00fcphaneye Ne Gerek Var!\u201d anlam\u0131na gelen bu yeni durumu kabul etmiyor ve \u201cHeybeliada\u2019n\u0131n K\u00fct\u00fcphaneye \u0130htiyac\u0131 Var!\u201d demeye devam ediyoruz, \u0131srarla da edece\u011fiz.<\/p>\n<p><strong>Heybeliada Halk K\u00fct\u00fcphanesini Koruma Derne\u011fi\u00a0<\/strong><\/p>\n","protected":false},"excerpt":{"rendered":"<p>&nbsp; 44 y\u0131l boyunca Heybeliada&#8217;ya Halk K\u00fct\u00fcphanesi olarak hizmet veren ve 2013 y\u0131l\u0131nda Adal\u0131lar\u0131n toplad\u0131\u011f\u0131 imzalarla yanmaktan, y\u0131k\u0131lmaktan kurtularak restorasyonuna ba\u015flanan tarih\u00ee k\u00f6\u015fk, Mill\u00ee E\u011fitim ve Halk E\u011fitim\u2019in idari bir binas\u0131na d\u00f6n\u00fc\u015ft\u00fcr\u00fcld\u00fc. T\u00fcrkiye\u2019deki k\u00fct\u00fcphanecilerin ve t\u00fcm Adal\u0131lar\u0131n ve \u00e7ocuklar\u0131n b\u00fcy\u00fck bir heyecanla restorasyonunun bitmesini bekledi\u011fi Heybeliada Halk K\u00fct\u00fcphanesi binas\u0131 5 y\u0131l\u0131n sonunda a\u00e7\u0131ld\u0131. Ancak k\u00fct\u00fcphane &hellip;<\/p>\n","protected":false},"author":1,"featured_media":4786,"comment_status":"open","ping_status":"open","sticky":false,"template":"","format":"standard","meta":{"_monsterinsights_skip_tracking":false,"_monsterinsights_sitenote_active":false,"_monsterinsights_sitenote_note":"","_monsterinsights_sitenote_category":0},"categories":[45,102,17,83],"tags":[],"_links":{"self":[{"href":"https:\/\/dokuzadabirdeniz.com\/index.php?rest_route=\/wp\/v2\/posts\/4785"}],"collection":[{"href":"https:\/\/dokuzadabirdeniz.com\/index.php?rest_route=\/wp\/v2\/posts"}],"about":[{"href":"https:\/\/dokuzadabirdeniz.com\/index.php?rest_route=\/wp\/v2\/types\/post"}],"author":[{"embeddable":true,"href":"https:\/\/dokuzadabirdeniz.com\/index.php?rest_route=\/wp\/v2\/users\/1"}],"replies":[{"embeddable":true,"href":"https:\/\/dokuzadabirdeniz.com\/index.php?rest_route=%2Fwp%2Fv2%2Fcomments&post=4785"}],"version-history":[{"count":1,"href":"https:\/\/dokuzadabirdeniz.com\/index.php?rest_route=\/wp\/v2\/posts\/4785\/revisions"}],"predecessor-version":[{"id":4787,"href":"https:\/\/dokuzadabirdeniz.com\/index.php?rest_route=\/wp\/v2\/posts\/4785\/revisions\/4787"}],"wp:featuredmedia":[{"embeddable":true,"href":"https:\/\/dokuzadabirdeniz.com\/index.php?rest_route=\/wp\/v2\/media\/4786"}],"wp:attachment":[{"href":"https:\/\/dokuzadabirdeniz.com\/index.php?rest_route=%2Fwp%2Fv2%2Fmedia&parent=4785"}],"wp:term":[{"taxonomy":"category","embeddable":true,"href":"https:\/\/dokuzadabirdeniz.com\/index.php?rest_route=%2Fwp%2Fv2%2Fcategories&post=4785"},{"taxonomy":"post_tag","embeddable":true,"href":"https:\/\/dokuzadabirdeniz.com\/index.php?rest_route=%2Fwp%2Fv2%2Ftags&post=4785"}],"curies":[{"name":"wp","href":"https:\/\/api.w.org\/{rel}","templated":true}]}}