{"id":4745,"date":"2019-09-10T00:11:51","date_gmt":"2019-09-09T21:11:51","guid":{"rendered":"http:\/\/dokuzadabirdeniz.com\/?p=4745"},"modified":"2019-09-30T02:29:49","modified_gmt":"2019-09-29T23:29:49","slug":"adalar-ulasim-calistayinin-ardindan","status":"publish","type":"post","link":"https:\/\/dokuzadabirdeniz.com\/?p=4745","title":{"rendered":"Adalar Ula\u015f\u0131m \u00c7al\u0131\u015ftay\u0131&#8217;n\u0131n ard\u0131ndan&#8230;"},"content":{"rendered":"<header class=\"header btClear extralarge btDash bottomDash\">\n<div class=\"dash\">\n<p><strong><span class=\"headline\">Burak \u00d6zg\u00fcner<\/span><\/strong><\/p>\n<\/div>\n<\/header>\n<div class=\"btArticleExcerpt\">A\u011fustos ay\u0131 sonunda\u00a0\u0130stanbul B\u00fcy\u00fck\u015fehir Belediyesi (\u0130BB) ve Adalar Belediyesi, B\u00fcy\u00fckada\u2019da \u201cAdalar Ula\u015f\u0131m \u00c7al\u0131\u015ftay\u0131\u201d d\u00fczenledi. \u00c7al\u0131\u015ftaydaki \u201cHayvan haklar\u0131 ve \u00e7evre\u201d ba\u015fl\u0131kl\u0131 \u00e7al\u0131\u015fma grubunda, hayvan haklar\u0131 savunucular\u0131 ve faytoncular ile faytoncu yanda\u015flar\u0131 s\u0131k s\u0131k kar\u015f\u0131 kar\u015f\u0131ya geldi. \u00c7al\u0131\u015ftay\u0131n ard\u0131ndan, hayvan haklar\u0131, do\u011fa ve ya\u015fam savunucusu \u00f6rg\u00fctler ortak bir bildiri yay\u0131nlayarak \u00e7al\u0131\u015ftay\u0131n kendileri i\u00e7in \u201ch\u00fck\u00fcms\u00fcz\u201d oldu\u011funu a\u00e7\u0131klad\u0131. Hayvan haklar\u0131 \u00f6rg\u00fctleri, \u0130BB Ba\u015fkan\u0131 Ekrem \u0130mamo\u011flu\u2019nu verdi\u011fi s\u00f6z\u00fcn\u00fc tutarak atl\u0131 faytonlar\u0131 tamamen kald\u0131rmaya \u00e7a\u011f\u0131rd\u0131.<\/div>\n<div class=\"btArticleBody portfolioBody btTextLeft\">\n<div id=\"essb_displayed_top_1872077431\" class=\"essb_links essb_counters essb_displayed_top essb_share essb_template_default4-retina essb_1872077431 print-no\" data-essb-postid=\"41897\" data-essb-position=\"top\" data-essb-button-style=\"icon\" data-essb-template=\"default4-retina\" data-essb-counter-pos=\"hidden\" data-essb-url=\"http:\/\/www.sivilsayfalar.org\/2019\/09\/06\/adalar-ulasim-calistayinda-faytonlardaki-zulum-ve-olumler-yok-sayildi\/\" data-essb-twitter-url=\"http:\/\/www.sivilsayfalar.org\/2019\/09\/06\/adalar-ulasim-calistayinda-faytonlardaki-zulum-ve-olumler-yok-sayildi\/\" data-essb-instance=\"1872077431\"><\/div>\n<p><img class=\"lazyloading alignleft\" src=\"http:\/\/www.sivilsayfalar.org\/wp-content\/uploads\/2019\/09\/Ekran-Al%C4%B1nt%C4%B1s%C4%B1-5.jpg\" alt=\"Ekran-Al\u0131nt\u0131s\u0131-5.jpg\" data-was-processed=\"true\" \/>\u0130stanbul Adalar\u2019\u0131n faytonlarda \u00e7al\u0131\u015ft\u0131r\u0131lan atlara y\u00f6nelik zul\u00fcm ve trafik kaosu uzun y\u0131llard\u0131r \u00e7\u00f6z\u00fclemiyor. Faytonlarda kullan\u0131lan atlar, \u00e7al\u0131\u015ft\u0131r\u0131l\u0131rken sistematik olarak yaralan\u0131p hayat\u0131n\u0131 kaybederken son y\u0131llarda Adalar\u2019da g\u00fcn ge\u00e7tik\u00e7e say\u0131lar\u0131 artan ak\u00fcl\u00fc arabalar ve kontrols\u00fczce kiralanan bisikletler nedeniyle atlarla birlikte insanlar da kazalarda ya\u015fam\u0131n\u0131 yitirmeye ba\u015flad\u0131; yayalar ise sokakta y\u00fcr\u00fcyemeyecek duruma geldi. Adalar\u2019\u0131n trafik kaosunu \u00e7\u00f6z\u00fcme kavu\u015fturmak i\u00e7in t\u00fcm taraflar\u0131n \u00e7\u00f6z\u00fcm \u00f6nerilerini derlemek ve de\u011ferlendirmek i\u00e7in, \u0130stanbul B\u00fcy\u00fck\u015fehir Belediyesi ve Adalar Belediyesi i\u015fbirli\u011fi ile \u201cAdalar Ula\u015f\u0131m \u00c7al\u0131\u015ftay\u0131\u201d d\u00fczenlendi. \u00c7al\u0131\u015ftayda, \u00e7al\u0131\u015fma gruplar\u0131 alt\u0131 temel ba\u015fl\u0131k alt\u0131nda olu\u015fturulmu\u015ftu: Ada i\u00e7i toplu ula\u015f\u0131m; yaya ula\u015f\u0131m\u0131, bisiklet ve ak\u00fcl\u00fc ara\u00e7 kullan\u0131m\u0131; hayvan haklar\u0131 ve \u00e7evre; Adalar lojistik sistemleri; adalar aras\u0131 ve anakaraya ula\u015f\u0131m; turizm ve rekreasyon\u2026<\/p>\n<p><b>Erdem G\u00fcl: Fayton meselemizi de tart\u0131\u015fmal\u0131y\u0131z<\/b><\/p>\n<p>\u00c7al\u0131\u015ftay\u0131n a\u00e7\u0131l\u0131\u015f\u0131nda, Adalar Belediye Ba\u015fkan\u0131 Erdem G\u00fcl \u015f\u00f6yle konu\u015ftu: \u201cBenim g\u00f6nl\u00fcm \u00f6nceli\u011fin yayada olmas\u0131 en az\u0131ndan b\u00fcy\u00fck b\u00f6l\u00fcm\u00fcnde y\u00fcr\u00fcme y\u00fcr\u00fcy\u00fc\u015f ve yaya k\u00fclt\u00fcr\u00fcn\u00fcn geli\u015ftirilmesinden yana. Ada i\u00e7i ula\u015f\u0131m meselesi \u00e7ok yo\u011fun hararetli kimi zaman kar\u015f\u0131 kar\u015f\u0131ya gelecek \u015fekilde tart\u0131\u015fmak zorunday\u0131z. Fayton meselemizi de tart\u0131\u015fmak zorunday\u0131z, fiili durum haline gelmi\u015f ak\u00fcl\u00fc ara\u00e7lar meselesini de tart\u0131\u015fmak zorunday\u0131z ve bisiklet konusunu da tart\u0131\u015fmak zorunday\u0131z. Ada\u2019da ula\u015f\u0131m konusunda bug\u00fcn ba\u015flayal\u0131m; \u015feklini, format\u0131n\u0131 beraber tespit edelim ama \u00e7ok da meseleyi uzatmadan art\u0131k, bundan sonraki sezonlara biraz daha rahatlam\u0131\u015f ve yayan\u0131n \u00f6ne ge\u00e7ti\u011fi bir ula\u015f\u0131m sistemini Adalar\u2019da olu\u015ftural\u0131m\u201d<\/p>\n<p><b><\/b>\u00c7al\u0131\u015ftaydan sonra, <a href=\"https:\/\/www.sozcu.com.tr\/2019\/gundem\/baskan-gulden-adalardaki-atli-faytonlarla-ilgili-dikkat-ceken-aciklama-5306308\/\">S\u00f6zc\u00fc gazetesinden Fatma Vurgun\u2019a konu\u015fan<\/a> Erdem G\u00fcl, faytonlar\u0131n tamamen kald\u0131r\u0131lmayaca\u011f\u0131n\u0131 duyurdu: \u201cKalkacak diyemeyiz ama bu sorun \u00e7\u00f6z\u00fclecek. Fayton \u015fu an yasal bir ta\u015f\u0131ma arac\u0131. Bu konuyu faytoncular\u0131n, halk\u0131n, STK\u2019lar\u0131n ve belediyenin de i\u00e7inde oldu\u011fu bir \u015fekilde en uygun \u015fekilde \u00e7\u00f6z\u00fcm bulaca\u011f\u0131z. Bu konu hayvanlara eziyet a\u00e7\u0131s\u0131ndan da tart\u0131\u015f\u0131l\u0131yor. Bizim asla b\u00f6yle bir \u015feye izin vermemiz m\u00fcmk\u00fcn de\u011fildir. Hayvanlara eziyet edilmedi\u011fi, ezilmeyece\u011fi bir d\u00fcnyada ya\u015famak istiyoruz. Bu konuda erteleyici de\u011filiz. \u0130nsana eziyet edilmedi\u011fi gibi hayvana da eziyet edilemez\u201d<\/p>\n<p><b><\/b>\u0130stanbul B\u00fcy\u00fck\u015fehir Belediye Ba\u015fkan\u0131 Ekrem \u0130mamo\u011flu ise se\u00e7ilmeden \u00f6nce faytonlar\u0131n kald\u0131r\u0131laca\u011f\u0131 y\u00f6n\u00fcnde bas\u0131na beyanlar vermi\u015f; faytonlar\u0131n tamamen kald\u0131r\u0131lmas\u0131n\u0131 da i\u00e7eren, Hayvan Haklar\u0131 Yasama \u0130zleme Delegasyonu\u2019nun \u201cS\u00f6z Veriyorum\u201d taahh\u00fctnamesini imzalam\u0131\u015ft\u0131. Hayvan haklar\u0131na duyarl\u0131 yurtta\u015flar, \u0130mamo\u011flu\u2019nun verdi\u011fi s\u00f6z\u00fc tutarak atl\u0131 faytonlar\u0131 tamamen kald\u0131rmas\u0131n\u0131 ve faytonlarda \u00e7al\u0131\u015ft\u0131r\u0131lan atlar\u0131n ya\u015fam haklar\u0131n\u0131n g\u00fcvence alt\u0131na al\u0131narak g\u00fcvenli, \u015fiddetsiz ve \u00f6zg\u00fcr olacaklar\u0131 alanlarda ya\u015fat\u0131lmalar\u0131n\u0131 bekliyor.<\/p>\n<p>\u00c7al\u0131\u015ftaya tam olarak kat\u0131l\u0131m sa\u011flanamad\u0131\u011f\u0131 y\u00f6n\u00fcnde \u00e7al\u0131\u015ftay organizasyonuna ele\u015ftiriler getiren Adal\u0131lar ise ikiye b\u00f6l\u00fcnm\u00fc\u015f durumda. Bir k\u0131s\u0131m Adal\u0131, faytonlar\u0131n Adalar\u2019\u0131n simgesi oldu\u011fu, turizme katk\u0131da bulundu\u011fu ve nostaljik bir \u201cula\u015f\u0131m arac\u0131\u201d oldu\u011fu gerek\u00e7eleriyle faytonlar\u0131 savunurken bir k\u0131s\u0131m Adal\u0131 ise hayvan haklar\u0131 ktivistleri ile ayn\u0131 g\u00f6r\u00fc\u015fte. Hayvan haklar\u0131 aktivistleri de faytonlar\u0131 savunan Adal\u0131lar\u2019a tepkili. Aktivistler, zulm\u00fcn, k\u00f6leli\u011fin, tahakk\u00fcm\u00fcn \u201cinsan\u00ee\u201dsinin olamayaca\u011f\u0131n\u0131 d\u00fc\u015f\u00fcn\u00fcyor.<\/p>\n<p><b>\u201c2019\u2019un \u0130lk 8 Ay\u0131nda Sadece B\u00fcy\u00fckada\u2019da 150\u2019yi A\u015fk\u0131n At Fayton Turizmi Sonucunda \u00d6ld\u00fc\u201d<\/b><\/p>\n<p>\u00c7al\u0131\u015ftaya davet edilmeyen ve kat\u0131lmayan Adalar Savunmas\u0131, \u00e7al\u0131\u015ftaydan bir g\u00fcn \u00f6nce faytonlardaki at \u00f6l\u00fcmlerini \u015f\u00f6yle duyurdu: \u201c2019\u2019un ilk 8 ay\u0131nda sadece B\u00fcy\u00fckada\u2019da 150\u2019yi a\u015fk\u0131n at fayton turizmi sonucunda \u00f6ld\u00fcr\u00fcld\u00fc! Adalar\u2019daki ya\u015fam\u0131n b\u00fct\u00fcn\u00fcne dair bir yakla\u015f\u0131m i\u00e7ermeyen ve sonu\u00e7lar\u0131 \u00f6nceden tasarlanm\u0131\u015f t\u00fcm \u00e7al\u0131\u015ftay ve toplant\u0131larda oldu\u011fu gibi yar\u0131n d\u00fczenlenecek olan da bu ger\u00e7e\u011fi de\u011fi\u015ftirmeyecek!\u201d<\/p>\n<div class=\"SandboxRoot env-bp-350\" data-twitter-event-id=\"0\">\n<div id=\"twitter-widget-0\" class=\"EmbeddedTweet EmbeddedTweet--cta js-clickToOpenTarget\" lang=\"tr\" data-click-to-open-target=\"https:\/\/twitter.com\/adalarsavunmasi\/status\/1166424186841178112\" data-iframe-title=\"Twitter Tweeti\" data-scribe=\"page:tweet\" data-twitter-event-id=\"1\">\n<div class=\"EmbeddedTweet-tweetContainer\">\n<div class=\"EmbeddedTweet-tweet\">\n<blockquote class=\"Tweet h-entry js-tweetIdInfo subject expanded\" cite=\"https:\/\/twitter.com\/adalarsavunmasi\/status\/1166424186841178112\" data-tweet-id=\"1166424186841178112\" data-scribe=\"section:subject\">\n<div class=\"Tweet-header\"><\/div>\n<div class=\"Tweet-body e-entry-content\" data-scribe=\"component:tweet\">\n<div class=\"Tweet-card\">\n<article class=\"MediaCard customisable-border\" dir=\"ltr\" data-scribe=\"component:card\">\n<div class=\"MediaCard-media\" data-scribe=\"element:photo\">\n<div class=\"MediaCard-widthConstraint js-cspForcedStyle\" data-style=\"max-width: 598px\">\n<div class=\"MediaCard-mediaContainer js-cspForcedStyle MediaCard--roundedTop MediaCard--roundedBottom\" data-style=\"padding-bottom: 60.5351%\"><a class=\"MediaCard-mediaAsset NaturalImage\" href=\"https:\/\/twitter.com\/adalarsavunmasi\/status\/1166424186841178112\/photo\/1\"><img loading=\"lazy\" class=\"NaturalImage-image alignleft\" title=\"Resmi Twitter'da g\u00f6r\u00fcnt\u00fcle\" src=\"https:\/\/pbs.twimg.com\/media\/EC_4nR0X4AAkfOB?format=jpg&amp;name=small\" alt=\"Resmi Twitter'da g\u00f6r\u00fcnt\u00fcle\" width=\"598\" height=\"362\" data-image=\"https:\/\/pbs.twimg.com\/media\/EC_4nR0X4AAkfOB\" data-image-format=\"jpg\" \/><\/a><\/div>\n<\/div>\n<\/div>\n<\/article>\n<\/div>\n<div class=\"TweetInfo\"><\/div>\n<\/div>\n<\/blockquote>\n<\/div>\n<\/div>\n<\/div>\n<\/div>\n<p><b>Fayton Adalar\u2019\u0131n Sembol\u00fc Olsa Bile Atlara Yap\u0131lan Bu Eziyeti Mazur G\u00f6sterir Mi?<\/b><\/p>\n<p>Heybeliada\u2019da ya\u015fayan Abdullah Onay, <a href=\"http:\/\/dokuzadabirdeniz.com\/?p=3882\">Adalar Ger\u00e7ek gazetesine verdi\u011fi beyanatta<\/a>\u00a0\u00f6nemli bir soru soruyor: \u201cFayton, Adalar tarihi ile birlikte var olmu\u015f bir olgu de\u011fil. 19. y\u00fczy\u0131l sonlar\u0131nda Adalar\u2019a gelmi\u015f, K\u0131nal\u0131ada\u2019da fayton olmad\u0131\u011f\u0131n\u0131 da unutmayal\u0131m. Fayton, niye Ada\u2019n\u0131n sembol\u00fc olsun. Mesela daha Adalar\u2019a uygun mart\u0131 niye olmas\u0131n? Hem velev ki sembol; atlara bu yap\u0131lan bu eziyeti mazur g\u00f6sterir mi?\u201d<\/p>\n<p>Ada sakinlerinden Abdullah Onay \u015f\u00f6yle devam ediyor: \u201cTart\u0131\u015fma \u00f6yle bir manip\u00fcle edildi ki, faytona kar\u015f\u0131 \u00e7\u0131kanlar\u0131n Adalar\u2019\u0131 ranta a\u00e7acak lobilere \u00e7al\u0131\u015ft\u0131\u011f\u0131ndan tutun da sa\u00e7ma sapan bir y\u0131\u011f\u0131n yalan yayd\u0131lar. At \u00f6l\u00fcmlerini faytoncular bile kabul ederken, sorunlar\u0131 inkar etmezken, bunlar, hayallerinde yaratt\u0131klar\u0131 yelde\u011firmenlere sava\u015f a\u00e7t\u0131lar. \u2018Adalar\u2019da motorlu ta\u015f\u0131t istemiyoruz\u2019 sloganlar\u0131 da bu ger\u00e7e\u011fin inkar\u0131na dayanan bo\u015f laflardan biriydi. Adalar\u2019da motorlu ta\u015f\u0131t da var haddinden fazla, say\u0131lar\u0131 y\u00fczlerce olan elektrik ile \u00e7al\u0131\u015ft\u0131\u011f\u0131 i\u00e7in \u2018motor\u2019unu g\u00f6remedikleri ak\u00fcl\u00fc ara\u00e7 da. \u00c7\u00f6z\u00fcme dair tek \u00f6nerileri, 50-60 y\u0131l \u00f6ncesine d\u00f6nmekten ba\u015fka bir \u015fey de\u011fil\u201d<\/p>\n<p><b>\u201cBu Kadar Can Kayb\u0131n\u0131n Ya\u015fand\u0131\u011f\u0131 Bir Yerde Nostaljiden Bahsetmek Utan\u00e7 Verici\u201d<\/b><\/p>\n<p>\u00c7al\u0131\u015ftayda, faytonculuk nedeniyle hayat\u0131n\u0131 kaybeden atlar\u0131n say\u0131s\u0131na dair bir istatistik payla\u015f\u0131lmasa da Adalar\u2019da her sene y\u00fczlerce at\u0131n ya\u015fam\u0131n\u0131 yitirdi\u011fi biliniyor. Bu konuda farkl\u0131 veriler payla\u015f\u0131l\u0131yor. B\u00fcy\u00fckada\u2019da \u00e7\u0131kan ve 9 at\u0131n \u00f6ld\u00fc\u011f\u00fc yang\u0131na ili\u015fkin, ka\u00e7ak elektrik hatt\u0131n\u0131 d\u00f6\u015feyen ah\u0131r sahibinin \u201ctaksirle yang\u0131na neden olma\u201d su\u00e7undan 1 y\u0131la kadar hapis cezas\u0131 istemiyle yarg\u0131land\u0131\u011f\u0131 duru\u015fmadan sonra konu\u015fan Faytona Binme Atlar \u00d6l\u00fcyor \u0130nisiyatifi S\u00f6zc\u00fcs\u00fc Elif Ert\u00fcrk, \u00f6zellikle son iki sene at \u00f6l\u00fcmlerinin daha da artt\u0131\u011f\u0131n\u0131n bilgisini veriyor: \u201cY\u0131lda 400 tane at \u00f6l\u00fcyordu, bu say\u0131 2019 y\u0131l\u0131nda ikiye katlanm\u0131\u015f durumda. Y\u0131lda 800 at ya\u015fam\u0131n\u0131 kaybediyor. Burada halen y\u00fcz y\u0131ll\u0131k nostaljimiz gibi \u015feylerden bahsediliyor. Bu kadar can kayb\u0131n\u0131n ya\u015fand\u0131\u011f\u0131 bir yerde nostaljiden bahsetmek utan\u00e7 verici bir \u015feydir, vicdans\u0131zl\u0131kt\u0131r\u201d.<\/p>\n<figure id=\"attachment_41900\" class=\"wp-caption alignright\"><img loading=\"lazy\" class=\"wp-image-41900 lazyloaded\" src=\"http:\/\/www.sivilsayfalar.org\/wp-content\/uploads\/2019\/09\/2.jpg\" sizes=\"(max-width: 384px) 100vw, 384px\" srcset=\"http:\/\/www.sivilsayfalar.org\/wp-content\/uploads\/2019\/09\/2.jpg 516w, http:\/\/www.sivilsayfalar.org\/wp-content\/uploads\/2019\/09\/2-320x320.jpg 320w\" alt=\"\" width=\"384\" height=\"254\" data-lazy-src=\"http:\/\/www.sivilsayfalar.org\/wp-content\/uploads\/2019\/09\/2.jpg\" data-lazy-srcset=\"http:\/\/www.sivilsayfalar.org\/wp-content\/uploads\/2019\/09\/2.jpg 516w, http:\/\/www.sivilsayfalar.org\/wp-content\/uploads\/2019\/09\/2-320x320.jpg 320w\" data-was-processed=\"true\" \/><figcaption class=\"wp-caption-text\">Foto\u011fraf: Aya Nikola At Ah\u0131rlar\u0131nda Durum<\/figcaption><\/figure>\n<p>Heybeliada\u2019da ya\u015fayan Abdullah Onay ise edit\u00f6r\u00fc oldu\u011fu Birikim dergisinde Temmuz 2018\u2019de kaleme ald\u0131\u011f\u0131 <a href=\"http:\/\/dokuzadabirdeniz.com\/?p=4173\">yaz\u0131da<\/a> at \u00f6l\u00fcmlerini \u015f\u00f6yle aktar\u0131yor: \u201cFaytonu savunan bir grup B\u00fcy\u00fckada\u2019da y\u0131lda 200 at \u00f6ld\u00fc\u011f\u00fcn\u00fc a\u00e7\u0131klad\u0131 y\u0131llar \u00f6nce, yani \u00fc\u00e7 g\u00fcnde bir, iki at \u00f6l\u00fcyor. Belediye ise bu say\u0131n\u0131n 400 oldu\u011funu s\u00f6yl\u00fcyor. Yine bir belediye yetkilisinden \u00e7al\u0131\u015famaz hale gelen atlar\u0131n mezbahaya gitti\u011fini, yerini bile bildiklerini bizzat duydum\u201d.<\/p>\n<p>\u00d6te yandan, faytonlara ili\u015fkin olarak, \u00e7al\u0131\u015ftayda verilen veriler \u0131\u015f\u0131\u011f\u0131nda, Adalar\u2019daki ah\u0131r kapasitesinin faytonlarda \u00e7al\u0131\u015ft\u0131r\u0131lan atlara bar\u0131nak imk\u00e2n\u0131 dahi sa\u011flayamad\u0131\u011f\u0131 s\u00f6ylenebilir. \u00c7al\u0131\u015ftayda ekrana \u201cmevcut durum\u201d ba\u015fl\u0131\u011f\u0131yla ekrana yans\u0131t\u0131lan sunumda; B\u00fcy\u00fckada\u2019da 226, Heybeliada\u2019da 30, Burgazada\u2019da ise 21 fayton bulundu\u011fu belirtildi. Yine ayn\u0131 sunumda; B\u00fcy\u00fckada\u2019da 140 fayton ve 560 at kapasiteli, Heybeliada\u2019da 30 fayton 120 at kapasiteli, Burgazada\u2019da ise 21 fayton ve 84 at kapasiteli bar\u0131nak bulundu\u011fu a\u00e7\u0131kland\u0131. Toplam 277 fayton bulundu\u011fu, ancak Adalar\u2019da, atlar i\u00e7in uygun olmayan bar\u0131naklar\u0131n da 191 fayton ve 764 at kapasitesinde oldu\u011fu belirtildi.<\/p>\n<p>TBMM Hayvan Haklar\u0131 Ara\u015ft\u0131rma Komisyonu da Adalar\u2019a, faytonlar hakk\u0131nda bir \u00e7al\u0131\u015fma ziyareti d\u00fczenlemi\u015fti. Ara\u015ft\u0131rma komisyonu \u00fcyelerine resm\u00ee makamlarca verilen veriler ile \u00e7al\u0131\u015ftaydaki veriler de birbirini tutmuyor. 2019 y\u0131l\u0131nda yap\u0131lan, zoonoz (hayvandan insana ge\u00e7ebilen) Ruam hastal\u0131\u011f\u0131na kar\u015f\u0131 yap\u0131lan taramada, Adalar\u2019daki at pop\u00fclasyonu 945 olarak kaydedilmi\u015f.<\/p>\n<figure id=\"attachment_41901\" class=\"wp-caption alignleft\"><img loading=\"lazy\" class=\"wp-image-41901 lazyloaded\" src=\"http:\/\/www.sivilsayfalar.org\/wp-content\/uploads\/2019\/09\/3-1.jpg\" sizes=\"(max-width: 355px) 100vw, 355px\" srcset=\"http:\/\/www.sivilsayfalar.org\/wp-content\/uploads\/2019\/09\/3-1.jpg 467w, http:\/\/www.sivilsayfalar.org\/wp-content\/uploads\/2019\/09\/3-1-320x266.jpg 320w\" alt=\"\" width=\"355\" height=\"202\" data-lazy-src=\"http:\/\/www.sivilsayfalar.org\/wp-content\/uploads\/2019\/09\/3-1.jpg\" data-lazy-srcset=\"http:\/\/www.sivilsayfalar.org\/wp-content\/uploads\/2019\/09\/3-1.jpg 467w, http:\/\/www.sivilsayfalar.org\/wp-content\/uploads\/2019\/09\/3-1-320x266.jpg 320w\" data-was-processed=\"true\" \/><figcaption class=\"wp-caption-text\">2019 Y\u0131l\u0131 \u0130lkbahar Ruam Taramas\u0131na<\/figcaption><figcaption class=\"wp-caption-text\">G\u00f6re Adalar\u2019da Bulunan At Say\u0131lar\u0131<\/figcaption><\/figure>\n<p><b>Ruam Hastal\u0131\u011f\u0131 Nedeniyle En Az 621 At \u00d6ld\u00fc!<\/b><\/p>\n<p>Adalar\u2019da atlardan kaynakl\u0131 olarak, toplum sa\u011fl\u0131\u011f\u0131na ciddi bir tehdit olu\u015fturan fakt\u00f6r ise Ruam hastal\u0131\u011f\u0131\u2026 \u00c7al\u0131\u015ftayda konu\u015fan, dahiliye uzman\u0131 bir veteriner hekimi profes\u00f6r, Ruam hastal\u0131\u011f\u0131n\u0131n al\u0131nan t\u00fcm tedbirlere ra\u011fmen, Adalar\u2019da engellenemedi\u011fini, Adalar\u2019a s\u00fcrekli olarak kontrols\u00fcz ve ka\u00e7ak olarak sokulan atlar\u0131n toplum sa\u011fl\u0131\u011f\u0131n\u0131 ciddi \u015fekilde tehdit etti\u011fini aktard\u0131. Profes\u00f6r veteriner hekim, hem bu a\u00e7\u0131dan hem de Ruam hastal\u0131\u011f\u0131 ta\u015f\u0131yan atlara y\u00f6nelik katliam a\u00e7\u0131s\u0131ndan, atl\u0131 faytonlar\u0131n kald\u0131r\u0131lmas\u0131 gerekti\u011fini ifade etti. Resm\u00ee kay\u0131tlara g\u00f6re, son 7 senede, Ruam nedeniyle \u00f6ld\u00fcr\u00fclen at say\u0131s\u0131, en az 621.<\/p>\n<p>\u00c7al\u0131\u015ftayda s\u00f6z alan dahiliye uzman\u0131 veteriner hekimi olan profes\u00f6r\u00fcn, belirtti\u011fi ba\u015fka bir husus ise \u00f6zellikle B\u00fcy\u00fckada\u2019daki e\u011fimin, faytonlarda \u00e7al\u0131\u015ft\u0131r\u0131lan atlar i\u00e7in kesinlikle uygun olmad\u0131\u011f\u0131 idi. Profes\u00f6r, faytonculuk yap\u0131lan yerlerdeki e\u011fimin en fazla 7 derece olmas\u0131 gerekti\u011fini aktard\u0131. Ancak \u00f6zellikle B\u00fcy\u00fckada\u2019daki e\u011fim, bu oran\u0131n \u00e7ok \u00fcst\u00fcnde. Bu bilimsel veriyi aktaran veteriner hekim, B\u00fcy\u00fckada\u2019n\u0131n topografik yap\u0131s\u0131 nedeniyle de atl\u0131 faytonlar\u0131n kald\u0131r\u0131lmas\u0131 gerekti\u011fini vurgulad\u0131.<\/p>\n<p><b>Atlara Y\u00f6nelik Zul\u00fcm Ve \u00d6l\u00fcmler, Denetim \u0130le Engellenebilir Mi?<\/b><\/p>\n<p>Hayvanlar\u0131 Koruma Kanunu, 2004 y\u0131l\u0131ndan beri y\u00fcr\u00fcrl\u00fckte; hayvan refah\u0131n\u0131 ilgilendiren Veteriner Hizmetleri, Bitki Sa\u011fl\u0131\u011f\u0131, G\u0131da ve Yem Kanunu ise 2010\u2019dan beri y\u00fcr\u00fcrl\u00fckte. Faytonlarla ilgili y\u00f6netmelik ise 2005 y\u0131l\u0131nda yerelde kabul edilmi\u015f. T\u00fcm bu mevzuat\u0131n varl\u0131\u011f\u0131 ile ne denetim sa\u011flanabilmi\u015f ne de atlara y\u00f6nelik zul\u00fcm ve \u00f6l\u00fcmler engellenebilmi\u015f. Hayvan haklar\u0131 savunucular\u0131, atlara y\u00f6nelik zulm\u00fcn ve \u00f6l\u00fcmlerin, denetimler ile engellenemeyece\u011fi g\u00f6r\u00fc\u015f\u00fcnde. Haks\u0131z da say\u0131lmazlar \u00e7\u00fcnk\u00fc 2017 ve 2018 y\u0131llar\u0131nda, Adalar\u2019da atlara y\u00f6nelik zul\u00fcm nedeniyle sadece 28 \u015fahsa para cezas\u0131 uygulanm\u0131\u015f. (Sivil Sayfalar)<\/p>\n<\/div>\n","protected":false},"excerpt":{"rendered":"<p>Burak \u00d6zg\u00fcner A\u011fustos ay\u0131 sonunda\u00a0\u0130stanbul B\u00fcy\u00fck\u015fehir Belediyesi (\u0130BB) ve Adalar Belediyesi, B\u00fcy\u00fckada\u2019da \u201cAdalar Ula\u015f\u0131m \u00c7al\u0131\u015ftay\u0131\u201d d\u00fczenledi. \u00c7al\u0131\u015ftaydaki \u201cHayvan haklar\u0131 ve \u00e7evre\u201d ba\u015fl\u0131kl\u0131 \u00e7al\u0131\u015fma grubunda, hayvan haklar\u0131 savunucular\u0131 ve faytoncular ile faytoncu yanda\u015flar\u0131 s\u0131k s\u0131k kar\u015f\u0131 kar\u015f\u0131ya geldi. \u00c7al\u0131\u015ftay\u0131n ard\u0131ndan, hayvan haklar\u0131, do\u011fa ve ya\u015fam savunucusu \u00f6rg\u00fctler ortak bir bildiri yay\u0131nlayarak \u00e7al\u0131\u015ftay\u0131n kendileri i\u00e7in \u201ch\u00fck\u00fcms\u00fcz\u201d oldu\u011funu &hellip;<\/p>\n","protected":false},"author":1,"featured_media":4746,"comment_status":"open","ping_status":"open","sticky":false,"template":"","format":"standard","meta":{"_monsterinsights_skip_tracking":false,"_monsterinsights_sitenote_active":false,"_monsterinsights_sitenote_note":"","_monsterinsights_sitenote_category":0},"categories":[102,132,83,14],"tags":[],"_links":{"self":[{"href":"https:\/\/dokuzadabirdeniz.com\/index.php?rest_route=\/wp\/v2\/posts\/4745"}],"collection":[{"href":"https:\/\/dokuzadabirdeniz.com\/index.php?rest_route=\/wp\/v2\/posts"}],"about":[{"href":"https:\/\/dokuzadabirdeniz.com\/index.php?rest_route=\/wp\/v2\/types\/post"}],"author":[{"embeddable":true,"href":"https:\/\/dokuzadabirdeniz.com\/index.php?rest_route=\/wp\/v2\/users\/1"}],"replies":[{"embeddable":true,"href":"https:\/\/dokuzadabirdeniz.com\/index.php?rest_route=%2Fwp%2Fv2%2Fcomments&post=4745"}],"version-history":[{"count":4,"href":"https:\/\/dokuzadabirdeniz.com\/index.php?rest_route=\/wp\/v2\/posts\/4745\/revisions"}],"predecessor-version":[{"id":4754,"href":"https:\/\/dokuzadabirdeniz.com\/index.php?rest_route=\/wp\/v2\/posts\/4745\/revisions\/4754"}],"wp:featuredmedia":[{"embeddable":true,"href":"https:\/\/dokuzadabirdeniz.com\/index.php?rest_route=\/wp\/v2\/media\/4746"}],"wp:attachment":[{"href":"https:\/\/dokuzadabirdeniz.com\/index.php?rest_route=%2Fwp%2Fv2%2Fmedia&parent=4745"}],"wp:term":[{"taxonomy":"category","embeddable":true,"href":"https:\/\/dokuzadabirdeniz.com\/index.php?rest_route=%2Fwp%2Fv2%2Fcategories&post=4745"},{"taxonomy":"post_tag","embeddable":true,"href":"https:\/\/dokuzadabirdeniz.com\/index.php?rest_route=%2Fwp%2Fv2%2Ftags&post=4745"}],"curies":[{"name":"wp","href":"https:\/\/api.w.org\/{rel}","templated":true}]}}