{"id":4698,"date":"2019-09-25T02:09:54","date_gmt":"2019-09-24T23:09:54","guid":{"rendered":"http:\/\/dokuzadabirdeniz.com\/?p=4698"},"modified":"2019-09-30T02:28:53","modified_gmt":"2019-09-29T23:28:53","slug":"gencler-iklim-krizine-karsi-birlesti-buyuklere-sormadan-bu-karari-veriyoruz-isyan-basladi","status":"publish","type":"post","link":"https:\/\/dokuzadabirdeniz.com\/?p=4698","title":{"rendered":"Gen\u00e7ler iklim krizine kar\u015f\u0131 birle\u015fti: B\u00fcy\u00fcklere sormadan bu karar\u0131 veriyoruz, isyan ba\u015flad\u0131"},"content":{"rendered":"<p>(KOSMedya \u2013 21 Eyl\u00fcl 2019)<\/p>\n<p><i>20 Eyl\u00fcl \u00fc\u00e7\u00fcnc\u00fc k\u00fcresel iklim grevi d\u00fcnya \u00e7ap\u0131nda iklim krizine kar\u015f\u0131 acil ve somut \u00f6nlemler al\u0131nmas\u0131 i\u00e7in ger\u00e7ekle\u015ftirilen \u015fu ana kadarki en b\u00fcy\u00fck iklim grevi oldu. T\u00fcrkiye\u2019de de Friday\u2019s for Future (Gelecek i\u00e7in Cuma\u2019lar) ve S\u0131f\u0131r Gelecek hareketinin \u00e7a\u011fr\u0131s\u0131n\u0131 yapt\u0131\u011f\u0131 iklim grevleri \u0130stanbul dahil 20\u2019den fazla noktada ger\u00e7ekle\u015fti.\u00a0T\u00fcrkiye\u2019de 20 \u015fehirden 10 bin ki\u015fi sokaklara \u00e7\u0131kt\u0131, 40 bine yak\u0131n \u00f6\u011frenci okullar\u0131nda grev yapt\u0131<\/i><\/p>\n<p>\u0130sve\u00e7li \u00f6\u011frenci Greta Thunberg\u2019in 2018 A\u011fustos ay\u0131nda ba\u015flatt\u0131\u011f\u0131 \u2018iklim i\u00e7in okul grevleri\u2019 t\u00fcm d\u00fcnyaya yay\u0131lm\u0131\u015f durumda. Art\u0131k topyek\u00fcn bir ekolojik krizin par\u00e7as\u0131 oldu\u011funu g\u00f6rd\u00fc\u011f\u00fcm\u00fcz iklim krizine i\u00e7in acil ve somut \u00f6nlemler almayan h\u00fck\u00fcmetlere kar\u015f\u0131 gen\u00e7ler d\u00fcnya \u00e7ap\u0131nda aya\u011fa kalk\u0131yor, onlara b\u0131rak\u0131lan miras\u0131 reddedip, geleceklerini de\u011fi\u015ftirmek istiyorlar.<\/p>\n<p>\u015eu ana kadar iklim krizine dikkat \u00e7ekmek i\u00e7in 15 Mart ve 24 May\u0131s tarihlerinde iki b\u00fcy\u00fck k\u00fcresel iklim grevi ger\u00e7ekle\u015ftirildi. Bu grevlere onlarca \u00fclkeden toplam 2 milyondan fazla gen\u00e7 eylemci kat\u0131ld\u0131. D\u00fcn de 20 Eyl\u00fcl i\u00e7in k\u00fcresel iklim grevi \u00e7a\u011fr\u0131s\u0131 yap\u0131lm\u0131\u015ft\u0131. Bu sene gen\u00e7lere ek olarak, yeti\u015fkinler de 20-27 Eyl\u00fcl tarihlerinde greve \u00e7\u0131k\u0131yorlar.<\/p>\n<p>23 Eyl\u00fcl\u2019de ger\u00e7ekle\u015fecek BM \u0130klim Zirvesi \u00f6ncesinde ger\u00e7ekle\u015ftirilen 20 Eyl\u00fcl\u2019deki iklim grevlerine 163 \u00fclkede 4 milyonun \u00fczerinde ki\u015fi kat\u0131ld\u0131.<\/p>\n<p><b>\u201c\u0130klim Acil Durumu Hemen \u015eimdi!\u201d<\/b><\/p>\n<p>\u0130klim krizine kar\u015f\u0131 somut ad\u0131mlar\u0131n at\u0131lmas\u0131 ve iklim acil durumu ilan edilmesi talebiyle T\u00fcrkiye\u2019de \u201cS\u0131f\u0131r Gelecek\u201d kampanyas\u0131 ad\u0131 alt\u0131nda bir araya gelen ekoloji ve \u00e7evre \u00f6rg\u00fctleri, sivil toplum kurulu\u015flar\u0131 ve demokratik kitle \u00f6rg\u00fctleri 20 Eyl\u00fcl K\u00fcresel \u0130klim grevinde \u0130stanbul, Kad\u0131k\u00f6y\u2019e \u00e7a\u011fr\u0131 yapm\u0131\u015ft\u0131.<\/p>\n<p>D\u00fcn \u0130stanbul\u2019daki iklim grevi ya\u011fmur alt\u0131nda Kad\u0131k\u00f6y \u0130skele Meydan\u0131\u2019nda ba\u015flad\u0131. \u00c7o\u011funlu\u011fu \u00f6\u011frenci 3 binden fazla ki\u015finin kat\u0131ld\u0131\u011f\u0131 eylemde 10\u2019dan geriye sayd\u0131ktan sonra \u201cs\u0131f\u0131r karbon\u201d slogan\u0131 at\u0131ld\u0131, hep bir a\u011f\u0131zdan \u201c\u015firketleri de\u011fil gezegeni kurtar\u201d denildi.<\/p>\n<p><b>Sarrafo\u011flu: \u201cGezegenimiz yan\u0131yor, bilimin arkas\u0131nda birle\u015felim\u201d<\/b><\/p>\n<p>Fridays for Future \u2013 Gelecek i\u00e7in Cumalar hareket ad\u0131na konu\u015fmay\u0131 T\u00fcrkiye\u2019deki iklim grevlerinin ilk \u00e7a\u011fr\u0131s\u0131n\u0131 yapan Atlas Sarrafo\u011flu ger\u00e7ekle\u015ftirdi. Fosil yak\u0131tlar\u0131n kullan\u0131lmamas\u0131n\u0131, TBMM\u2019nin Paris \u0130klim Antla\u015fmas\u0131\u2019n\u0131 onaylamas\u0131n\u0131, iklim acil durumu ilan edilmesini istedi. Sarrafo\u011flu, \u201cArt\u0131k hem b\u00fcy\u00fckler hem k\u00fc\u00e7\u00fckler iklim grevlerine ba\u015fl\u0131yoruz. Hepimize hay\u0131rl\u0131olsun. 15 Mart\u2019a yeti\u015fkinler de vard\u0131.Ama izleyicilerdi. Art\u0131k kavga etmeyi bitirmelisiniz bir araya gelmelisiniz, art\u0131k bizi dinlemelisiniz. Art\u0131k bize kulak vermeyi b\u0131rak\u0131n ve bizi dinleyin. Kurtaracak bir gezegenimiz var. Art\u0131k bunun i\u00e7in \u00e7al\u0131\u015f\u0131n. Art\u0131k biz de bunun i\u00e7in okula gidelim. Keyif almak i\u00e7in okulu k\u0131rm\u0131yoruz. Biz bunu keyif i\u00e7in yapsayd\u0131k. Pazartesi sendromu ya\u015famamak i\u00e7in Pazartesi yapard\u0131k. Gezegenimiz yan\u0131yor, bir\u00e7ok \u015fehir sular alt\u0131nda kal\u0131yor, buzullar yok oluyor, insan evlerini terk ediyor. Bizim de neslimiz t\u00fckenecek. Ben de zehirli ya\u011fmurlardan korkuyorum. Kimyasal kirlili\u011fi durdurmak i\u00e7in bana yard\u0131m etmelisiniz. Bize yard\u0131m etmek i\u00e7in bizi desteklemeliyiz. Bilimin arkas\u0131nda birle\u015felim, form\u00fcl bu\u201d dedi.<\/p>\n<p>Eylemciler bunun ard\u0131ndan \u201c\u0130klimi de\u011fil d\u00fczeni de\u011fi\u015ftir\u201d, \u201cBiz biz biz, bir araday\u0131z, birlikte iklimi savunaca\u011f\u0131z\u201d \u201cTek gelecek tek gezegen\u201d sloganlar\u0131 atarak Kad\u0131k\u00f6y \u00e7ar\u015f\u0131 i\u00e7inden ilerleyerek Yo\u011furt\u00e7u Park\u0131\u2019na kadar y\u00fcr\u00fcd\u00fcler.<\/p>\n<p>\u00d6nde \u201cBilimin arkas\u0131nda birle\u015f\u201d pankart\u0131yla y\u00fcr\u00fcyen gen\u00e7lerin ellerindeki \u00e7ok say\u0131da d\u00f6viz aras\u0131nda en \u00f6ne \u00e7\u0131kanlar \u201cYa s\u0131f\u0131r karbon gelecek, ya s\u0131f\u0131r gelecek\u201d, \u201cEvimiz yan\u0131yor\u201d, iklim adaleti\u201d, \u201cBu gidi\u015fle instagram\u2019\u0131n story\u2019sinde payla\u015facak bir yer kalmayacak\u201d, \u201cS\u0131n\u0131rlar\u0131 a\u00e7\u0131n, termik santralleri kapat\u0131n\u201d, \u201cB\u00fcy\u00fcklere sormadan bu karar\u0131 veriyoruz, isyan ba\u015flad\u0131\u201d ve \u201cYe\u015fil kapitalizm m\u00fcmk\u00fcn de\u011fil\u201d idi.<\/p>\n<p><a class=\"cboxElement\" href=\"https:\/\/kuzeyormanlari.org\/wp-content\/uploads\/2019\/09\/EE58c50XkAEKnDx-e1569105060460.jpg\" rel=\"lightbox\"><img class=\"wp-image-67960 size-full alignright\" src=\"https:\/\/kuzeyormanlari.org\/wp-content\/uploads\/2019\/09\/EE58c50XkAEKnDx-e1569105060460.jpg\" alt=\"\" width=\"620\" data-wp-pid=\"67960\" \/><\/a><\/p>\n<p><b>\u201cEski d\u00fcnyam\u0131z\u0131n son g\u00fcnlerini ya\u015f\u0131yoruz\u2019\u2019<\/b><\/p>\n<p>Y\u00fcr\u00fcy\u00fc\u015f sonras\u0131nda grev Yo\u011furt\u00e7u Park\u0131\u2019nda devam etti. Sahnede iklim grevine \u00e7\u0131kan \u00f6\u011frenciler s\u00f6z ald\u0131, neden greve kat\u0131ld\u0131klar\u0131n\u0131 anlatt\u0131.\u00a0 \u0130klim sahnesinin sunuculu\u011funu Tuba Sa\u011flam \u00fcstlendi.<\/p>\n<p>Sa\u011flam, \u201cBizleri birle\u015ftiren \u015fey iklim krizi. \u0130klim krizinin \u00f6tesinde topyek\u00fcn bir ekolojik kriz. Art\u0131k giderek daha \u00e7o\u011fumuzun i\u015faretlerini g\u00f6rd\u00fc\u011f\u00fc b\u00fcy\u00fck ve benzersiz bir kriz bu. Art\u0131k anlad\u0131\u011f\u0131m\u0131z \u00fczere giderek daha b\u00fcy\u00fck bir h\u0131zla i\u00e7erisine yuvarlanmakta oldu\u011fumuz bir kriz bu. Bu ekolojik krizin yol a\u00e7aca\u011f\u0131 felaketleri t\u00fcm\u00fcyle durdurmak art\u0131k s\u00f6z konusu de\u011fil. Eski d\u00fcnyam\u0131z\u0131n son g\u00fcnlerini ya\u015f\u0131yoruz. Ama ger\u00e7e\u011fi oldu\u011fu \u015fekilde g\u00f6rd\u00fck\u00e7e yapmam\u0131z gerekenleri biliyoruz, kalbimize bak\u0131nca bunlar\u0131 yapacak cesareti buluyoruz. Hatalardan ders alarak yeni bir d\u00fcnyay\u0131 beraber in\u015fa edebiliriz\u201d dedi.<\/p>\n<p><b>G\u00f6ren: \u201cEkolojik y\u0131k\u0131ma kar\u015f\u0131 sessiz kalmayaca\u011f\u0131z<\/b><\/p>\n<p>Fridays for Future Turkey \u2013 Gelecek i\u00e7in Cumalar\u2019dan Selin G\u00f6ren, Yo\u011furt\u00e7u Park\u0131\u2019nda yapt\u0131\u011f\u0131 konu\u015fmada \u201c\u0130klim grevi bize endi\u015felerimizi aksiyona d\u00f6n\u00fc\u015ft\u00fcrme, gelece\u011fimiz i\u00e7in sava\u015fma ve bu g\u00f6z g\u00f6re g\u00f6re durdurulmayan ekolojik y\u0131k\u0131ma kar\u015f\u0131 sessiz kalmayaca\u011f\u0131m\u0131z\u0131 g\u00f6sterme f\u0131rsat\u0131 verdi\u201d dedi.<\/p>\n<p><b>D\u0130SK Genel Ba\u015fkan\u0131: \u201cD\u00fcnyay\u0131 hep birlikte biz de\u011fi\u015ftirece\u011fiz\u201d<\/b><\/p>\n<p>\u0130stanbul\u2019daki iklim grevine \u00e7ok say\u0131da i\u015f\u00e7i sendikas\u0131 da destek verdi. Yo\u011furt\u00e7u Park\u0131\u2019ndaki iklim etkinli\u011finde konu\u015fan D\u0130SK Genel Ba\u015fkan\u0131 Arzu \u00c7erkezo\u011flu, iklim krizini g\u00f6rmezden gelen uluslararas\u0131 \u015firketleri ele\u015ftirdi.<\/p>\n<p>\u00c7erkezo\u011flu, \u201cDaha fazla kar h\u0131rs\u0131ndan ba\u015fka bir \u015fey bilmeyen a\u00e7g\u00f6zl\u00fc \u015firketlerin b\u00fct\u00fcn d\u00fcnyadaki talepleri ve emelleri \u00fczerinden hareket ediliyor. Ve b\u00fct\u00fcn bu s\u00fcre\u00e7te en hafif deyimiyle sessiz kal\u0131n\u0131yor. Biz sizlerle birlikte b\u00fct\u00fcn d\u00fcnyadan y\u00fckselen bu sesin par\u00e7as\u0131 olarak eme\u011fimizi de kentlerimizi de do\u011fam\u0131z\u0131 da yok etmeye \u00e7al\u0131\u015fan bu sisteme kar\u015f\u0131 t\u00fcm demokrasi g\u00fc\u00e7lerini m\u00fccadeleye b\u00fcy\u00fctmeye \u00e7a\u011f\u0131r\u0131yoruz. D\u00fcnyay\u0131 hep birlikte biz de\u011fi\u015ftirece\u011fiz\u201d dedi.<\/p>\n<p>\u00c7erkezo\u011flu ayr\u0131ca, \u201c\u00c7a\u011fr\u0131m\u0131z net: Ulusal h\u00fck\u00fcmetler, yerel y\u00f6netimler ve \u015firketler insanl\u0131\u011f\u0131n sonunu getirecek uygulamalara son vermek i\u00e7in \u201c\u0130klim Acil Durumu\u201d ilan etmelidir. Dahas\u0131 bu acil durumu lafta b\u0131rakmayarak, b\u00fct\u00e7e ay\u0131rarak iklim politikalar\u0131n\u0131 her kademede zorunlu ve \u00f6ncelikli hale getirmelidir\u201d dedi.<\/p>\n<p><b>Birle\u015fik Metal \u0130\u015f\u2019ten G\u00fclbahar G\u00fcrb\u00fcz: \u201c\u0130klim krizi hepimizin meselesi\u201d<\/b><\/p>\n<p>Birle\u015fik Metal \u0130\u015f sendikas\u0131 ad\u0131na bildiriyi \u0130stanbul 1 Nolu \u015eube E\u011fitim Sekreteri G\u00fclhan\u0131m G\u00fcrb\u00fcz okudu. \u201c\u0130klim krizi hepimizin meselesi \u00e7\u00fcnk\u00fc bu gezegen bizim evimiz\u201d diyen G\u00fcrb\u00fcz, iklim de\u011fi\u015fikli\u011finin etkilerine diren\u00e7li bir toplum olu\u015fturmak i\u00e7in her t\u00fcrl\u00fc eylem ve etkinli\u011fe aktif destek sa\u011flayacaklar\u0131n\u0131 s\u00f6yledi.<\/p>\n<p>Yo\u011furt\u00e7u Park\u0131\u2019nda saat 16.00\u2019dan gece 22.00\u2019a kadar at\u00f6lyeler, standlar, konu\u015fmalar ve konserler ger\u00e7ekle\u015ftirildi. Barlas Tan \u00d6zemek, G\u00fcney Marlen, G\u00fcz Kumpanyas\u0131, Kabile Sahne ve G\u00f6steri Sanatlar\u0131, Nil \u0130pek, P\u0131nar Kele\u015f, G\u00fclinler feat Aslan, ,Banu Kan\u0131belli,, Teneke Trampet\u00a0 konserler verdi. Greve kat\u0131lan sanat\u00e7\u0131lardan Kalben, Leman Sam Metin T\u00fcrkcan da sahneye \u00e7\u0131karak iklim grevcilerine desteklerini g\u00f6sterdi.<\/p>\n","protected":false},"excerpt":{"rendered":"<p>(KOSMedya \u2013 21 Eyl\u00fcl 2019) 20 Eyl\u00fcl \u00fc\u00e7\u00fcnc\u00fc k\u00fcresel iklim grevi d\u00fcnya \u00e7ap\u0131nda iklim krizine kar\u015f\u0131 acil ve somut \u00f6nlemler al\u0131nmas\u0131 i\u00e7in ger\u00e7ekle\u015ftirilen \u015fu ana kadarki en b\u00fcy\u00fck iklim grevi oldu. T\u00fcrkiye\u2019de de Friday\u2019s for Future (Gelecek i\u00e7in Cuma\u2019lar) ve S\u0131f\u0131r Gelecek hareketinin \u00e7a\u011fr\u0131s\u0131n\u0131 yapt\u0131\u011f\u0131 iklim grevleri \u0130stanbul dahil 20\u2019den fazla noktada ger\u00e7ekle\u015fti.\u00a0T\u00fcrkiye\u2019de 20 \u015fehirden &hellip;<\/p>\n","protected":false},"author":1,"featured_media":4696,"comment_status":"open","ping_status":"open","sticky":false,"template":"","format":"standard","meta":{"_monsterinsights_skip_tracking":false,"_monsterinsights_sitenote_active":false,"_monsterinsights_sitenote_note":"","_monsterinsights_sitenote_category":0},"categories":[45,139,98,83],"tags":[],"_links":{"self":[{"href":"https:\/\/dokuzadabirdeniz.com\/index.php?rest_route=\/wp\/v2\/posts\/4698"}],"collection":[{"href":"https:\/\/dokuzadabirdeniz.com\/index.php?rest_route=\/wp\/v2\/posts"}],"about":[{"href":"https:\/\/dokuzadabirdeniz.com\/index.php?rest_route=\/wp\/v2\/types\/post"}],"author":[{"embeddable":true,"href":"https:\/\/dokuzadabirdeniz.com\/index.php?rest_route=\/wp\/v2\/users\/1"}],"replies":[{"embeddable":true,"href":"https:\/\/dokuzadabirdeniz.com\/index.php?rest_route=%2Fwp%2Fv2%2Fcomments&post=4698"}],"version-history":[{"count":2,"href":"https:\/\/dokuzadabirdeniz.com\/index.php?rest_route=\/wp\/v2\/posts\/4698\/revisions"}],"predecessor-version":[{"id":4753,"href":"https:\/\/dokuzadabirdeniz.com\/index.php?rest_route=\/wp\/v2\/posts\/4698\/revisions\/4753"}],"wp:featuredmedia":[{"embeddable":true,"href":"https:\/\/dokuzadabirdeniz.com\/index.php?rest_route=\/wp\/v2\/media\/4696"}],"wp:attachment":[{"href":"https:\/\/dokuzadabirdeniz.com\/index.php?rest_route=%2Fwp%2Fv2%2Fmedia&parent=4698"}],"wp:term":[{"taxonomy":"category","embeddable":true,"href":"https:\/\/dokuzadabirdeniz.com\/index.php?rest_route=%2Fwp%2Fv2%2Fcategories&post=4698"},{"taxonomy":"post_tag","embeddable":true,"href":"https:\/\/dokuzadabirdeniz.com\/index.php?rest_route=%2Fwp%2Fv2%2Ftags&post=4698"}],"curies":[{"name":"wp","href":"https:\/\/api.w.org\/{rel}","templated":true}]}}