{"id":4629,"date":"2019-07-17T18:15:34","date_gmt":"2019-07-17T15:15:34","guid":{"rendered":"http:\/\/dokuzadabirdeniz.com\/?p=4629"},"modified":"2019-08-13T16:57:10","modified_gmt":"2019-08-13T13:57:10","slug":"tbmm-arastirma-komisyonu-faytonlardaki-atlarin-haklarini-kabul-edecek-mi","status":"publish","type":"post","link":"https:\/\/dokuzadabirdeniz.com\/?p=4629","title":{"rendered":"TBMM Ara\u015ft\u0131rma Komisyonu, Faytonlardaki Atlar\u0131n Haklar\u0131n\u0131 Kabul Edecek Mi?"},"content":{"rendered":"<p><strong>Burak \u00d6zg\u00fcner<\/strong><\/p>\n<p><em>(Hayvan Haklar\u0131 \u0130zleme Komitesi)<\/em><\/p>\n<p>TBMM Ara\u015ft\u0131rma Komisyonu, Faytonlardaki Atlar\u0131n Haklar\u0131n\u0131 Kabul Edecek Mi?<\/p>\n<p>&nbsp;<\/p>\n<p>15 May\u0131s\u2019ta g\u00f6reve ba\u015flayan TBMM <a class=\"encyclopedia tooltipstered\" href=\"http:\/\/www.sivilsayfalar.org\/sivil-sozluk\/hayvan-haklari\/\" target=\"_self\">Hayvan Haklar\u0131<\/a> Ara\u015ft\u0131rma Komisyonu, <a class=\"encyclopedia tooltipstered\" href=\"http:\/\/www.sivilsayfalar.org\/sivil-sozluk\/hayvan-haklari\/\" target=\"_self\">hayvan haklar\u0131<\/a> ihl\u00e2llerini, hem ST\u00d6\u2019lerden hem de <a class=\"encyclopedia tooltipstered\" href=\"http:\/\/www.sivilsayfalar.org\/sivil-sozluk\/hayvan-haklari\/\" target=\"_self\">hayvan haklar\u0131<\/a> hareketince ele\u015ftirilen sekt\u00f6r <a class=\"encyclopedia tooltipstered\" href=\"http:\/\/www.sivilsayfalar.org\/sivil-sozluk\/temsil\/\" target=\"_self\">temsil<\/a>cilerinden dinledi. Komisyonun \u00fczerinde durdu\u011fu <a class=\"encyclopedia tooltipstered\" href=\"http:\/\/www.sivilsayfalar.org\/sivil-sozluk\/hayvan-haklari\/\" target=\"_self\">hayvan haklar\u0131<\/a> ihl\u00e2llerinden biri de faytonlardaki sistematik zul\u00fcm ve can kay\u0131plar\u0131yd\u0131. Komisyonda bilgisine ba\u015fvurulan Faytona Binme Atlar \u00d6l\u00fcyor \u0130nisiyatifi<b>,<\/b> faytonlarda kullan\u0131lan atlar\u0131n maruz b\u0131rak\u0131ld\u0131klar\u0131 hak ihl\u00e2llerine ili\u015fkin bir sunum yapt\u0131; milyonlarca yurtta\u015f\u0131n ve y\u00fczlerce ST\u00d6\u2019n\u00fcn ortak talebini Meclis\u2019te yineledi: Atl\u0131 faytonlar tamamen kald\u0131r\u0131ls\u0131n!<\/p>\n<p><a href=\"http:\/\/dokuzadabirdeniz.com\/wp-content\/uploads\/65924311_2197273680327694_4859478783566020608_o-640x640.jpg\"><img loading=\"lazy\" class=\" wp-image-4630 alignleft\" src=\"http:\/\/dokuzadabirdeniz.com\/wp-content\/uploads\/65924311_2197273680327694_4859478783566020608_o-640x640.jpg\" alt=\"65924311_2197273680327694_4859478783566020608_o-640x640\" width=\"537\" height=\"537\" srcset=\"https:\/\/dokuzadabirdeniz.com\/wp-content\/uploads\/65924311_2197273680327694_4859478783566020608_o-640x640.jpg 640w, https:\/\/dokuzadabirdeniz.com\/wp-content\/uploads\/65924311_2197273680327694_4859478783566020608_o-640x640-150x150.jpg 150w, https:\/\/dokuzadabirdeniz.com\/wp-content\/uploads\/65924311_2197273680327694_4859478783566020608_o-640x640-300x300.jpg 300w\" sizes=\"(max-width: 537px) 100vw, 537px\" \/><\/a>Ara\u015ft\u0131rma komisyonunda, faytonlarda \u00e7al\u0131\u015ft\u0131r\u0131lan atlar\u0131n ya\u015fad\u0131\u011f\u0131 hak ihl\u00e2lleri ve talepler ile ilgili bir sunum yapan Faytona Binme Atlar \u00d6l\u00fcyor \u0130nisiyatifi S\u00f6zc\u00fcs\u00fc Elif Ert\u00fcrk \u015f\u00f6yle konu\u015ftu: \u201cT\u00fcrkiye\u2019deki faytonlar\u0131n b\u00fcy\u00fck k\u0131sm\u0131 \u0130stanbul Adalar\u2019da. Atlar\u0131n hi\u00e7 de do\u011fas\u0131na uygun olmayacak \u015fekilde asfalt zeminde, k\u0131\u015f\u0131n so\u011fu\u011funda, yaz\u0131n s\u0131ca\u011f\u0131nda \u00e7ok dik yoku\u015flarda, insan kalabal\u0131\u011f\u0131n\u0131n, trafik g\u00fcr\u00fclt\u00fcs\u00fcn\u00fcn oldu\u011fu yerlerde atlar\u0131n \u00f6l\u00fcm\u00fcne \u00e7al\u0131\u015ft\u0131r\u0131ld\u0131\u011f\u0131n\u0131 g\u00f6r\u00fcyoruz. 2015 y\u0131l\u0131nda, bir y\u0131lda \u00f6len at say\u0131s\u0131 400\u2019ken bug\u00fcn 2019\u2019a geldi\u011fimizde \u00f6len at say\u0131s\u0131 maalesef 2 kat\u0131na \u00e7\u0131kt\u0131 sadece Adalar\u2019da. Haziran 2018\u2019de Ruam hastal\u0131\u011f\u0131 karantinas\u0131 nedeniyle Adalar\u2019a at giri\u015fi yasakt\u0131. Fakat t\u00fcm bunlara ra\u011fmen Anadolu\u2019dan getirilen 209 at B\u00fcy\u00fckada\u2019ya sokuldu, 220 at da maalesef Beykoz\u2019daki bir arazide feci ko\u015fullarda, ya\u011fmurun, g\u00fcne\u015fin alt\u0131nda aylarca bekletildi\u201d.<\/p>\n<p><b>Ne Talep Ediliyor?<\/b><\/p>\n<p>Bug\u00fcne kadar faytonlar\u0131n kald\u0131r\u0131lmas\u0131 y\u00f6n\u00fcnde al\u0131nan UKOME (\u0130BB\u2019deki, faytonlar konusunda yetkili karar merci) kararlar\u0131n\u0131n hi\u00e7bir \u015fekilde uygulanmad\u0131\u011f\u0131na dikkat \u00e7eken Ert\u00fcrk, faytonlar\u0131n tamamen yasaklanmas\u0131 ve atlar\u0131n koruma alt\u0131na al\u0131nmas\u0131 gerekti\u011fini ifade etti. Faytona Binme Atlar \u00d6l\u00fcyor \u0130nisiyatifi\u2019nin talepleri, komisyon toplant\u0131s\u0131nda \u015f\u00f6yle aktar\u0131ld\u0131:<\/p>\n<p>\u201cNostalji ve turizmin bir unsuru olarak pazarlanan ve ayakta duran faytonculu\u011fun derh\u00e2l yasaklanmas\u0131n\u0131 istiyoruz. Burada \u00e7al\u0131\u015ft\u0131r\u0131lan t\u00fcm atlar\u0131n emekliye ayr\u0131lmas\u0131n\u0131 istiyoruz. Bu atlar\u0131n ya\u015fam haklar\u0131 g\u00fcvence alt\u0131na al\u0131narak \u00f6m\u00fcrlerinin sonuna kadar ya\u015famsal ihtiya\u00e7lar\u0131n\u0131n giderilece\u011fi, her t\u00fcrl\u00fc tehlikeden ve tehditten uzak bir <a class=\"encyclopedia tooltipstered\" href=\"http:\/\/www.sivilsayfalar.org\/sivil-sozluk\/barinak\/\" target=\"_self\">bar\u0131nak<\/a>yap\u0131lmas\u0131n\u0131 istiyoruz. \u2018Emeklili\u011fe ayr\u0131lan\u2019 atlar\u0131n bu g\u00fcvenli merkezlerde ya\u015fat\u0131lmalar\u0131n\u0131 istiyoruz. \u2018Y\u00fck <a class=\"encyclopedia tooltipstered\" href=\"http:\/\/www.sivilsayfalar.org\/sivil-sozluk\/hayvan\/\" target=\"_self\">hayvan<\/a>\u0131\u2019, \u2018binek <a class=\"encyclopedia tooltipstered\" href=\"http:\/\/www.sivilsayfalar.org\/sivil-sozluk\/hayvan\/\" target=\"_self\">hayvan<\/a>\u0131 olarak mevzuatta tan\u0131mlanan <a class=\"encyclopedia tooltipstered\" href=\"http:\/\/www.sivilsayfalar.org\/sivil-sozluk\/hayvan\/\" target=\"_self\">hayvan<\/a>lar i\u00e7in de ciddi bir koruma politikas\u0131 izlenmeli, altyap\u0131s\u0131 olu\u015fturulmal\u0131\u201d.<\/p>\n<p><b>Meclis\u2019ten Soka\u011fa: Ger\u00e7eklik K\u00fcp\u00fc Eylemi\u2026<\/b><\/p>\n<p>Meclis\u2019te faytonlarda s\u00f6m\u00fcr\u00fclen atlara \u00f6zg\u00fcrl\u00fck talep edilirken, sokaklarda fayton zulm\u00fc te\u015fhir edilmeye devam edildi. Ge\u00e7ti\u011fimiz ay, Ba\u011f\u0131ms\u0131z <a class=\"encyclopedia tooltipstered\" href=\"http:\/\/www.sivilsayfalar.org\/sivil-sozluk\/hayvan-haklari\/\" target=\"_self\">Hayvan Haklar\u0131<\/a> Toplulu\u011fu, <a class=\"encyclopedia tooltipstered\" href=\"http:\/\/www.sivilsayfalar.org\/sivil-sozluk\/hayvan-ozgurlugu\/\" target=\"_self\">Hayvan \u00d6zg\u00fcrl\u00fc\u011f\u00fc<\/a> \u0130nisiyatifi, <a class=\"encyclopedia tooltipstered\" href=\"http:\/\/www.sivilsayfalar.org\/sivil-sozluk\/hayvan\/\" target=\"_self\">Hayvan<\/a>larla Dayan\u0131\u015fma \u0130nisiyatifi (HAYD\u0130) ve \u0130stanbul <a class=\"encyclopedia tooltipstered\" href=\"http:\/\/www.sivilsayfalar.org\/sivil-sozluk\/vegan\/\" target=\"_self\">Vegan<\/a>\u0130nisiyatifi\u2019nin \u00e7a\u011fr\u0131s\u0131 ile bir araya gelen <a class=\"encyclopedia tooltipstered\" href=\"http:\/\/www.sivilsayfalar.org\/sivil-sozluk\/hayvan-ozgurlugu\/\" target=\"_self\">hayvan \u00f6zg\u00fcrl\u00fc\u011f\u00fc<\/a> aktivistleri, T\u00fcrkiye\u2019nin \u015fimdiye dek en b\u00fcy\u00fck \u201cger\u00e7eklik k\u00fcp\u00fc\u201d (Cube of Truth) eylemini ger\u00e7ekle\u015ftirerek faytonlarda atlara ya\u015fat\u0131lan zulm\u00fc iki saat boyunca insanlara g\u00f6sterdiler.<\/p>\n<p><a class=\"encyclopedia tooltipstered\" href=\"http:\/\/www.sivilsayfalar.org\/sivil-sozluk\/hayvan-ozgurlugu\/\" target=\"_self\">Hayvan \u00f6zg\u00fcrl\u00fc\u011f\u00fc<\/a> aktivistleri, bu ay ise Ekrem \u0130mamo\u011flu, \u0130BB Ba\u015fkan\u0131 se\u00e7ildikten sonra ilk kez Sara\u00e7hane\u2019deki \u0130BB binas\u0131 \u00f6n\u00fcndeydi. Okunan bas\u0131n a\u00e7\u0131klamas\u0131nda, \u0130mamo\u011flu\u2019nun verdi\u011fi s\u00f6z\u00fc tutmas\u0131 ve faytonlar\u0131n bir an \u00f6nce kald\u0131r\u0131lmas\u0131 talep edildi. Birka\u00e7 g\u00fcn \u00f6nce ise Don Ki\u015fot Bisiklet Kolektifi\u2019nin \u201cFaytondan in bisiklete bin\u201d \u00e7a\u011fr\u0131s\u0131yla Kad\u0131k\u00f6y Adalar \u0130skelesi \u00f6n\u00fcnde bulu\u015fan bisiklet s\u00fcr\u00fcc\u00fcleri, atl\u0131 faytonlar\u0131n kald\u0131r\u0131lmas\u0131 i\u00e7in Bostanc\u0131 Adalar \u0130skelesi \u00f6n\u00fcne kadar bisiklet s\u00fcrd\u00fc.<\/p>\n<p>Fayton zulm\u00fcne kar\u015f\u0131 toplumsal tepki g\u00fcn ge\u00e7tik\u00e7e artarken, TBMM <a class=\"encyclopedia tooltipstered\" href=\"http:\/\/www.sivilsayfalar.org\/sivil-sozluk\/hayvan-haklari\/\" target=\"_self\">Hayvan Haklar\u0131<\/a>Ara\u015ft\u0131rma Komisyonu, faytonlarda \u00e7al\u0131\u015ft\u0131r\u0131lan atlar\u0131n durumunu yerinde g\u00f6zlemlemek i\u00e7in, ikinci \u00e7al\u0131\u015fma ziyaretini \u0130stanbul Adalar\u2019a ger\u00e7ekle\u015ftirdi. \u00c7al\u0131\u015fma ziyareti boyunca hi\u00e7 ho\u015f g\u00f6r\u00fcnt\u00fclerle kar\u015f\u0131la\u015fmad\u0131klar\u0131n\u0131 ifade eden TBMM <a class=\"encyclopedia tooltipstered\" href=\"http:\/\/www.sivilsayfalar.org\/sivil-sozluk\/hayvan-haklari\/\" target=\"_self\">Hayvan Haklar\u0131<\/a> Ara\u015ft\u0131rma Komisyonu Ba\u015fkan\u0131 ve Ak Parti Tekirda\u011f Milletvekili Mustafa Yel, \u201c<a class=\"encyclopedia tooltipstered\" href=\"http:\/\/www.sivilsayfalar.org\/sivil-sozluk\/hayvan\/\" target=\"_self\">Hayvan<\/a>lar\u0131n bir dakika bile durmamas\u0131 gereken yerlerdeyiz. Biz burada tespitlerimizi dile getirip bununla ilgili yerel y\u00f6netimler ba\u015fta olmak \u00fczere valili\u011fimize de belirtti\u011fimiz aksakl\u0131klar\u0131 yazaca\u011f\u0131z. Bulundu\u011fumuz g\u00f6rev dolay\u0131s\u0131yla biz, <a class=\"encyclopedia tooltipstered\" href=\"http:\/\/www.sivilsayfalar.org\/sivil-sozluk\/hayvan-haklari\/\" target=\"_self\">hayvan haklar\u0131<\/a> ihl\u00e2li var m\u0131 yok mu onu tespit ediyoruz. Veteriner sa\u011fl\u0131k hizmetleri konusunda eksiklikler oldu\u011funu; d\u00fc\u015fk\u00fcn, bitkin, g\u00fc\u00e7ten d\u00fc\u015fm\u00fc\u015f h\u00e2ldeki <a class=\"encyclopedia tooltipstered\" href=\"http:\/\/www.sivilsayfalar.org\/sivil-sozluk\/hayvan\/\" target=\"_self\">hayvan<\/a>lar\u0131n da bak\u0131lmay\u0131p ormana b\u0131rak\u0131ld\u0131\u011f\u0131 konusunda \u00e7ok g\u00fc\u00e7l\u00fc d\u00fc\u015f\u00fcncelerimiz, bize gelen iddialar var. Bu <a class=\"encyclopedia tooltipstered\" href=\"http:\/\/www.sivilsayfalar.org\/sivil-sozluk\/hayvan\/\" target=\"_self\">hayvan<\/a>lar\u0131n da korunmas\u0131, bar\u0131nmas\u0131 i\u00e7in onlarla ilgili bak\u0131mevi, rehabilitasyon merkezlerinin yap\u0131lmas\u0131n\u0131n zorunluluk oldu\u011funu g\u00f6r\u00fcyoruz\u201d diye konu\u015ftu.<\/p>\n<p>TBMM <a class=\"encyclopedia tooltipstered\" href=\"http:\/\/www.sivilsayfalar.org\/sivil-sozluk\/hayvan-haklari\/\" target=\"_self\">Hayvan Haklar\u0131<\/a> Ara\u015ft\u0131rma Komisyonu \u00fcyelerinden, CHP Genel Ba\u015fkan Yard\u0131mc\u0131s\u0131 ve Denizli Milletvekili G\u00fclizar Bi\u00e7er Karaca ise \u201cBuradaki durum, atlar a\u00e7\u0131s\u0131ndan \u00e7ok k\u00f6t\u00fc. \u00c7ok sa\u011fl\u0131ks\u0131z bir ortam. Bu kadar\u0131n\u0131 beklemiyordum. Ger\u00e7ekten \u00e7ok k\u00f6t\u00fc \u015fartlar g\u00f6rd\u00fcm\u201d \u015feklinde konu\u015ftu.<\/p>\n<p><b>Komisyon Neler \u00d6nerecek?<\/b><\/p>\n<p>\u00c7al\u0131\u015fma ziyaretinde tespit ettikleri noktalar\u0131 ve hak ihl\u00e2llerini Cumhurba\u015fkan\u0131 Erdo\u011fan\u2019a birinci a\u011f\u0131zdan aktard\u0131\u011f\u0131n\u0131 a\u00e7\u0131klayan Komisyon Ba\u015fkan\u0131 Yel, ara\u015ft\u0131rma komisyonu raporunda bir\u00e7ok \u00e7\u00f6z\u00fcm \u00f6nerisinde bulunacaklar\u0131n\u0131 a\u00e7\u0131klad\u0131. Bas\u0131na yans\u0131yan \u00f6neriler \u015f\u00f6yle:<\/p>\n<p>\u2013 \u201cFaytonculuk\u201d ad\u0131 alt\u0131ndaki mafyatik yap\u0131lanmalar\u0131n \u00f6nlenmesi, \u00e7e\u015fitli STK\u2019lerin menfaat elde etmesiyle ilgili konular gibi bu tarz yap\u0131lar\u0131 da ortadan kald\u0131rmakla ilgili \u0130\u00e7i\u015fleri Bakanl\u0131\u011f\u0131 ba\u015fta olmak \u00fczere ilgili bakanl\u0131k ve birimlere \u00f6nlem almalar\u0131 i\u00e7in teklifler olacak.<\/p>\n<p>\u2013 Atl\u0131 faytonlar\u0131n ula\u015f\u0131mdan tamamen \u00e7ekilmesi; elektrikli, motorlu ara\u00e7lar\u0131n devreye sokulmas\u0131 \u00f6nerilecek. Atl\u0131 faytonlar turistik ama\u00e7l\u0131 olarak s\u0131n\u0131rl\u0131 say\u0131da Adalar\u2019da bulundurulabilir.<\/p>\n<p>\u2013 Turistik faytonlarda da kullan\u0131lacak atlar\u0131n Adalar\u2019\u0131n co\u011fraf\u00ee yap\u0131s\u0131na uygun olmas\u0131 sa\u011flanabilir. Yoku\u015flu ve engebeli yollarda daha verimli \u00e7al\u0131\u015ft\u0131klar\u0131 s\u00f6ylenen Katana \u0131rk\u0131 atlar getirtilebilir.<\/p>\n<p>\u2013 Sa\u011fl\u0131k ve hijyenik \u015fartlar s\u00fcrekli takip edilmeli.<\/p>\n<p>\u2013 Deniz polisi ve sahil g\u00fcvenlik s\u0131k\u0131 denetim yaparak ka\u00e7ak at giri\u015fini engelleyecek. Ya\u015f s\u0131n\u0131r\u0131 gelebilir.<\/p>\n<p>\u2013 Faytonlardaki atlar\u0131n \u00e7al\u0131\u015fma ko\u015fullar\u0131 d\u00fczenlenebilir.<\/p>\n<p>\u2013 Atlar \u201csahipli\u201d olsa da belediyeler, veteriner hekim \u00e7al\u0131\u015ft\u0131rma zorunlulu\u011fu getirebilmeli.<\/p>\n<p>\u2013 \u201cSahipli <a class=\"encyclopedia tooltipstered\" href=\"http:\/\/www.sivilsayfalar.org\/sivil-sozluk\/hayvan\/\" target=\"_self\">hayvan<\/a>\u201d stat\u00fcs\u00fcnde olan atlar, faytoncular\u0131n kendi \u00e7iftliklerinde, bah\u00e7elerinde beslenmiyor; atlar\u0131 kamunun ortak mal\u0131 olan yerlerde gezdiriyorlar. Dolay\u0131s\u0131yla t\u00fcm kamuyu etkileyen bu konuda belediyeler d\u00fczen getirmeli.<\/p>\n<p><a class=\"encyclopedia tooltipstered\" href=\"http:\/\/www.sivilsayfalar.org\/sivil-sozluk\/hayvan-haklari\/\" target=\"_self\">Hayvan haklar\u0131<\/a> \u00f6rg\u00fctleri, atl\u0131 faytonlar tamamen kald\u0131r\u0131lmadan zul\u00fcm ve k\u00f6lelik ko\u015fullar\u0131n\u0131n da ortadan kalkmayaca\u011f\u0131, i\u015fkence ve \u00f6l\u00fcmlerin durdurulamayaca\u011f\u0131 g\u00f6r\u00fc\u015f\u00fcnde\u2026<\/p>\n<p><b>Siyas\u00eeler Faytonlar \u0130\u00e7in Neler S\u00f6yledi?<\/b><\/p>\n<p><a href=\"http:\/\/dokuzadabirdeniz.com\/wp-content\/uploads\/Ads\u0131z-tasar\u0131m-1-640x640.png\"><img loading=\"lazy\" class=\"wp-image-4631 alignleft\" src=\"http:\/\/dokuzadabirdeniz.com\/wp-content\/uploads\/Ads\u0131z-tasar\u0131m-1-640x640.png\" alt=\"adsiz-tasarim-1-640x640\" width=\"451\" height=\"451\" srcset=\"https:\/\/dokuzadabirdeniz.com\/wp-content\/uploads\/Ads\u0131z-tasar\u0131m-1-640x640.png 640w, https:\/\/dokuzadabirdeniz.com\/wp-content\/uploads\/Ads\u0131z-tasar\u0131m-1-640x640-150x150.png 150w, https:\/\/dokuzadabirdeniz.com\/wp-content\/uploads\/Ads\u0131z-tasar\u0131m-1-640x640-300x300.png 300w\" sizes=\"(max-width: 451px) 100vw, 451px\" \/><\/a>Faytonlardaki zul\u00fcm, daha \u00f6nce de bir\u00e7ok kez siyas\u00eelerin s\u00f6ylemlerine konu olmu\u015ftu. Cumhurba\u015fkan\u0131 Recep Tayyip Erdo\u011fan, 24 Haziran 2018\u2019deki Cumhurba\u015fkanl\u0131\u011f\u0131 ve milletvekili se\u00e7iminden bir g\u00fcn \u00f6nce se\u00e7menlere seslendi\u011fi mitingde \u201cAtlar\u0131 faytonlar\u0131n boyunduru\u011fundan kurtaraca\u011f\u0131z\u201d demi\u015fti. Erdo\u011fan\u2019\u0131n bu beyan\u0131n\u0131n \u00fczerinden 13 ay ge\u00e7mesine ra\u011fmen, y\u00fcr\u00fcrl\u00fckteki mevzuat\u0131n tam olarak, <a class=\"encyclopedia tooltipstered\" href=\"http:\/\/www.sivilsayfalar.org\/sivil-sozluk\/hayvan\/\" target=\"_self\">hayvan<\/a>lar lehine uygulanmas\u0131, atl\u0131 faytonlar\u0131n iyile\u015ftirilmesi ya da d\u00fczenlenmesi konusunda bile hi\u00e7bir geli\u015fme ya\u015fanmad\u0131. Bu ay, Komisyon Ba\u015fkan\u0131 Mustafa Yel, Cumhurba\u015fkan\u0131 Erdo\u011fan\u2019\u0131n tekrar s\u00f6z verdi\u011fini aktard\u0131: \u201c<a class=\"encyclopedia tooltipstered\" href=\"http:\/\/www.sivilsayfalar.org\/sivil-sozluk\/hayvansever\/\" target=\"_self\">Hayvansever<\/a>ler rahat olsun. Hassasiyetle takip\u00e7isiyim, gereken yap\u0131lacak\u201d<\/p>\n<p>Fayton zulm\u00fc, geride b\u0131rakt\u0131\u011f\u0131m\u0131z yerel se\u00e7im s\u00fcrecinde de s\u0131k\u00e7a g\u00fcndeme gelmi\u015f; \u0130stanbul B\u00fcy\u00fck\u015fehir Belediye (\u0130BB) Ba\u015fkanl\u0131\u011f\u0131 i\u00e7in yar\u0131\u015fan Cumhur \u0130ttifak\u0131\u2019n\u0131n aday\u0131 Binali Y\u0131ld\u0131r\u0131m da Millet \u0130ttifak\u0131\u2019n\u0131n aday\u0131 Ekrem \u0130mamo\u011flu da fayton zulm\u00fcn\u00fcn g\u00fcndemlerinde oldu\u011funu belirtmi\u015fti. Y\u0131ld\u0131r\u0131m, \u201cBu rezilli\u011fe bir son verece\u011fiz. Her \u015fey para demek de\u011fil\u201d derken, \u0130BB Ba\u015fkan\u0131 se\u00e7ilen \u0130mamo\u011flu ise <a class=\"encyclopedia tooltipstered\" href=\"http:\/\/www.sivilsayfalar.org\/sivil-sozluk\/hayvan-haklari\/\" target=\"_self\">Hayvan Haklar\u0131<\/a> Yasama \u0130zleme Delegasyonu\u2019nun haz\u0131rlad\u0131\u011f\u0131 ve faytonlar\u0131n kald\u0131r\u0131lmas\u0131n\u0131 da i\u00e7eren \u201cS\u00f6z Veriyorum\u201d belgesini 27 Mart\u2019ta imzalam\u0131\u015ft\u0131.<\/p>\n<p>23 Haziran\u2019da tekrarlanan \u0130BB Ba\u015fkanl\u0131\u011f\u0131 se\u00e7imlerinde yeniden se\u00e7ilen \u0130mamo\u011flu, \u015fu ana dek faytonlarda kullan\u0131lan atlar konusunda bir ad\u0131m atm\u0131\u015f de\u011fil. Ajanimo.com haber sitesinde, 20 Haziran\u2019da <a href=\"https:\/\/www.ajanimo.com\/ekrem-imamoglu-istanbulda-yasayan-tum-canlilar-icin-her-sey-cok-guzel-olacak\/\">yay\u0131nlanan r\u00f6portajda<\/a>, Ekrem \u0130mamo\u011flu, kendisine sorulan fayton zulm\u00fc ile ilgili soruya \u015f\u00f6yle yan\u0131t verdi: \u201cFayton uygulamas\u0131na son veriyoruz. Elektrikli faytonlar\u0131m\u0131z kullan\u0131ma ge\u00e7ecek. T\u00fcm <a class=\"encyclopedia tooltipstered\" href=\"http:\/\/www.sivilsayfalar.org\/sivil-sozluk\/hayvan\/\" target=\"_self\">hayvan<\/a>lar\u0131m\u0131za uygulanan zul\u00fcm\u00fc engellemek i\u00e7in elimizden gelen her \u015feyi yapaca\u011f\u0131z\u201d.<\/p>\n<p>\u0130BB kulislerinde ise, \u0130mamo\u011flu ve ekibinin fayton zulm\u00fc konusunda giri\u015fimde bulunmak i\u00e7in, TBMM Genel Kurulu\u2019na sunulacak ara\u015ft\u0131rma komisyonu raporunu bekleyece\u011fi; komisyondan muhtemelen \u00e7\u0131kacak olan \u201cfaytonlar\u0131 sembolik say\u0131ya d\u00fc\u015f\u00fcrerek s\u0131n\u0131rland\u0131rma\u201d y\u00f6n\u00fcndeki tavsiye karar\u0131n\u0131 uygulayarak <a class=\"encyclopedia tooltipstered\" href=\"http:\/\/www.sivilsayfalar.org\/sivil-sozluk\/hayvan-haklari\/\" target=\"_self\">hayvan haklar\u0131<\/a>na duyarl\u0131 yurtta\u015flar\u0131n tepkisini \u00e7ekmemeye \u00e7al\u0131\u015faca\u011f\u0131 konu\u015fuluyor. (sivilsayfalar.com)<\/p>\n","protected":false},"excerpt":{"rendered":"<p>Burak \u00d6zg\u00fcner (Hayvan Haklar\u0131 \u0130zleme Komitesi) TBMM Ara\u015ft\u0131rma Komisyonu, Faytonlardaki Atlar\u0131n Haklar\u0131n\u0131 Kabul Edecek Mi? &nbsp; 15 May\u0131s\u2019ta g\u00f6reve ba\u015flayan TBMM Hayvan Haklar\u0131 Ara\u015ft\u0131rma Komisyonu, hayvan haklar\u0131 ihl\u00e2llerini, hem ST\u00d6\u2019lerden hem de hayvan haklar\u0131 hareketince ele\u015ftirilen sekt\u00f6r temsilcilerinden dinledi. Komisyonun \u00fczerinde durdu\u011fu hayvan haklar\u0131 ihl\u00e2llerinden biri de faytonlardaki sistematik zul\u00fcm ve can kay\u0131plar\u0131yd\u0131. Komisyonda bilgisine &hellip;<\/p>\n","protected":false},"author":1,"featured_media":3868,"comment_status":"open","ping_status":"open","sticky":false,"template":"","format":"standard","meta":{"_monsterinsights_skip_tracking":false,"_monsterinsights_sitenote_active":false,"_monsterinsights_sitenote_note":"","_monsterinsights_sitenote_category":0},"categories":[58,132,83],"tags":[],"_links":{"self":[{"href":"https:\/\/dokuzadabirdeniz.com\/index.php?rest_route=\/wp\/v2\/posts\/4629"}],"collection":[{"href":"https:\/\/dokuzadabirdeniz.com\/index.php?rest_route=\/wp\/v2\/posts"}],"about":[{"href":"https:\/\/dokuzadabirdeniz.com\/index.php?rest_route=\/wp\/v2\/types\/post"}],"author":[{"embeddable":true,"href":"https:\/\/dokuzadabirdeniz.com\/index.php?rest_route=\/wp\/v2\/users\/1"}],"replies":[{"embeddable":true,"href":"https:\/\/dokuzadabirdeniz.com\/index.php?rest_route=%2Fwp%2Fv2%2Fcomments&post=4629"}],"version-history":[{"count":1,"href":"https:\/\/dokuzadabirdeniz.com\/index.php?rest_route=\/wp\/v2\/posts\/4629\/revisions"}],"predecessor-version":[{"id":4632,"href":"https:\/\/dokuzadabirdeniz.com\/index.php?rest_route=\/wp\/v2\/posts\/4629\/revisions\/4632"}],"wp:featuredmedia":[{"embeddable":true,"href":"https:\/\/dokuzadabirdeniz.com\/index.php?rest_route=\/wp\/v2\/media\/3868"}],"wp:attachment":[{"href":"https:\/\/dokuzadabirdeniz.com\/index.php?rest_route=%2Fwp%2Fv2%2Fmedia&parent=4629"}],"wp:term":[{"taxonomy":"category","embeddable":true,"href":"https:\/\/dokuzadabirdeniz.com\/index.php?rest_route=%2Fwp%2Fv2%2Fcategories&post=4629"},{"taxonomy":"post_tag","embeddable":true,"href":"https:\/\/dokuzadabirdeniz.com\/index.php?rest_route=%2Fwp%2Fv2%2Ftags&post=4629"}],"curies":[{"name":"wp","href":"https:\/\/api.w.org\/{rel}","templated":true}]}}