{"id":4599,"date":"2019-07-21T23:02:31","date_gmt":"2019-07-21T20:02:31","guid":{"rendered":"http:\/\/dokuzadabirdeniz.com\/?p=4599"},"modified":"2019-10-06T20:09:45","modified_gmt":"2019-10-06T17:09:45","slug":"ansiklopedilerde-adalar-9-nejat-gulen-vordonos-tarih-vakfi-istanbul-ansiklopedisi","status":"publish","type":"post","link":"https:\/\/dokuzadabirdeniz.com\/?p=4599","title":{"rendered":"Ansiklopedilerde Adalar \u2013 9 (Nejat G\u00fclen\u2013 Vordonos, Tarih Vakf\u0131 \u0130stanbul Ansiklopedisi)"},"content":{"rendered":"<p><strong>ANS\u0130KLOPED\u0130LERDE ADALAR (9)<\/strong><\/p>\n<p>Art\u0131k pek de yararlan\u0131lmayan ansiklopedilerden \u201cAdalar\u201d maddelerini ve adalarla ilgili di\u011fer maddeleri bu yaz\u0131 dizisi alt\u0131nda toplayaca\u011f\u0131z. Bariz yaz\u0131m hatas\u0131 d\u0131\u015f\u0131nda yazar\u0131n \u00f6zg\u00fcn imlas\u0131 korunacak ve yaz\u0131ld\u0131\u011f\u0131 d\u00f6nemin yaz\u0131 ruhu bozulmayacakt\u0131r. Be\u015finci yaz\u0131 da Tarih Vakf\u0131n\u0131n haz\u0131rlad\u0131\u011f\u0131 \u0130stanbul Ansiklopedisinden. Maddeyi Nejat G\u00fclen kaleme alm\u0131\u015f. Deniz alt\u0131nda kald\u0131\u011f\u0131 i\u00e7in \u015fansl\u0131 bir kayal\u0131k.<\/p>\n<p style=\"text-align: right;\"><strong> Melih DALBUDAK,<\/strong><em> 21\/07\/2019, K\u0131nal\u0131 <\/em><\/p>\n<p>&nbsp;<\/p>\n<p><strong>D\u00dcNDEN BUG\u00dcNE \u0130STANBUL ANS\u0130KLOPED\u0130S\u0130, \u201c<em>VORDONOS ADASI\u201d<\/em>MADDES\u0130, 1994<\/strong><\/p>\n<p><a href=\"http:\/\/dokuzadabirdeniz.com\/wp-content\/uploads\/Kay\u0131p-Ada-Vordonisi-Havadan-G\u00f6r\u00fcn\u00fcm\u00fc.jpg\"><img loading=\"lazy\" class=\" wp-image-4600 alignleft\" src=\"http:\/\/dokuzadabirdeniz.com\/wp-content\/uploads\/Kay\u0131p-Ada-Vordonisi-Havadan-G\u00f6r\u00fcn\u00fcm\u00fc.jpg\" alt=\"kayip-ada-vordonisi-havadan-gorunumu\" width=\"206\" height=\"341\" srcset=\"https:\/\/dokuzadabirdeniz.com\/wp-content\/uploads\/Kay\u0131p-Ada-Vordonisi-Havadan-G\u00f6r\u00fcn\u00fcm\u00fc.jpg 387w, https:\/\/dokuzadabirdeniz.com\/wp-content\/uploads\/Kay\u0131p-Ada-Vordonisi-Havadan-G\u00f6r\u00fcn\u00fcm\u00fc-91x150.jpg 91w, https:\/\/dokuzadabirdeniz.com\/wp-content\/uploads\/Kay\u0131p-Ada-Vordonisi-Havadan-G\u00f6r\u00fcn\u00fcm\u00fc-181x300.jpg 181w\" sizes=\"(max-width: 206px) 100vw, 206px\" \/><\/a>Bostanc\u0131 ile K\u0131nal\u0131ada aras\u0131nda suyun olduk\u00e7a s\u0131\u011f oldu\u011fu y\u00f6rede, \u00fczerinde fener bulunan iki kayal\u0131ktan Bostanc\u0131\u2019ya yak\u0131n olan\u0131. Y\u0131ld\u0131z Kayal\u0131\u011f\u0131 da denir. Maltepe\u2019ye yak\u0131n olan\u0131n\u0131n ad\u0131 da Dilek Kayal\u0131\u011f\u0131\u2019d\u0131r.<\/p>\n<p>Eski bal\u0131k\u00e7\u0131lar Y\u0131ld\u0131z Kayal\u0131\u011f\u0131\u2019na K\u00fc\u00e7\u00fck Vordonos, Dilek Kayal\u0131\u011f\u0131\u2019na da B\u00fcy\u00fck Vordonos derlerdi.<\/p>\n<p>K\u00fc\u00e7\u00fck Vordonos\u2019un Bostanc\u0131\u2019ya mesafesi 1.500 m\u2019dir, 2 km do\u011fusundaki B\u00fcy\u00fck Vordonos ile aras\u0131ndaki su pek s\u0131\u011f olup gemilerin ge\u00e7mesi olanaks\u0131zd\u0131r.<\/p>\n<p>Bostanc\u0131ya yak\u0131n olan K\u00fc\u00e7\u00fck Vordonos\u2019un bulundu\u011fu kayal\u0131k evvelce \u00fczerinde bir de manast\u0131r bulunan k\u00fc\u00e7\u00fck bir ada idi ve Vordonos veya Bordonos diye an\u0131l\u0131rd\u0131.<\/p>\n<p>Denizlerin temiz ve berrak oldu\u011fu y\u0131llarda bu fenerin \u00e7evresinde, su alt\u0131ndaki eski yap\u0131 izlerinin g\u00f6r\u00fcld\u00fc\u011f\u00fc s\u00f6ylenirdi. Ya\u015fam\u0131 entrikalarla ge\u00e7en 858 ve 877\u2019de iki kez patrik se\u00e7ilen Fotios hayat\u0131n\u0131n son y\u0131llar\u0131n\u0131 Vordonos Adas\u0131\u2019ndaki k\u00fc\u00e7\u00fck manast\u0131rda ge\u00e7irmi\u015ftir.<\/p>\n<p><a href=\"http:\/\/dokuzadabirdeniz.com\/wp-content\/uploads\/562567a8f018fb45587dbac3.jpg\"><img loading=\"lazy\" class=\"wp-image-4602 alignright\" src=\"http:\/\/dokuzadabirdeniz.com\/wp-content\/uploads\/562567a8f018fb45587dbac3.jpg\" alt=\"562567a8f018fb45587dbac3\" width=\"435\" height=\"245\" srcset=\"https:\/\/dokuzadabirdeniz.com\/wp-content\/uploads\/562567a8f018fb45587dbac3.jpg 750w, https:\/\/dokuzadabirdeniz.com\/wp-content\/uploads\/562567a8f018fb45587dbac3-150x84.jpg 150w, https:\/\/dokuzadabirdeniz.com\/wp-content\/uploads\/562567a8f018fb45587dbac3-300x169.jpg 300w\" sizes=\"(max-width: 435px) 100vw, 435px\" \/><\/a><\/p>\n<p>\u00c7ok k\u00fc\u00e7\u00fck ve al\u00e7ak olan bu ada, 10. yy\u2019da \u015fiddetli lodos f\u0131rt\u0131nalar\u0131n\u0131n etkisi ile sulara kar\u0131\u015fm\u0131\u015f, ada da manast\u0131r da yok olmu\u015ftur. Bu nedenle bu ada Batm\u0131\u015f Vordonos Adas\u0131 diye de an\u0131l\u0131r.<\/p>\n<p>NEJAT G\u00dcLEN<a href=\"http:\/\/dokuzadabirdeniz.com\/wp-content\/uploads\/Kay\u0131p-Ada-Vordonisi.jpg\"><img loading=\"lazy\" class=\"wp-image-4601 alignright\" src=\"http:\/\/dokuzadabirdeniz.com\/wp-content\/uploads\/Kay\u0131p-Ada-Vordonisi.jpg\" alt=\"kayip-ada-vordonisi\" width=\"388\" height=\"219\" srcset=\"https:\/\/dokuzadabirdeniz.com\/wp-content\/uploads\/Kay\u0131p-Ada-Vordonisi.jpg 620w, https:\/\/dokuzadabirdeniz.com\/wp-content\/uploads\/Kay\u0131p-Ada-Vordonisi-150x85.jpg 150w, https:\/\/dokuzadabirdeniz.com\/wp-content\/uploads\/Kay\u0131p-Ada-Vordonisi-300x169.jpg 300w\" sizes=\"(max-width: 388px) 100vw, 388px\" \/><\/a><\/p>\n<p>&nbsp;<\/p>\n","protected":false},"excerpt":{"rendered":"<p>ANS\u0130KLOPED\u0130LERDE ADALAR (9) Art\u0131k pek de yararlan\u0131lmayan ansiklopedilerden \u201cAdalar\u201d maddelerini ve adalarla ilgili di\u011fer maddeleri bu yaz\u0131 dizisi alt\u0131nda toplayaca\u011f\u0131z. Bariz yaz\u0131m hatas\u0131 d\u0131\u015f\u0131nda yazar\u0131n \u00f6zg\u00fcn imlas\u0131 korunacak ve yaz\u0131ld\u0131\u011f\u0131 d\u00f6nemin yaz\u0131 ruhu bozulmayacakt\u0131r. Be\u015finci yaz\u0131 da Tarih Vakf\u0131n\u0131n haz\u0131rlad\u0131\u011f\u0131 \u0130stanbul Ansiklopedisinden. Maddeyi Nejat G\u00fclen kaleme alm\u0131\u015f. Deniz alt\u0131nda kald\u0131\u011f\u0131 i\u00e7in \u015fansl\u0131 bir kayal\u0131k. Melih &hellip;<\/p>\n","protected":false},"author":1,"featured_media":0,"comment_status":"open","ping_status":"open","sticky":false,"template":"","format":"standard","meta":{"_monsterinsights_skip_tracking":false,"_monsterinsights_sitenote_active":false,"_monsterinsights_sitenote_note":"","_monsterinsights_sitenote_category":0},"categories":[138,87],"tags":[77],"_links":{"self":[{"href":"https:\/\/dokuzadabirdeniz.com\/index.php?rest_route=\/wp\/v2\/posts\/4599"}],"collection":[{"href":"https:\/\/dokuzadabirdeniz.com\/index.php?rest_route=\/wp\/v2\/posts"}],"about":[{"href":"https:\/\/dokuzadabirdeniz.com\/index.php?rest_route=\/wp\/v2\/types\/post"}],"author":[{"embeddable":true,"href":"https:\/\/dokuzadabirdeniz.com\/index.php?rest_route=\/wp\/v2\/users\/1"}],"replies":[{"embeddable":true,"href":"https:\/\/dokuzadabirdeniz.com\/index.php?rest_route=%2Fwp%2Fv2%2Fcomments&post=4599"}],"version-history":[{"count":1,"href":"https:\/\/dokuzadabirdeniz.com\/index.php?rest_route=\/wp\/v2\/posts\/4599\/revisions"}],"predecessor-version":[{"id":4603,"href":"https:\/\/dokuzadabirdeniz.com\/index.php?rest_route=\/wp\/v2\/posts\/4599\/revisions\/4603"}],"wp:attachment":[{"href":"https:\/\/dokuzadabirdeniz.com\/index.php?rest_route=%2Fwp%2Fv2%2Fmedia&parent=4599"}],"wp:term":[{"taxonomy":"category","embeddable":true,"href":"https:\/\/dokuzadabirdeniz.com\/index.php?rest_route=%2Fwp%2Fv2%2Fcategories&post=4599"},{"taxonomy":"post_tag","embeddable":true,"href":"https:\/\/dokuzadabirdeniz.com\/index.php?rest_route=%2Fwp%2Fv2%2Ftags&post=4599"}],"curies":[{"name":"wp","href":"https:\/\/api.w.org\/{rel}","templated":true}]}}