{"id":4374,"date":"2019-02-12T18:34:22","date_gmt":"2019-02-12T15:34:22","guid":{"rendered":"http:\/\/dokuzadabirdeniz.com\/?p=4374"},"modified":"2019-02-13T00:00:06","modified_gmt":"2019-02-12T21:00:06","slug":"dunyanin-en-yeni-adasi","status":"publish","type":"post","link":"https:\/\/dokuzadabirdeniz.com\/?p=4374","title":{"rendered":"D\u00fcnyan\u0131n en yeni adas\u0131!"},"content":{"rendered":"<p>G\u00fcney Pasifik&#8217;teki 176 adadan olu\u015fan\u00a0Polinezya \u00fclkesi Tonga a\u00e7\u0131klar\u0131nda 2014 y\u0131l\u0131nda patlayan su alt\u0131 volkan\u0131n\u0131n k\u00fcllerinin olu\u015fturdu\u011fu d\u00fcnyan\u0131n en yeni adas\u0131nda ya\u015fam belirtilerinin g\u00f6r\u00fclmeye ba\u015fland\u0131. \u00a0Radyo Yeni Zelanda&#8217;da yer alan habere g\u00f6re, ba\u015fkent Nuku&#8217;alofa&#8217;n\u0131n yakla\u015f\u0131k 70 kilometre kuzeybat\u0131s\u0131ndaki Hunga Tonga ile Hunga Ha&#8217;apai adalar\u0131 aras\u0131nda 4 y\u0131l \u00f6nce patlayan su alt\u0131 volkandan p\u00fcsk\u00fcren lavlar\u0131n olu\u015fturdu\u011fu aday\u0131 bir grup bilim adam\u0131 ziyaret etti. 2006 y\u0131l\u0131ndan bu yana volkanik hareketlerin bulundu\u011fu b\u00f6lge NASA taraf\u0131ndan\u00a0g\u00fcne\u015f sistemindeki di\u011fer gezegenlerin volkanik olu\u015fumlar\u0131yla ilgi ipu\u00e7lar\u0131 elde etmek amac\u0131yla\u00a0uydu teknolojileriyle izlenen ada \u00f6nemli\u00a0jeolojik bulgular\u0131n yan\u0131 s\u0131ra ekosistem hakk\u0131nda da de\u011ferli bilgiler veriyor.<\/p>\n<div><\/div>\n<div><a href=\"http:\/\/dokuzadabirdeniz.com\/wp-content\/uploads\/090220190801544915838_2-41.jpg\"><img loading=\"lazy\" class=\" wp-image-4376 alignleft\" src=\"http:\/\/dokuzadabirdeniz.com\/wp-content\/uploads\/090220190801544915838_2-41.jpg\" alt=\"090220190801544915838_2-41\" width=\"502\" height=\"282\" srcset=\"https:\/\/dokuzadabirdeniz.com\/wp-content\/uploads\/090220190801544915838_2-41.jpg 630w, https:\/\/dokuzadabirdeniz.com\/wp-content\/uploads\/090220190801544915838_2-41-150x84.jpg 150w, https:\/\/dokuzadabirdeniz.com\/wp-content\/uploads\/090220190801544915838_2-41-300x169.jpg 300w\" sizes=\"(max-width: 502px) 100vw, 502px\" \/><\/a><\/div>\n<div>\n<p>Aral\u0131k 2014 sonunda, Tonga&#8217;n\u0131n G\u00fcney Pasifik Krall\u0131\u011f\u0131&#8217;ndaki bir denizalt\u0131 yanarda\u011f\u0131n\u0131n patlamas\u0131 ve\u00a0\u00a0havaya \u015fiddetli bir buhar, k\u00fcl ve kaya ak\u0131\u015f\u0131 sa\u00e7\u0131lmas\u0131 sonucunda\u00a0g\u00f6ky\u00fcz\u00fcne yakla\u015f\u0131k\u00a09 kilometrelik bir k\u00fclp\u00fcsk\u00fcrmesi ger\u00e7ekle\u015fmi\u015fti. \u00a0K\u00fcl Ocak 2015&#8217;te bug\u00fcnk\u00fc yerine yerle\u015fti\u011finde, 120\u00a0metrelik bir zirveye sahip yenido\u011fan bir ada olu\u015fmu\u015f, b\u00f6lgedeki iki eski ada aras\u0131na yerle\u015fmi\u015fti.<\/p>\n<p>Hunga Tonga-Hunga Ha&#8217;apai olarak bilinen yeni kurulan Tongan adas\u0131n\u0131n, ba\u015flang\u0131\u00e7ta birka\u00e7 ayl\u0131k \u00f6mr\u00fc olaca\u011f\u0131 \u00f6ng\u00f6r\u00fclmesine ra\u011fmen, NASA yeni \u00e7al\u0131\u015fmalar\u0131na g\u00f6re\u00a0adan\u0131n\u00a06-30 y\u0131ll\u0131k bir ya\u015fam s\u00fcresine sahip olaca\u011f\u0131n\u0131 a\u00e7\u0131klad\u0131.<\/p>\n<\/div>\n<div><a href=\"http:\/\/dokuzadabirdeniz.com\/wp-content\/uploads\/garvinagupressconffiguresdraft.jpg\"><img loading=\"lazy\" class=\"aligncenter size-full wp-image-4377\" src=\"http:\/\/dokuzadabirdeniz.com\/wp-content\/uploads\/garvinagupressconffiguresdraft.jpg\" alt=\"garvinagupressconffiguresdraft\" width=\"1041\" height=\"319\" srcset=\"https:\/\/dokuzadabirdeniz.com\/wp-content\/uploads\/garvinagupressconffiguresdraft.jpg 1041w, https:\/\/dokuzadabirdeniz.com\/wp-content\/uploads\/garvinagupressconffiguresdraft-150x46.jpg 150w, https:\/\/dokuzadabirdeniz.com\/wp-content\/uploads\/garvinagupressconffiguresdraft-300x92.jpg 300w, https:\/\/dokuzadabirdeniz.com\/wp-content\/uploads\/garvinagupressconffiguresdraft-1024x314.jpg 1024w\" sizes=\"(max-width: 1041px) 100vw, 1041px\" \/><\/a><\/div>\n<div>\n<p>\u00d6te yandan aday\u0131 incelemek \u00fczere b\u00f6lgeye giden\u00a0Tongal\u0131 jeologlar ve NASA&#8217;dan bilim insanlar\u0131n\u0131n\u00a0yer ald\u0131\u011f\u0131 ekipte oldu\u011funu aktaran Tonga Topraklar Bakanl\u0131\u011f\u0131 Sekreter Yard\u0131mc\u0131s\u0131 Taaniela Kula, ziyaret s\u0131ras\u0131nda adada ya\u015fayan ku\u015f t\u00fcrlerine ve \u00e7i\u00e7eklere rastlad\u0131klar\u0131n\u0131 bildirdi.\u00a0D\u00fcnyan\u0131n en yeni adas\u0131ndaki bitki \u00f6rt\u00fcs\u00fc hakk\u0131nda, \u00e7evre adalarda ya\u015fayan ku\u015flar\u0131n d\u0131\u015fk\u0131s\u0131yla gelen tohumlar\u0131n adada bir bitki \u00f6rt\u00fcs\u00fc olu\u015fturmaya ba\u015flad\u0131\u011f\u0131n\u0131 a\u00e7\u0131klayan kula,\u00a0\u00a0<em>&#8220;\u00c7\u00fcnk\u00fc ada farkl\u0131 t\u00fcrden ku\u015flarla dolu. Deniz ku\u015flar\u0131 b\u00f6lgede yuva yap\u0131yor, kraterin etraf\u0131nda \u00fcr\u00fcyorlar ve ayn\u0131 zamanda volkan\u0131n etraf\u0131ndaki vadilerde ya\u015f\u0131yorlar.&#8221;<\/em> ifadelerini kulland\u0131.<\/p>\n<\/div>\n<div><\/div>\n<div>Adan\u0131n olu\u015fum s\u00fcreci hakk\u0131nda detaylar:\u00a0<a href=\"https:\/\/www.theguardian.com\/world\/video\/2017\/dec\/12\/new-island-being-formed-from-ash-in-tonga-timelapse-video\">https:\/\/www.theguardian.com\/world\/video\/2017\/dec\/12\/new-island-being-formed-from-ash-in-tonga-timelapse-video<\/a><\/div>\n<div><\/div>\n<div><a href=\"https:\/\/www.nasa.gov\/feature\/goddard\/2017\/nasa-shows-new-tongan-island-made-of-tuff-stuff-likely-to-persist-years\">https:\/\/www.nasa.gov\/feature\/goddard\/2017\/nasa-shows-new-tongan-island-made-of-tuff-stuff-likely-to-persist-years<\/a><\/div>\n<div><\/div>\n<div><\/div>\n","protected":false},"excerpt":{"rendered":"<p>G\u00fcney Pasifik&#8217;teki 176 adadan olu\u015fan\u00a0Polinezya \u00fclkesi Tonga a\u00e7\u0131klar\u0131nda 2014 y\u0131l\u0131nda patlayan su alt\u0131 volkan\u0131n\u0131n k\u00fcllerinin olu\u015fturdu\u011fu d\u00fcnyan\u0131n en yeni adas\u0131nda ya\u015fam belirtilerinin g\u00f6r\u00fclmeye ba\u015fland\u0131. \u00a0Radyo Yeni Zelanda&#8217;da yer alan habere g\u00f6re, ba\u015fkent Nuku&#8217;alofa&#8217;n\u0131n yakla\u015f\u0131k 70 kilometre kuzeybat\u0131s\u0131ndaki Hunga Tonga ile Hunga Ha&#8217;apai adalar\u0131 aras\u0131nda 4 y\u0131l \u00f6nce patlayan su alt\u0131 volkandan p\u00fcsk\u00fcren lavlar\u0131n olu\u015fturdu\u011fu aday\u0131 &hellip;<\/p>\n","protected":false},"author":1,"featured_media":4375,"comment_status":"open","ping_status":"open","sticky":false,"template":"","format":"standard","meta":{"_monsterinsights_skip_tracking":false,"_monsterinsights_sitenote_active":false,"_monsterinsights_sitenote_note":"","_monsterinsights_sitenote_category":0},"categories":[44,116,135,83],"tags":[],"_links":{"self":[{"href":"https:\/\/dokuzadabirdeniz.com\/index.php?rest_route=\/wp\/v2\/posts\/4374"}],"collection":[{"href":"https:\/\/dokuzadabirdeniz.com\/index.php?rest_route=\/wp\/v2\/posts"}],"about":[{"href":"https:\/\/dokuzadabirdeniz.com\/index.php?rest_route=\/wp\/v2\/types\/post"}],"author":[{"embeddable":true,"href":"https:\/\/dokuzadabirdeniz.com\/index.php?rest_route=\/wp\/v2\/users\/1"}],"replies":[{"embeddable":true,"href":"https:\/\/dokuzadabirdeniz.com\/index.php?rest_route=%2Fwp%2Fv2%2Fcomments&post=4374"}],"version-history":[{"count":2,"href":"https:\/\/dokuzadabirdeniz.com\/index.php?rest_route=\/wp\/v2\/posts\/4374\/revisions"}],"predecessor-version":[{"id":4379,"href":"https:\/\/dokuzadabirdeniz.com\/index.php?rest_route=\/wp\/v2\/posts\/4374\/revisions\/4379"}],"wp:featuredmedia":[{"embeddable":true,"href":"https:\/\/dokuzadabirdeniz.com\/index.php?rest_route=\/wp\/v2\/media\/4375"}],"wp:attachment":[{"href":"https:\/\/dokuzadabirdeniz.com\/index.php?rest_route=%2Fwp%2Fv2%2Fmedia&parent=4374"}],"wp:term":[{"taxonomy":"category","embeddable":true,"href":"https:\/\/dokuzadabirdeniz.com\/index.php?rest_route=%2Fwp%2Fv2%2Fcategories&post=4374"},{"taxonomy":"post_tag","embeddable":true,"href":"https:\/\/dokuzadabirdeniz.com\/index.php?rest_route=%2Fwp%2Fv2%2Ftags&post=4374"}],"curies":[{"name":"wp","href":"https:\/\/api.w.org\/{rel}","templated":true}]}}