{"id":424,"date":"2015-09-03T16:21:47","date_gmt":"2015-09-03T13:21:47","guid":{"rendered":"http:\/\/dokuzadabirdeniz.com\/?p=424"},"modified":"2016-02-09T14:25:32","modified_gmt":"2016-02-09T12:25:32","slug":"hangikentte-hangi-hak","status":"publish","type":"post","link":"https:\/\/dokuzadabirdeniz.com\/?p=424","title":{"rendered":"Hangi Kentte, Hangi Hak?"},"content":{"rendered":"<p><span style=\"font-family: 'Palatino Linotype', 'Book Antiqua', Palatino, serif; font-size: 12pt;\"><strong>Marcelo Lopes de Souza\u00a0*<strong><sup>\u00a0\u00a0<\/sup><\/strong><\/strong><\/span><\/p>\n<p><span style=\"font-family: 'Palatino Linotype', 'Book Antiqua', Palatino, serif; font-size: 12pt;\"><em>\u00c7<\/em><em>eviren: <\/em>Ayta\u00e7 Demirci**\u00a0<em>D<\/em><em>\u00fc<\/em><em>zelti<\/em><em>: <\/em>Erbatur \u00c7avu\u015fo\u011flu<\/span><\/p>\n<p><span style=\"font-family: 'Palatino Linotype', 'Book Antiqua', Palatino, serif; font-size: 12pt;\">\u0130lk kez 1960&#8217;larda Frans\u0131z filozof Henri Lefebvre taraf\u0131ndan telaffuz edilen\u00a0&#8220;Kent Hakk\u0131&#8221; ifadesi bug\u00fcnlerde epey reva\u00e7ta. Kar\u015f\u0131l\u0131\u011f\u0131nda \u00f6denen bedel ise\u00a0genellikle Lefebvre&#8217; in kavram\u0131n\u0131n <em>i\u00e7inin bo\u015falt\u0131 imas\u0131 ve yozla\u015ft\u0131r\u0131 imas\u0131 <\/em>oluyor:\u00a0\u00c7o\u011fu durumda kavram sadece kapitalist kent ba\u011flam\u0131nda ve (&#8220;iyile\u015ftirilmi\u015f&#8221;)\u00a0temsili &#8220;demokrasi&#8221; temelinde daha &#8220;insani&#8221; bir ya\u015fam hakk\u0131n\u0131 ifade ediyor.<\/span><br \/>\n<span style=\"font-family: 'Palatino Linotype', 'Book Antiqua', Palatino, serif; font-size: 12pt;\"> Bunun kar\u015f\u0131s\u0131nda, 1970&#8217;lerin ba\u015f\u0131ndan beri Lefebvre&#8217;in d\u00fc\u015f\u00fcncelerine e\u011filen,\u00a0m\u00fcmtaz Marxist kent ara\u015ft\u0131rmac\u0131s\u0131 David Harvey, reformist olmayan bir \u00a0&#8220;Kent Hakk\u0131&#8221; anlay\u0131\u015f\u0131n\u0131 devam ettiriyor. Dahas\u0131, ele\u015ftirel analizinde beylik akademik d\u00fczeyin \u00f6tesine ge\u00e7en Harvey, politik-stratejik de\u011ferlendirme ve tavsiyelerde bulunuyor. Fakat liberter bir noktadan bak\u0131ld\u0131\u011f\u0131nda Harvey&#8217;in s\u00f6zleri, g\u00fcn\u00fcm\u00fcz\u00fcn otonom karaktere sahip, radikal demokrasi temelli toplumsal hareketleri ile bunlar\u0131n eylemde bulundu\u011fu ko\u015fullar\u0131 i\u00e7eren yeni fenomenleri eski g\u00f6zl\u00fcklerle, o da k\u0131smen, g\u00f6rmeye yeltenmekten farks\u0131z geliyor: Eski g\u00f6zl\u00fcklerden kast\u0131m devlet\u00e7ilik, merkeziyet\u00e7ilik ve hiyerar\u015fi. Bunun sonucu olarak bug\u00fcn\u00fcn akt\u00f6rleri, eylemlilikleri, potansiyelleri ve stratejileri genellikle yanl\u0131\u015f de\u011ferlendirilmektedir. Bu makalenin amac\u0131 bu t\u00fcr bir yorumun s\u0131n\u0131rlar\u0131n\u0131 g\u00f6stermek oldu\u011fu gibi liberter bak\u0131\u015f a\u00e7\u0131s\u0131yla &#8220;Kent Hakk\u0131&#8221;n\u0131n ne olabilece\u011fini ve bu amaca ula\u015fmak i\u00e7in nas\u0131l bir strateji izlenebilece\u011fini tart\u0131\u015fmakt\u0131r. Bunu yaparken kavram sadece spek\u00fclatif bir te\u015febb\u00fcs olarak ele al\u0131nmay\u0131p Latin Amerika&#8217;dan Avrupa ve Afrika&#8217;ya farkl\u0131 toplumsal hareketlerin somut deneyimlerinden esinlenilecektir.<\/span><\/p>\n<p>&nbsp;<\/p>\n<p><span style=\"font-family: 'Palatino Linotype', 'Book Antiqua', Palatino, serif; font-size: 12pt;\"><strong>Ba\u015fka Bir D\u00fcnyada Ba\u015fka Bir Kente Hak Olarak Kent Hakk\u0131: <\/strong><strong>Henri <\/strong><strong>Lefebvre&#8217;e D\u00f6n\u00fc\u015f <\/strong><strong>&#8211; <\/strong><strong>Ve Lefebvre&#8217;in \u00d6tesinde<\/strong><\/span><\/p>\n<p><span style=\"font-family: 'Palatino Linotype', 'Book Antiqua', Palatino, serif; font-size: 12pt;\">&#8220;Kent Hakk\u0131&#8221; slogan\u0131 etraf\u0131nda artan bir tart\u0131\u015fman\u0131n ve bir nebze de hareketlili\u011fin oldu\u011fu g\u00f6zleniyor. \u0130lk bak\u0131\u015fta bunlar, do\u011frudan ya da dolayl\u0131 olarak Henri Lefebvre&#8217;in 1960&#8217;lar\u0131n sonunda ve 1970&#8217;lerde geli\u015ftirdi\u011fi tez ve analizlerinden ilham al\u0131yor gibidir.<\/span><\/p>\n<p><span style=\"font-family: 'Palatino Linotype', 'Book Antiqua', Palatino, serif; font-size: 12pt;\">Peki ama neden &#8220;ilk bak\u0131\u015fta&#8221;? \u00c7\u00fcnk\u00fc akademik \u00e7evrelerde ve bir miktar da STK&#8217;lardan uluslararas\u0131 ve ulusal (kentli) &#8220;kalk\u0131nma&#8221; b\u00fcrolar\u0131na kadar \u00e7e\u015fitli mecralarda Lefebvre&#8217;in eserlerine y\u00f6nelik yeni bir ilgi do\u011fmakla birlikte, Lefebvre&#8217;in <em>yakla\u015f\u0131mlar\u0131 ve radikalli\u011fi <\/em>her zaman dikkate al\u0131n\u0131yor veya muhafaza ediliyor gibi g\u00f6r\u00fcnm\u00fcyor. <em>Tam tersine.<\/em><\/span><\/p>\n<p><span style=\"font-family: 'Palatino Linotype', 'Book Antiqua', Palatino, serif; font-size: 12pt;\">Brezilya&#8217;n\u0131n <em>Ministerio das Cidades&#8217;inden <\/em>(Kentler Bakanl\u0131\u011f\u0131) Hamburg&#8217;un <em>Recht <\/em><em>auf <\/em><em>Stadt-Netzwerk&#8217;me <\/em>(Kent Hakk\u0131 A\u011f\u0131), k\u00fc\u00e7\u00fck STK&#8217;lardan <em>BM-Habitaf ma, <\/em>&#8220;Kent Hakk\u0131&#8221;n\u0131 bir \u00e7e\u015fit \u015femsiye-kavram gibi kullanan kalabal\u0131k bir kitle bulmak m\u00fcmk\u00fcn. Bunlar\u0131n \u00e7o\u011fu, &#8220;s\u00fcrd\u00fcr\u00fclebilirlik&#8221; benzeri di\u011fer \u015femsiye ifadelerde oldu\u011fu gibi, &#8220;Kent Hakk\u0131&#8221;ndan ne anla\u015f\u0131lmas\u0131 gerekti\u011fi herkesin malumuymu\u015f gibi davran\u0131yor. Oysa &#8220;Kent Hakk\u0131&#8221;n\u0131n stat\u00fckocu olu\u015fum ve gruplarca <em>basitle\u015ftirilip evcille\u015ftirilmesi <\/em>ciddi bir tehlike arz etti\u011finden, hi\u00e7 de\u011filse \u00f6zg\u00fcrl\u00fck\u00e7\u00fc toplumsal hareketler ve radikal m\u00fcnevverler Lefebvre&#8217;in bu ifadesini bir \u00e7e\u015fit &#8220;ihtilafl\u0131 b\u00f6lge&#8221; olarak de\u011ferlendirmeliydi.<\/span><\/p>\n<p><span style=\"font-family: 'Palatino Linotype', 'Book Antiqua', Palatino, serif; font-size: 12pt;\">\u015eimdi soral\u0131m: &#8220;Kent Hakk\u0131&#8221;ndan ne anla\u015f\u0131l\u0131yor? Temel unsurlar\u0131 nelerdir veya bunlara ili\u015fkin ne t\u00fcr yorumlar yap\u0131lmaktad\u0131r?<\/span><\/p>\n<p><span style=\"font-family: 'Palatino Linotype', 'Book Antiqua', Palatino, serif; font-size: 12pt;\">Pek \u00e7ok (asl\u0131nda \u00e7o\u011fu) STK ve (kentsel) &#8220;kalk\u0131nma&#8221; ajans\u0131 i\u00e7in &#8220;Kent Hakk\u0131&#8221; \u015f\u00f6yle bir ideal senaryoya tekab\u00fcl etmektedir: &#8220;insani ve hesapl\u0131 konut&#8221; (dar anlam\u0131yla &#8220;iyi&#8221; konuttan, &#8220;iyi&#8221; bir altyap\u0131s\u0131 olan mahalleye ve &#8220;\u00e7evre dostu&#8221; ta\u015f\u0131ma olanaklar\u0131na) + &#8220;kat\u0131l\u0131m&#8221; (bu ba\u011flamda \u00e7o\u011fu g\u00f6zlemci ve akt\u00f6r, sadece fikir al\u0131nmas\u0131n\u0131 bile bayram edilecek bir \u015feymi\u015f gibi kabul ediyor). Politik-felsefi, a\u00e7\u0131k ya da gizli sosyal-teorik unsurlar ise \u015f\u00f6yle \u00f6zetlenebilir: &#8220;M\u00fcmk\u00fcn oldu\u011funca sosyal adalet ve \u00e7evre koruma elbette, ama l\u00fctfen ger\u00e7ek\u00e7i olal\u0131m, \u00fctopya devri kapand\u0131 art\u0131k.&#8221;<\/span><\/p>\n<p><span style=\"font-family: 'Palatino Linotype', 'Book Antiqua', Palatino, serif; font-size: 12pt;\">Bu somut olarak \u015funa tekab\u00fcl ediyor:<\/span><\/p>\n<p><span style=\"font-family: 'Palatino Linotype', 'Book Antiqua', Palatino, serif; font-size: 12pt;\">1) Neoliberalizm kesinlikle reddedilir, ama <em>oldu\u011fu haliyle <\/em>kapitalizm de\u011fil (yani burada, yap\u0131labilecek en iyi \u015feyin neoliberalizmi, yeri geldi\u011finde alternatif, &#8220;dayan\u0131\u015fma&#8221; temelli ekonomik mikro-k\u00fcmelenmelerce desteklenecek bir \u00e7e\u015fit &#8220;sol-Keynes\u00e7ilikle&#8221; de\u011fi\u015ftirmek oldu\u011funa y\u00f6nelik \u00f6rt\u00fck bir \u00f6nerme bulunuyor).<\/span><\/p>\n<p><span style=\"font-family: 'Palatino Linotype', 'Book Antiqua', Palatino, serif; font-size: 12pt;\">2) \u015eu &#8220;k\u00fcresel\u00a0G\u00fcney&#8221;in \u015fu &#8220;fakir \u00fclkeleri&#8221;ne b\u00fcy\u00fck fenal\u0131klar eden korumac\u0131l\u0131k, kesinlikle m\u00fccadele edilmesi ve alt edilmesi gereken bir \u015feydir; ancak k\u00fcresel (kapitalist) pazar, &#8220;Tobin Vergisi&#8221; ve benzeri ara\u00e7larla &#8220;ehlile\u015ftirilebilir,&#8221; dolay\u0131s\u0131yla<\/span><br \/>\n<span style=\"font-family: 'Palatino Linotype', 'Book Antiqua', Palatino, serif; font-size: 12pt;\"> bizzat kapitalizmi tepelemek suretiyle defedilip ortadan kald\u0131r\u0131lmas\u0131na gerek yoktur. 3) Kentlerden ba\u015flayarak t\u00fcm d\u00fcnyada \u00e7evrenin \u00e7ok daha etkili bir bi\u00e7imde korumas\u0131 gerekir, ancak bu (kapitalist) pazar\u0131 &#8220;ekolojik hedeflerle&#8221; &#8220;bir araya getirmeyi&#8221; ve &#8220;birle\u015ftirmeyi&#8221; &#8220;ciddi bi\u00e7imde&#8221; deneyen bir ekonomi politikas\u0131 \u00e7er\u00e7evesinde yap\u0131lmal\u0131d\u0131r (bu da nihayetinde, bir \u00fcretim modeli olarak kapitalizmin <em>do\u011fas\u0131 gere\u011fi ve \u00f6zellikle anti-ekolojik <\/em>oldu\u011funu savunan Murray Bookchin ve Cornelius Castoriadis gibi yazarlar\u0131n uyar\u0131 ve \u00f6nerileri ya g\u00f6rmezden geliniyor ya da yanl\u0131\u015f ve velveleci addediliyor demektir). 4) &#8220;Kat\u0131l\u0131mc\u0131 demokrasi&#8221;ye eri\u015fmek gerekiyor ki bu genellikle \u015fu anlama geliyor: temsili demokrasi &#8220;kat\u0131l\u0131m&#8221; ile <em>desteklenmeli <\/em>ve <em>&#8220;d\u00fczeltilmelidir&#8221; <\/em>(yani temsili &#8220;demokrasi&#8221; ve devlet ayg\u0131tlar\u0131, &#8220;serbest vek\u00e2let&#8221; gibi sacayaklar\u0131 sorgulanmadan kalmal\u0131d\u0131r).<\/span><\/p>\n<p><span style=\"font-family: 'Palatino Linotype', 'Book Antiqua', Palatino, serif; font-size: 12pt;\"><br \/>\n<a href=\"http:\/\/dokuzadabirdeniz.com\/wp-content\/uploads\/s_t15_RTR3GTPI.jpg\"><img loading=\"lazy\" class=\"alignleft wp-image-2573 \" src=\"http:\/\/dokuzadabirdeniz.com\/wp-content\/uploads\/s_t15_RTR3GTPI.jpg\" alt=\"s_t15_RTR3GTPI\" width=\"391\" height=\"255\" srcset=\"https:\/\/dokuzadabirdeniz.com\/wp-content\/uploads\/s_t15_RTR3GTPI.jpg 991w, https:\/\/dokuzadabirdeniz.com\/wp-content\/uploads\/s_t15_RTR3GTPI-150x98.jpg 150w, https:\/\/dokuzadabirdeniz.com\/wp-content\/uploads\/s_t15_RTR3GTPI-300x195.jpg 300w\" sizes=\"(max-width: 391px) 100vw, 391px\" \/><\/a>H\u00e2s\u0131l\u0131 kelam, bunlar g\u00fcn\u00fcm\u00fcz STK ve &#8220;kalk\u0131nma&#8221; ajanslar\u0131n\u0131n bilinen \u00f6nermeleri olup felsefi ve teorik arka planlar\u0131n\u0131 te\u015fkil etmektedir. Onlara g\u00f6re gelecek bug\u00fcnden farkl\u0131 olmal\u0131d\u0131r; fakat ger\u00e7ekten farkl\u0131 bir gelecek tahayy\u00fcl\u00fc kuramad\u0131klar\u0131ndan (ve \u00e7o\u011fu durumda kurmak istemediklerinden), g\u00fcn\u00fcn sonunda az ya da \u00e7ok bug\u00fcn\u00fcn devam\u0131 olan bir gelecek vaat eden &#8220;\u00e7\u00f6z\u00fcmler&#8217;le yetinirler. Ekonomik geli\u015fmenin kapitalist ideolojisini ele\u015ftiri ba\u011flam\u0131nda, Castoriadis bir keresinde, bir nevi &#8220;asgari korkuyla kalk\u0131nma m\u00fc\u015faviri&#8221; gibi &#8220;realizm&#8221; ad\u0131na hareket etmeyi reddetti\u011fini s\u00f6ylemi\u015fti (Castoriadis 1986). Tamam, \u00e7ok say\u0131da (veya \u00e7o\u011fu, hatta t\u00fcm) STK&#8217;lar ve &#8220;kalk\u0131nma&#8221; ajanslar\u0131 &#8220;asgari korkuyla kentsel kalk\u0131nma m\u00fc\u015faviri&#8221; rol\u00fcn\u00fc benimsemi\u015f g\u00f6r\u00fcn\u00fcyorlar. &#8220;Kent Hakk\u0131&#8221; bu mu oluyor \u015fimdi?<\/span><\/p>\n<p><span style=\"font-family: 'Palatino Linotype', 'Book Antiqua', Palatino, serif; font-size: 12pt;\">B\u00f6ylesine vasat ve konformist bir ortamda, (\u00f6zellikle \u015fu &#8220;k\u00fcresel Kuzey&#8221;de) \u00e7o\u011fu halk hareketi aktivistinin bile &#8220;Kent Hakk\u0131&#8221;n\u0131 sadece soylula\u015ft\u0131rmaya kar\u015f\u0131 \u00e7\u0131kmak olarak alg\u0131lamas\u0131 ve alternatif kent siyasetinin, (mikro) yerel grup ve \u00f6rg\u00fctlerin bir a\u011f olu\u015fturdu\u011fu ve bazen birlikte hareket edip ortak bir cephede m\u00fccadele etti\u011fi durumlarda dahi, &#8220;m\u0131nt\u0131ka siyaseti&#8221;ne indirgenmesi tesad\u00fcf olmad\u0131\u011f\u0131 gibi \u015fa\u015f\u0131rt\u0131c\u0131 da de\u011fildir. &#8220;Mahallemizin \u015fu an oldu\u011fu gibi kalmas\u0131n\u0131 talep ediyoruz (tarihsel ve k\u00fclt\u00fcrel de\u011feri bulunan g\u00fczelim binalar\u0131m\u0131z\u0131n sermaye dola\u015f\u0131m\u0131n\u0131n yarar\u0131na korkun\u00e7 al\u0131\u015fveri\u015f merkezleri ve benzeri \u015feylerle de\u011fi\u015ftirilmesini istemiyoruz); d\u00fc\u015f\u00fck kiralar talep ediyoruz (spek\u00fclat\u00f6rlerin hayr\u0131na kiralar\u0131n y\u00fckselmesini istemiyoruz); sanat\u00e7\u0131lar\u0131n ve \u00fcretken insanlar\u0131n \u015fehrin merkezinden uzakla\u015ft\u0131r\u0131lmamas\u0131n\u0131 talep ediyoruz.&#8221; \u0130yi. Ama t\u00fcm bunlar <em>yeterli <\/em>mi? Yery\u00fcz\u00fcn\u00fcn kimi kesimlerinde bunlardan me\u015fru bir <em>ba\u015flang\u0131\u00e7 <\/em>yarat\u0131labilir, ancak d\u00fcnyan\u0131n geri kalan b\u00fcy\u00fck \u00e7o\u011funlu\u011funda, \u00e7ok daha temel ihtiya\u00e7lar\u0131n acilen kar\u015f\u0131lanmas\u0131 gereklili\u011fiyle y\u00fczle\u015fmeliyiz \u00f6ncelikle. Fakat &#8220;m\u0131nt\u0131ka siyasetf&#8217;ne indirgenmi\u015f bir &#8220;Kent Hakk\u0131&#8221; stratejik bir ufuktan yoksun oldu\u011fu gibi d\u00fc\u015f\u00fcnce ve eylem i\u00e7in genel bir \u00e7er\u00e7eve sunmak bak\u0131m\u0131ndan da ziyadesiyle yetersizdir.Bir ba\u015fka deyi\u015fle, mikro d\u00fczeydeki talep ve isteklerin daha geni\u015f bir ba\u011flama oturtulmas\u0131 gerekmektedir. \u00d6rne\u011fin:<\/span><\/p>\n<p><span style=\"font-family: 'Palatino Linotype', 'Book Antiqua', Palatino, serif; font-size: 12pt;\">1)\u00a0 Sadece ve evvela bir &#8220;siyasi irade&#8221; (eksikli\u011fi) meselesi olarak de\u011fil,\u00a0<em>mevcut kapitalizmin &#8220;mant\u0131ksal&#8221; bir sonucu olan soylula\u015ft\u0131rma ve &#8220;konut sorunu&#8221;<\/em><em>;<\/em><\/span><\/p>\n<ul>\n<li><span style=\"font-family: 'Palatino Linotype', 'Book Antiqua', Palatino, serif; font-size: 12pt;\"><em>Genellikle &#8220;kriz y\u00f6netimi&#8221; ve sistematik istikrar sa\u011flama arac\u0131 olan <\/em><em>&#8220;kat\u0131l\u0131m&#8221; <\/em>(nadiren kal\u0131c\u0131 olan h\u00fck\u00fcmet-destekli kat\u0131l\u0131m durumlar\u0131 hari\u00e7);<\/span><\/li>\n<li><span style=\"font-family: 'Palatino Linotype', 'Book Antiqua', Palatino, serif; font-size: 12pt;\"><em>Yat\u0131r\u0131mc\u0131lar a\u00e7\u0131s\u0131ndan bir &#8220;yerse\u00e7im fakt\u00f6r\u00fc&#8221; olan &#8220;kentsel \u00e7e\u015fitlilik&#8221; <\/em>(bu arada, &#8220;uysalla\u015ft\u0131r\u0131ld\u0131\u011f\u0131,&#8221; hatta &#8220;evcille\u015ftirildi\u011finde&#8221; &#8220;bozguncu&#8221; yarat\u0131c\u0131l\u0131k bile ticarile\u015ftirilebilir). Bu t\u00fcr meseleleri g\u00f6z \u00f6n\u00fcne almazsak, o beylik metaforda oldu\u011fu gibi &#8220;a\u011fac\u0131&#8221; g\u00f6r\u00fcr, ancak &#8220;orman\u0131&#8221; g\u00f6remeyiz.<\/span><\/li>\n<\/ul>\n<p><span style=\"font-family: 'Palatino Linotype', 'Book Antiqua', Palatino, serif; font-size: 12pt;\"><br \/>\n<img loading=\"lazy\" class=\"size-medium wp-image-3218 alignleft\" src=\"http:\/\/dokuzadabirdeniz.com\/wp-content\/uploads\/404373_448839971890466_1261569285_n-300x300.jpg\" alt=\"404373_448839971890466_1261569285_n\" width=\"300\" height=\"300\" srcset=\"https:\/\/dokuzadabirdeniz.com\/wp-content\/uploads\/404373_448839971890466_1261569285_n-300x300.jpg 300w, https:\/\/dokuzadabirdeniz.com\/wp-content\/uploads\/404373_448839971890466_1261569285_n-150x150.jpg 150w, https:\/\/dokuzadabirdeniz.com\/wp-content\/uploads\/404373_448839971890466_1261569285_n.jpg 612w\" sizes=\"(max-width: 300px) 100vw, 300px\" \/>Asl\u0131nda \u00e7o\u011fu durumda, &#8220;Kent Hakk\u0131&#8221; \u015fu anlama geliyor gibidir: <em>Kapitalist kent ve kapitalist toplum ba\u011flam\u0131nda ve (&#8220;iyile\u015f\u00fcrilip geli\u015ftirilmi\u015f&#8221;) temsili &#8220;demokrasi&#8221; temelinde daha iyi, daha &#8220;insani&#8221; bir ya\u015fam hakk\u0131. <\/em>Neoliberalizmin, soylula\u015ft\u0131rman\u0131n ve &#8220;siyasetin b\u00fcy\u00fcs\u00fcn\u00fc kaybetmesinin&#8221; az \u00e7ok ele\u015ftirel analize t\u00e2bi tutuluyor oldu\u011fu ger\u00e7e\u011fi ille de neoliberalizmin, soylula\u015ft\u0131rman\u0131n ve &#8220;siyasetin b\u00fcy\u00fcs\u00fcn\u00fc kaybetmesinin&#8221; temel \u00f6nermelerinin \u0131srarl\u0131 bir bi\u00e7imde ele\u015ftirildi\u011fi veya reddedildi\u011fi anlam\u0131na gelmiyor. Bunun i\u00e7in bir ad\u0131m daha at\u0131p daha kesin bir tav\u0131r benimsemek gerekiyor. H\u00e2l\u00e2 bu radikal yolda y\u00fcr\u00fcmeyi d\u00fc\u015f\u00fcnen var m\u0131?&#8230;<\/span><\/p>\n<p><span style=\"font-family: 'Palatino Linotype', 'Book Antiqua', Palatino, serif; font-size: 12pt;\">Az \u00e7ok 7984&#8217;\u00fcn &#8220;Yenikonu\u015f&#8221;una yak\u0131n, &#8220;\u015fizofren&#8221; veya &#8220;dolamba\u00e7l\u0131&#8221; bir dilden yana olmayanlar, Henri Lefebvre&#8217;in tuttu\u011fu yolun radikal bir yol oldu\u011funun bilincinde olmal\u0131d\u0131rlar. S\u0131kl\u0131kla yanl\u0131\u015f anla\u015f\u0131lan heterodokslu\u011fu bir yana, Marksistli\u011finin Lefebvre&#8217;i daha da radikal olmaktan, kimi zaman daha kesin ya da sadece daha adil olmaktan al\u0131koydu\u011funu s\u00f6yleyebiliriz belki. Bir iki \u00f6rnek yeterli olacakt\u0131r:<\/span><\/p>\n<p><span style=\"font-family: 'Palatino Linotype', 'Book Antiqua', Palatino, serif; font-size: 12pt;\">1)\u00a0 Leninist olmayan, heterodoks bir Marksist olarak <em>autogestion\u00a0<\/em>(\u00f6zy\u00f6netim) gibi \u00e7ok \u00f6nemli bir siyasi terimi geli\u015ftirmi\u015fse de<sup>1<\/sup>, b\u0131rak\u0131n\u00a0bu siyasi terimin tarihsel anar\u015fist k\u00f6klerini, 1950&#8217;lerden beri Fransa&#8217;da\u00a0ba\u015fta Cornelius Castoradis, <em>Socialisme ou Barbarie <\/em>(ya Sosyalizm ya\u00a0Barbarl\u0131k) grubu \u00fcyelerinin s\u00fcrd\u00fcrmekte oldu\u011fu i\u015f\u00e7ilerin \u00f6zy\u00f6netimine\u00a0y\u00f6nelik son derece kapsaml\u0131 ve radikal tart\u0131\u015fmaya dahi hak etti\u011fi\u00a0sayg\u0131y\u0131 g\u00f6stermeye y\u00f6nelik herhangi bir niyetinin olmad\u0131\u011f\u0131 ortadad\u0131r.&#8221;<\/span><\/p>\n<p><span style=\"font-family: 'Palatino Linotype', 'Book Antiqua', Palatino, serif; font-size: 12pt;\">2)\u00a0 Dahas\u0131, her ne kadar bir <em>autogestion generalisee <\/em>(genel \u00f6zy\u00f6netim)\u00a0talep ediyor, ayn\u0131 zamanda b\u00fcrokratik &#8220;sosyalizmin&#8221; &#8220;1&#8217;experience\u00a0de la planification autoritaire et centralisee&#8221; (&#8220;otoriter ve b\u00fcrokratik\u00a0planlama deneyiminin&#8221;) ele\u015ftirisini yap\u0131yorsa da (Lefebvre 1998:\u00a077), Yugoslavya \u00f6rne\u011finden bahsederken, bu deneyime ili\u015fkin kimi\u00a0\u00e7ekincelerine ra\u011fmen,<sup>111<\/sup> <em>autogestion <\/em>terimini kullanmakta \u0131srar etmesi\u00a0biraz hayal k\u0131r\u0131c\u0131d\u0131r. (Birazc\u0131k daha az merkeziyet\u00e7ilik ve birazc\u0131k daha<\/span><br \/>\n<span style=\"font-family: 'Palatino Linotype', 'Book Antiqua', Palatino, serif; font-size: 12pt;\"> fazla &#8220;kat\u0131l\u0131m&#8221; bir yana b\u0131rak\u0131ld\u0131\u011f\u0131nda, Mare\u015fal Josip Tito y\u00f6netimindeki\u00a0Yugoslav ger\u00e7ekli\u011fi Sovyet yanl\u0131s\u0131 \u00fclkelerdeki b\u00fcrokratik &#8220;sosyalizm&#8221;e\u00a0benzemiyor muydu?)<\/span><\/p>\n<p><span style=\"font-family: 'Palatino Linotype', 'Book Antiqua', Palatino, serif; font-size: 12pt;\"><em>Her \u015feye ra\u011fmen <\/em>Lefebvre i\u00e7in &#8220;Kent Hakk\u0131,&#8221; bikent (yok-kent) sayd\u0131\u011f\u0131, ger\u00e7ekten insani ve ya\u015fanabilir bir \u015fehrin tam kar\u015f\u0131s\u0131nda oldu\u011funu d\u00fc\u015f\u00fcnd\u00fc\u011f\u00fc kapitalist kent s\u0131n\u0131rlar\u0131 i\u00e7inde daha iyi konut, d\u00fc\u015f\u00fck kira gibi haklara indirgenemezdi. Aksine bu hak farkl\u0131, adil bir toplum ba\u011flam\u0131nda \u00e7ok ba\u015fka bir ya\u015famla ilgiliydi (bkz. Lefebvre, 1991; ayr\u0131ca Lefebvre 1976, 1981 ve \u00f6zellikle 1983). &#8220;Kat\u0131l\u0131mdan&#8221; ya da g\u00fcn\u00fcm\u00fcz reformistlerinin kulland\u0131\u011f\u0131 anlamda &#8220;kat\u0131l\u0131mc\u0131 demokrasiden&#8221; de\u011fil, <em>autogestion<\/em>&#8216;dan (\u00f6zy\u00f6netim) s\u00f6z etmesi tevekkeli de\u011fildir. Birtak\u0131m eksiklerine ra\u011fmen Lefebvre radikal d\u00fc\u015f\u00fcnce i\u00e7in m\u00fchim bir ilham kayna\u011f\u0131 oldu ve olmaya devam ediyor. T\u00fcm bunlar\u0131n \u00f6tesinde o hi\u00e7bir zaman basit bir &#8220;asgari korkuyla (kentsel) kalk\u0131nma m\u00fc\u015faviri&#8221; olmam\u0131\u015ft\u0131r.<\/span><\/p>\n<p><span style=\"font-family: 'Palatino Linotype', 'Book Antiqua', Palatino, serif; font-size: 12pt;\">Elbette kimse Lefebvre&#8217;le ayn\u0131 fikirde olmak zorunda de\u011fil. Her alanda konformizmin ve d\u00fc\u015f g\u00fcc\u00fc noksanl\u0131\u011f\u0131n\u0131n yayg\u0131n oldu\u011fu b\u00f6yle bir \u00e7a\u011fda (Castoriadis 1990a), dile getirmeseler bile pek \u00e7ok insan\u0131n Lefebvre&#8217;in yakla\u015f\u0131m\u0131n\u0131n kula\u011fa &#8220;fazla \u00fctopyac\u0131&#8221; geldi\u011fini hissedip d\u00fc\u015f\u00fcn\u00fcyor olmas\u0131 anla\u015f\u0131l\u0131r bir \u015feydir. <em>Fakat sorunlar\u0131m\u0131z\u0131n \u00e7\u00f6z\u00fcm\u00fc gibi sunulan reformist ve <\/em><em>stat\u00fckoya \u00e7anak tutan yakla\u015f\u0131mlar\u0131 me\u015frula\u015ft\u0131rmak veya reformist s\u00f6ylemleri s\u00fcslemek i\u00e7in onun kelimelerini, hatta ad\u0131n\u0131 kullanmaktan vazge\u00e7ip Lefebvre &#8216;in yakas\u0131n\u0131 b\u0131rakacak kadar d\u00fcr\u00fcst olabilirler en az\u0131ndan.<\/em><\/span><\/p>\n<p><span style=\"font-family: 'Palatino Linotype', 'Book Antiqua', Palatino, serif; font-size: 12pt;\">&#8220;Kent Hakk\u0131&#8221; slogan\u0131 t\u00fcm d\u00fcnyada moda oldu. Peki bu iyi bir \u015fey mi? Kesinlikle de\u011fil, e\u011fer bunun i\u00e7in \u00f6dedi\u011fimiz bedel Lefebvre&#8217;in kavram\u0131n\u0131n i\u00e7inin <em>bo\u015falt\u0131l\u0131p yozla\u015ft\u0131r\u0131lmas\u0131 <\/em>olacaksa \u00fcstelik. Kald\u0131 ki bunun neticesinde s\u00f6z konusu ifade muhtemelen ele\u015ftirel-radikal ama\u00e7larla kullan\u0131lamaz hale gelmektedir. Yak\u0131n ge\u00e7mi\u015fte \u00e7ok say\u0131da ifade ve kavram bu \u015fekilde neredeyse &#8220;fethedilmi\u015f&#8221; durumda. &#8220;Kent Hakk\u0131&#8221;n\u0131n da ayn\u0131 kaderi payla\u015fmamas\u0131 i\u00e7in ad\u0131m atman\u0131n vakti geldi de ge\u00e7iyor.<\/span><\/p>\n<p><span style=\"font-family: 'Palatino Linotype', 'Book Antiqua', Palatino, serif; font-size: 12pt;\"><strong>Bir Ad\u0131m \u0130leri, \u0130ki Ad\u0131m Geri: <\/strong><strong>David Harvey <\/strong><strong>ve \u00d6nyarg\u0131n\u0131n Bitmeyen Enerjisi<\/strong><\/span><\/p>\n<ol start=\"20\">\n<li><span style=\"font-family: 'Palatino Linotype', 'Book Antiqua', Palatino, serif; font-size: 12pt;\">y\u00fczy\u0131l\u0131n ikinci yar\u0131s\u0131n\u0131n en etkili liberter d\u00fc\u015f\u00fcn\u00fcrlerinden biri olan, kent ve yurtta\u015fl\u0131k \u00fcst\u00fcne \u00f6nemli eserler vermi\u015f bulunan Murray Bookchin (\u00f6rne\u011fin bkz. Bookchin 1974, 1992 ve 1995), Marx ve Engels&#8217;in Kom\u00fcnist Manifesto&#8217;su \u00fcst\u00fcne kaleme ald\u0131\u011f\u0131 bir metnin ba\u015flar\u0131nda \u015f\u00f6yle demektedir:<\/span><\/li>\n<\/ol>\n<p><span style=\"font-family: 'Palatino Linotype', 'Book Antiqua', Palatino, serif; font-size: 12pt;\">Reformist, postmodernist, sprit\u00fcel ve psikolojik yorumlar Marksizm&#8217;in\u00a0tepesine \u00e7ullanmadan \u00f6nce kaleme al\u0131nan, tam ad\u0131yla <em>Kom\u00fcnist Parti\u00a0Manifestosu<\/em>&#8216;na yeni bir g\u00f6zle bakmak politik bak\u0131mdan yararl\u0131 olacakt\u0131r\u00a0Kendi i\u00e7inde ele al\u0131nd\u0131\u011f\u0131nda, bu &#8220;metnin&#8221; akademik yap\u0131bozumlara ve\u00a0sonsuz tefsir sarmallar\u0131na malzeme olsun diye yaz\u0131lmad\u0131\u011f\u0131 g\u00f6r\u00fcl\u00fcr. Aksine<\/span><\/p>\n<p><span style=\"font-family: 'Palatino Linotype', 'Book Antiqua', Palatino, serif; font-size: 12pt;\">bu metin, kapitalist toplum ili\u015fkilerinin varl\u0131\u011f\u0131na ve bunlar\u0131n \u00fczerinde y\u00fckseldi\u011fi s\u0131n\u0131f temeline meydan okuyan bir partinin m ani fes tosudur. <em>Manifesto <\/em>yaz\u0131ld\u0131\u011f\u0131 d\u00f6nemin s\u00f6m\u00fcr\u00fcye dayal\u0131 toplumsal d\u00fczenini do\u011frudan kar\u015f\u0131s\u0131na alm\u0131\u015f, i\u015f\u00e7i s\u0131n\u0131f\u0131n\u0131 buna kar\u015f\u0131 devrimci eyleme ge\u00e7irmeye yeltenmi\u015fti. (Bookchin 2010)<\/span><\/p>\n<p><span style=\"font-family: 'Palatino Linotype', 'Book Antiqua', Palatino, serif; font-size: 12pt;\">Gen\u00e7li\u011finde Marksist olan Bookchin, burada oldu\u011fu gibi ba\u015fka metinlerde de ziyadesiyle hakk\u0131n\u0131 teslim edecek kadar Marx&#8217;a yak\u0131n durmay\u0131 s\u00fcrd\u00fcrd\u00fc. \u00c7eli\u015fkileri, sorunlar\u0131 ve belirsizlikleri bir yana, Marx&#8217;in dehas\u0131yla pek \u00e7ok (hatta \u00e7o\u011fu) 20. y\u00fczy\u0131l Marksistinin vasatl\u0131\u011f\u0131 aras\u0131nda b\u00fcy\u00fck bir fark oldu\u011funu d\u00fc\u015f\u00fcn\u00fcyordu. Bir ba\u015fka metinde, <em>Manifesto<\/em>&#8216;dan Marx ve Engels&#8217;in \u00fcnl\u00fc c\u00fcmlelerinden birini, &#8220;On dokuzuncu y\u00fczy\u0131l\u0131n devrimi, kendi \u00f6z i\u00e7eri\u011fine ula\u015fmak i\u00e7in \u00f6l\u00fcleri, kendi \u00f6l\u00fclerini g\u00f6mmeye terk etmek zorundad\u0131r,&#8221;<sup>2 <\/sup>al\u0131nt\u0131lad\u0131ktan sonra \u015funu soruyordu:<\/span><\/p>\n<p><span style=\"font-family: 'Palatino Linotype', 'Book Antiqua', Palatino, serif; font-size: 12pt;\">Yirmi birinci y\u00fczy\u0131la yakla\u015ft\u0131\u011f\u0131m\u0131z \u015fu g\u00fcnlerde mesele bundan \u00e7ok mu farkl\u0131d\u0131r? Bir kez daha \u00f6l\u00fcler aram\u0131zda dola\u015f\u0131yorlar &#8211; ironik ama, bu kez on dokuzuncu y\u00fczy\u0131l\u0131n \u00f6l\u00fclerini g\u00f6mmeye \u00e7al\u0131\u015fan adam\u0131n, Marx&#8217;in ad\u0131na ortaya at\u0131l\u0131yorlar. Ve tabiat\u0131yla bug\u00fcn devrimimiz, 1917 Ekim Devrimi ve 1918-20&#8217;deki i\u00e7 sava\u015f ile onun &#8220;s\u0131n\u0131f hatt\u0131,&#8221; Bol\u015fevik Partisi, &#8220;proleterya diktat\u00f6rl\u00fc\u011f\u00fc,&#8221; p\u00fcritan ahlak\u0131 ve hatta &#8220;iktidar Sovyetlere&#8221; slogan\u0131n\u0131n parodisi\u00a0\u00a0 olmaktan\u00a0\u00a0 \u00f6teye\u00a0\u00a0 gidemiyor.\u00a0\u00a0 Yokluk,\u00a0\u00a0 bask\u0131\u00a0\u00a0 ve\u00a0\u00a0 hiyerar\u015finin\u00a0do\u011furdu\u011fu &#8220;toplumsal meseleyi&#8221; nihayet \u00e7\u00f6z\u00fcme kavu\u015fturabilecek olan g\u00fcn\u00fcm\u00fcz\u00fcn d\u00f6rt ba\u015f\u0131 mamur devrimi, ge\u00e7mi\u015fin k\u0131smi, yar\u0131m ve tek tarafl\u0131 devrim gelene\u011finin pe\u015finden giderek, &#8220;toplumsal meselenin&#8221; yaln\u0131zca bi\u00e7imini de\u011fi\u015ftiriyor, bir bask\u0131 ve hiyerar\u015fi rejimini al\u0131p yerine bir ba\u015fkas\u0131n\u0131 koyuyor. (&#8230;) Hiyerar\u015fik toplumun politik kurumlar\u0131n\u0131n esasl\u0131 bir zay\u0131flama evresine girdi\u011fi bir zamanda, &#8220;siyasi parti&#8221; veya &#8220;i\u015f\u00e7i s\u0131n\u0131f\u0131&#8221; talep eden o bo\u015f sloganlar\u0131 duyuyoruz. (&#8230;) Merkeziyet\u00e7ili\u011fin ve devletin tarihsel olumsuzlu\u011fun patlamaya en yak\u0131n oldu\u011fu noktaya s\u00fcr\u00fcklendi\u011fi bir zamanda, &#8220;merkezi hareket&#8221; ve &#8220;proleterya diktat\u00f6rl\u00fc\u011f\u00fc&#8221; talep eden o bo\u015f sloganlar\u0131 duyuyoruz. (Bookchin 2004b: 109)<\/span><\/p>\n<p><span style=\"font-family: 'Palatino Linotype', 'Book Antiqua', Palatino, serif; font-size: 12pt;\">Yukar\u0131daki pasaj\u0131n al\u0131nd\u0131\u011f\u0131 metin, &#8220;Dinle, Marksist!&#8221; ilk kez 1969&#8217;da yay\u0131mland\u0131. K\u0131rk y\u0131l sonra, \u00e7a\u011f\u0131m\u0131z\u0131n en etkili Marksistlerinden David Harvey &#8220;Anti-Kapitalist Ge\u00e7i\u015f i\u00e7in \u00d6rg\u00fctlenme&#8221; vazifesini s\u0131rtlanacak aktivistleri cesaretlendirmek \u00fczere bir metin kaleme alacakt\u0131 (Harvey 2009). Son y\u0131llardaki di\u011fer \u00e7al\u0131\u015fmalar\u0131n\u0131n aksine, esasen analitik bir yap\u0131 arz eden, &#8220;Kent Hakk\u0131&#8221; \u00fczerine kapsaml\u0131 d\u00fc\u015f\u00fcnceler i\u00e7eren bu 2009 tarihli deneme temelde bir eylem rehberi olmaya soyunurdu. Peki yazar ne \u00f6neriyordu?<\/span><\/p>\n<p><span style=\"font-family: 'Palatino Linotype', 'Book Antiqua', Palatino, serif; font-size: 12pt;\">Harvey, yaln\u0131zca bir finans krizi olman\u0131n \u00f6tesinde \u00f6zelliklere haiz mevcut krizin ve kaynaklar\u0131n\u0131n bir analiziyle ba\u015flar incelemesine. Bu analizin b\u00fcy\u00fck b\u00f6l\u00fcm\u00fc tart\u0131\u015f\u0131lmaz bir netlikte kaleme al\u0131nm\u0131\u015ft\u0131r. Bunda \u015fa\u015f\u0131racak bir \u015fey yok elbette. Harvey, neredeyse k\u0131rk y\u0131ld\u0131r, d\u00fcnyan\u0131n en parlak ve tutarl\u0131 ele\u015ftirel co\u011frafyac\u0131lar\u0131 ve kent ara\u015ft\u0131rmac\u0131lar\u0131 aras\u0131nda g\u00f6steriliyor. Hatta metnin sonlar\u0131nda, kapitalist topluma alternatif \u00fcretim olas\u0131l\u0131klar\u0131n\u0131 de\u011ferlendirirken, zaman zaman canl\u0131l\u0131k veren, \u015fa\u015f\u0131rt\u0131c\u0131 bir esneklik sergilemektedir. A\u015fa\u011f\u0131daki al\u0131nt\u0131 bunun iyi bir \u00f6rne\u011fidir:<\/span><\/p>\n<p><span style=\"font-family: 'Palatino Linotype', 'Book Antiqua', Palatino, serif; font-size: 12pt;\">Anti-kapitalist siyaset herhangi bir noktadan (emek s\u00fcrecinden, soyut kavramlardan, insan\u0131n do\u011fayla ili\u015fkisinden, devrimci teknolojilerin ve \u00f6rg\u00fctlenme bi\u00e7imlerinin tasar\u0131m\u0131ndan, g\u00fcndelik hayattan veya devlet erkinin yeniden \u015fekillendirilmesini de i\u00e7eren kurumsal ve idari yap\u0131lar\u0131n iyile\u015ftirilmesine y\u00f6nelik \u00e7abalardan yola \u00e7\u0131karak) harekete ge\u00e7ebilir. \u0130\u015fin s\u0131rr\u0131, politik hareketi bir lahzadan di\u011ferine ge\u00e7irirken kar\u015f\u0131l\u0131kl\u0131 etkile\u015fimi koruyabiymektedir.<\/span><\/p>\n<p><span style=\"font-family: 'Palatino Linotype', 'Book Antiqua', Palatino, serif; font-size: 12pt;\">Ve dahas\u0131:<\/span><\/p>\n<p><span style=\"font-family: 'Palatino Linotype', 'Book Antiqua', Palatino, serif; font-size: 12pt;\">Sol, farkl\u0131 alanlarda faaliyet g\u00f6steren insanlar aras\u0131nda geni\u015f ittifaklar kurman\u0131n yolunu aramal\u0131d\u0131r. Anti-kapitalist hareket sosyal ili\u015fkiler veya kendilerini ilgilendiren g\u00fcndelik sorunlar \u00fczerinden bir araya gelen gruplardan \u00e7ok daha kapsay\u0131c\u0131 olmal\u0131d\u0131r. \u00d6rne\u011fin teknik, bilimsel ve\u00a0idari uzmanl\u0131\u011f\u0131 bulunanlarla sokakta toplumsal hareketlili\u011fi sa\u011flayanlar aras\u0131ndaki geleneksel husumetin \u00fczerine gitmek ve bunun \u00fcstesinden gelmek gerekir.<\/span><\/p>\n<p><span style=\"font-family: 'Palatino Linotype', 'Book Antiqua', Palatino, serif; font-size: 12pt;\">Ne yaz\u0131k ki bu al\u0131nt\u0131lardaki de\u011ferlendirmeler Harvey&#8217;in tipik Marksist indirgemecilikten ve \u00f6nyarg\u0131lardan uzakla\u015ft\u0131\u011f\u0131 anlam\u0131na gelmiyor. Oysa y\u0131llard\u0131r, hatta on y\u0131llard\u0131r Avrupa ve Amerika k\u0131talar\u0131ndaki Murray Bookchin (2004a, 2004b) ve ba\u015fta Cornelius Castoriadis (1975, 1983a, 1985) gibi d\u00fc\u015f\u00fcn\u00fcrler, Latin Amerika&#8217;dan Afrika&#8217;ya say\u0131s\u0131z aktivist ve onlarla dirsek temas\u0131 bulunan ayd\u0131nlar, bu indirgemecilik ve \u00f6nyarg\u0131 sorununa parmak bas\u0131yorlar. Pratik \u00f6rg\u00fctlenme ve strateji alan\u0131na girdi\u011finde, ana ak\u0131m Marksizm&#8217;in en belirleyici \u00f6zelliklerinden olan eski \u00f6nyarg\u0131lar ve zaman\u0131 ge\u00e7mi\u015f merkeziyet\u00e7i inan\u00e7lar Harvey&#8217;de zuhur ediveriyor. Enteresand\u0131r, s\u0131ra toplumsal hareketlere gelince STK&#8217;lara kar\u015f\u0131 oldu\u011fundan daha ele\u015ftireldir neredeyse. Bu ikincilere y\u00f6nelik yarg\u0131lar\u0131nda, genellikle son derece ele\u015ftirel ve kesin olmakla birlikte, kimi zaman gere\u011finden \u00e7ok tolerans g\u00f6sterir ve s\u00f6zlerini \u00f6l\u00e7\u00fcp bi\u00e7iyor gibidir:<\/span><\/p>\n<p><span style=\"font-family: 'Palatino Linotype', 'Book Antiqua', Palatino, serif; font-size: 12pt;\">1970&#8217;lerin ortalar\u0131ndan \u00f6nce nadiren g\u00f6r\u00fclebilecek bir siyasi role sahip\u00a0olan \u00e7ok say\u0131da sivil toplum kurulu\u015fu var bug\u00fcn. Hem devlet hem de\u00a0\u00f6zel te\u015febb\u00fcs deste\u011fiyle kurulan bu yap\u0131lar, genellikle idealist d\u00fc\u015f\u00fcn\u00fcr ve \u00f6rg\u00fct\u00e7\u00fcleri b\u00fcnyelerinde bar\u0131nd\u0131r\u0131yor, geni\u015f bir istihdam program\u0131 uyguluyorlar. \u00c7o\u011funlukla (\u00e7evre, yoksulluk, kad\u0131n haklar\u0131, k\u00f6lelik ve insan ka\u00e7ak\u00e7\u0131l\u0131\u011f\u0131 kar\u015f\u0131t\u0131 \u00e7al\u0131\u015fmalar, vb.) tek bir meseleye kendilerini ad\u0131yor, ilerici fikir ve ama\u00e7lara sahip olsalar bile do\u011frudan anti-kapitalist siyasete mesafeli duruyorlar. Fakat baz\u0131 durumlarda aktif olarak neoliberalizmden yana tav\u0131r al\u0131yor, devletin sosyal hizmet organlar\u0131n\u0131n \u00f6zelle\u015ftirilmesine veya toplumun marjinal kesimlerinin pazara dahil edilmesine y\u00f6nelik kurumsal reformlara destek veriyorlar (d\u00fc\u015f\u00fck gelir gruplar\u0131n\u0131 hedef alan mikro-kredi ve mikro finans uygulamalar\u0131 bunun klasik bir \u00f6rne\u011fidir).<\/span><\/p>\n<p><span style=\"font-family: 'Palatino Linotype', 'Book Antiqua', Palatino, serif; font-size: 12pt;\">Bu STK&#8217;larda \u00e7ok say\u0131da radikal ve samimi eylemci bulunmas\u0131na ra\u011fmen, \u00e7al\u0131\u015fmalar\u0131 en iyi ihtimalle vasat bir \u0131slah \u00e7abas\u0131n\u0131n \u00f6tesine ge\u00e7miyor. Kad\u0131n haklar\u0131, sa\u011fl\u0131k ve \u00e7evre korumas\u0131 gibi belirli alanlarda insanl\u0131\u011fa b\u00fcy\u00fck katk\u0131lar\u0131 oldu\u011fu yads\u0131namasa da, bir b\u00fct\u00fcn olarak ele al\u0131nd\u0131\u011f\u0131nda ilerici denebilecek kazammlar\u0131 pek b\u00f6l\u00fck p\u00f6r\u00e7\u00fckt\u00fcr. Zaten STK&#8217;larca devrimci bir de\u011fi\u015fimin ger\u00e7ekle\u015ftirilmesi imk\u00e2ns\u0131zd\u0131r. Ba\u011f\u0131\u015f\u00e7\u0131lar\u0131n\u0131n siyasi duru\u015f ve yak\u0131nl\u0131klar\u0131 ellerini kollar\u0131n\u0131 ba\u011flamaktad\u0131r. Yerel olu\u015fumlar\u0131n g\u00fc\u00e7 kazanmas\u0131n\u0131 destekleyerek, anti-kapitalist alternatiflerin m\u00fcmk\u00fcn oldu\u011fu alanlar a\u00e7\u0131lmas\u0131n\u0131 sa\u011fl\u0131yor, hatta bu alternatiflerle \u00e7e\u015fitli deneyimlere giri\u015filmesini destekliyor olsalar da, bu alternatiflerin bask\u0131n kapitalist pratik taraf\u0131ndan yeniden yutulmas\u0131n\u0131 \u00f6nlemek ad\u0131na hi\u00e7bir \u015fey yapmazlar, hatta bunu te\u015fvik ederler.<\/span><\/p>\n<p><span style=\"font-family: 'Palatino Linotype', 'Book Antiqua', Palatino, serif; font-size: 12pt;\">Buradaki berrakl\u0131kla kar\u015f\u0131la\u015ft\u0131r\u0131ld\u0131\u011f\u0131nda, handiyse onlar\u0131 karalayacak kadar g\u00fcn\u00fcm\u00fcz toplumsal hareketlerinin ne kadar karma\u015f\u0131k yap\u0131lar olu\u015fturduklar\u0131 ger\u00e7e\u011fine g\u00f6zlerini kap\u0131yor gibidir:<\/span><\/p>\n<p><span style=\"font-family: 'Palatino Linotype', 'Book Antiqua', Palatino, serif; font-size: 12pt;\">Muhalefetin bir di\u011fer geni\u015f kanad\u0131 anar\u015fist, otonom ve halk hareketi\u00a0\u00f6rg\u00fctlerinden \u00e7\u0131kmaktad\u0131r. Baz\u0131lar\u0131, Latin Amerika&#8217;da Katolik Kilisesi\u00a0ve onun &#8220;temel\u00a0\u00a0 toplum&#8221;\u00a0\u00a0 inisiyatifleri\u00a0\u00a0 veya Birle\u015fik Devletler&#8217;in i\u00e7\u00a0k\u0131s\u0131mlar\u0131ndaki kentlerde yayg\u0131n olan politik hareketlili\u011fe y\u00f6nelik geni\u015f\u00a0\u00f6l\u00e7ekli kilise yard\u0131mlar\u0131 gibi alternatif kurumsal kaynaklara ba\u011f\u0131ml\u0131\u00a0olsalar da, genelde bu olu\u015fumlar d\u0131\u015far\u0131dan para yard\u0131m\u0131 kabul etmezler.<\/span><\/p>\n<p><span style=\"font-family: 'Palatino Linotype', 'Book Antiqua', Palatino, serif; font-size: 12pt;\"><br \/>\n<a href=\"http:\/\/dokuzadabirdeniz.com\/wp-content\/uploads\/58251_1396889783860082_1267113502_n.jpg\"><img loading=\"lazy\" class=\"alignleft wp-image-3220 \" src=\"http:\/\/dokuzadabirdeniz.com\/wp-content\/uploads\/58251_1396889783860082_1267113502_n.jpg\" alt=\"58251_1396889783860082_1267113502_n\" width=\"365\" height=\"549\" srcset=\"https:\/\/dokuzadabirdeniz.com\/wp-content\/uploads\/58251_1396889783860082_1267113502_n.jpg 638w, https:\/\/dokuzadabirdeniz.com\/wp-content\/uploads\/58251_1396889783860082_1267113502_n-100x150.jpg 100w, https:\/\/dokuzadabirdeniz.com\/wp-content\/uploads\/58251_1396889783860082_1267113502_n-199x300.jpg 199w\" sizes=\"(max-width: 365px) 100vw, 365px\" \/><\/a>Bu grup homjen bir yap\u0131 arz etmekten uzakt\u0131r. Yine de devlet erkiyle\u00a0m\u00fczakereye y\u00f6nelik tiksinti ve de\u011fi\u015fimin ger\u00e7ekle\u015ftirilece\u011fi d\u00fczlem olarak\u00a0&#8220;sivil toplum&#8221;a yap\u0131lan vurgu ortak paydalar\u0131d\u0131r. \u0130\u00e7inde olduklar\u0131 g\u00fcndelik\u00a0durumlar kar\u015f\u0131s\u0131nda insanlar\u0131n kendili\u011finden \u00f6rg\u00fctlenme kabiliyetleri\u00a0her anti-kapitalist hareketin temeli olmal\u0131d\u0131r. Tercih ettikleri \u00f6rg\u00fctlenme\u00a0modeli yatay ileti\u015fim a\u011flar\u0131d\u0131r. Takas\u0131n yan\u0131 s\u0131ra kolektif ve yerel \u00fcretim\u00a0sistemlerine dayanan &#8220;dayan\u0131\u015fma ekonomileri&#8221; tercih ettikleri ekonomik\u00a0bi\u00e7imdir. Merkezi karar alma prati\u011finin gerekli olabilece\u011fi fikrine so\u011fuk\u00a0bakarlar ve hiyerar\u015fik toplumsal ili\u015fkileri veya hiyerar\u015fik siyasi g\u00fc\u00e7\u00a0yap\u0131lar\u0131n\u0131 geleneksel siyasi partilerle birlikte reddederler. Bu t\u00fcr \u00f6rg\u00fctlerden\u00a0her yerde bulunabilir, hatta baz\u0131 yerlerde hat\u0131r\u0131 say\u0131l\u0131r bir politik etki alan\u0131na\u00a0da sahiptirler. Baz\u0131lar\u0131 radikal bir duru\u015fu temsil eder ve devrimci hedefler \u00a0ta\u015f\u0131r, hatta kimi durumlarda (\u0130talya&#8217;da K\u0131z\u0131l Tugaylar, Almanya&#8217;da Baader\u00a0Meinhof ve 1970&#8217;lerin Birle\u015fik Devletleri&#8217;ndeki Weather Yeralt\u0131 \u00f6rg\u00fct\u00fcne\u00a0referansla) sabotaj ve benzeri bozguncu eylemlerin savunusunu yapmaya\u00a0haz\u0131rd\u0131rlar.Basit bir soru sormak i\u00e7in burada biraz dural\u0131m: Ge\u00e7mi\u015fin Alman Baader-Meinhof grubu (ya da daha do\u011frusu <em>Rote <\/em><em>Armee Fraktion <\/em>RAF) gibi merkezi, <em>Marksist-Leninist <\/em>\u00e7\u0131k\u0131\u015fl\u0131 \u00f6rg\u00fctlerle, Meksika&#8217;daki Zapatistalar gibi otonom-temelli, radikal-demokratik bir d\u00fczende \u00f6rg\u00fctlenen g\u00fcn\u00fcm\u00fcz sosyal hareketleri aras\u0131nda nas\u0131l bir benzerlik bulunuyor?! &#8220;Pasifist&#8221; olmamalar\u0131n\u0131 ortak nokta gibi sunmak ger\u00e7ekleri sapt\u0131rmak olacakt\u0131r. RAF&#8217;in ter\u00f6rist bozgunculuk stratejisinin, en \u00e7ok ta\u015f ve Molotof kokteyli gibi siyasi bak\u0131mdan daha \u00fcretici ve etik olarak daha me\u015fru silahlar kullanan Zapatistalar, <em>piqueteros<sup>3 <\/sup><\/em>, \u00f6teki-k\u00fcreselle\u015fme hareketlerinden (ve hatta 1980 ve 1990&#8217;lardaki Alman <em>Autonomen) <\/em>ve benzerlerinden kesinlikle farkl\u0131 oldu\u011fu a\u00e7\u0131kt\u0131r.<\/span><\/p>\n<p><span style=\"font-family: 'Palatino Linotype', 'Book Antiqua', Palatino, serif; font-size: 12pt;\">Ayn\u0131 paragraftaki \u015fu c\u00fcmleler ak\u0131llara kaz\u0131nacakt\u0131r:<\/span><\/p>\n<p><span style=\"font-family: 'Palatino Linotype', 'Book Antiqua', Palatino, serif; font-size: 12pt;\">Daha \u015fiddet i\u00e7eren kesimlerini bir kenara b\u0131rakacak olursak, t\u00fcm bu hareketlerin etki kabiliyetleri, <em>eylemliliklerini art\u0131rarak k\u00fcresel sorunlarla m\u00fccadele\u00a0\u00a0 edebilecek seviyede\u00a0\u00a0 bir\u00a0\u00a0 kurumsall\u0131\u011fa\u00a0\u00a0 ta\u015f\u0131mak hususunda\u00a0<\/em><em>g\u00f6sterdikleri isteksizlik ve beceriksizlikleri <\/em>taraf\u0131ndan s\u0131n\u0131rlanmaktad\u0131r. <em>Yerel m\u00fccadele tek anlaml\u0131 de\u011fi\u015fim d\u00fczeyidir \u00f6n kabul\u00fc <\/em>[vurgu Souza&#8217;n\u0131n] ve hiyerar\u015fi kokan her \u015feyin kar\u015f\u0131-devrimci oldu\u011fu anlay\u0131\u015f\u0131, i\u015f b\u00fcy\u00fck \u00f6l\u00e7ekli sorunlara geldi\u011finde ters tepmektedir.<\/span><\/p>\n<p><span style=\"font-family: 'Palatino Linotype', 'Book Antiqua', Palatino, serif; font-size: 12pt;\">&#8220;Yerel m\u00fccadele tek anlaml\u0131 de\u011fi\u015fim d\u00fczeyidir.&#8221; Kim bu \u00f6nermeyi payla\u015f\u0131yor?\u00a0&#8221; S\u00fcrd\u00fcr\u00fclebilir kalk\u0131nma&#8221; ideoloj isinin ve \u00e7evre aktivizminin belirli bir t\u00fcr\u00fcn\u00fcn\u00a0giderek pop\u00fclerlik kazanmaya ba\u015flad\u0131\u011f\u0131 d\u00f6nemin slogan\u0131yd\u0131 &#8220;k\u00fcresel d\u00fc\u015f\u00fcn,\u00a0yerel hareket et.&#8221; Ama bunun Meksika&#8217;daki Zapatistalarla veya Arjantin&#8217;deki\u00a0<em>piqueteros&#8217;la <\/em>pek bir ilgisi yok. Anla\u015f\u0131lan Harvey, Zapatistalar\u0131n 1990&#8217;lar\u00a0gibi erken bir tarihte internet vas\u0131tas\u0131yla dayan\u0131\u015fma a\u011flar\u0131n\u0131 bir &#8220;yay\u0131lma&#8221;\u00a0sa\u011flayacak kadar geni\u015flettiklerini g\u00f6rmezden geliyor, kald\u0131 ki Zapatistalar\u0131n\u00a0Chiapas&#8217;taki b\u00f6lgesel k\u00f6klerinin, ya da &#8220;k\u00f6kl\u00fcl\u00fcklerinin&#8221; bir ifadesi olan o\u00a0\u015fahs\u0131na m\u00fcnhas\u0131r &#8220;k\u00fcresel \u00e7evreleme&#8221; y\u00f6ntemlerinden bahsetmiyorum bile.<sup>4\u00a0<\/sup>Benzer bir <em>k\u00fcresel \u00f6l\u00e7ekli siyaset <\/em>ba\u015fka pek \u00e7ok harekette de g\u00f6zlenebilir:<\/span><br \/>\n<span style=\"font-family: 'Palatino Linotype', 'Book Antiqua', Palatino, serif; font-size: 12pt;\"> \u00d6rne\u011fin G\u00fcney Afrika&#8217;daki gecekondu hareketi <em>Abahlali baseMjondolo <\/em>\u00e7ok \u00a0say\u0131da yerle\u015fimi kom\u00fcne d\u00f6n\u00fc\u015ft\u00fcrd\u00fc\u011f\u00fc gibi ayn\u0131 zamanda Haiti&#8217;deki Fanmi\u00a0Lavalas ile dayan\u0131\u015fma i\u00e7inde \u00f6rg\u00fctlenmi\u015fti. Harvey sadece yerel ve b\u00f6lgesel\u00a0&#8220;k\u00f6kl\u00fcl\u00fc\u011f\u00fc&#8221; dar &#8220;m\u0131nt\u0131ka siyaseti&#8221; ve cemaat\u00e7ilikle kar\u0131\u015ft\u0131r\u0131yor ve bunu\u00a0\u00a0yaparken de g\u00fcn\u00fcm\u00fcz\u00fcn en \u00f6nemli toplumsal hareketlerini a\u00e7\u0131k\u00e7a karal\u0131yor.<sup>IV<\/sup><\/span><\/p>\n<p><span style=\"font-family: 'Palatino Linotype', 'Book Antiqua', Palatino, serif; font-size: 12pt;\"><sup><a href=\"http:\/\/dokuzadabirdeniz.com\/wp-content\/uploads\/11083883_1615024058742248_7156051050146237409_n.jpg\"><img loading=\"lazy\" class=\"wp-image-3219 aligncenter\" src=\"http:\/\/dokuzadabirdeniz.com\/wp-content\/uploads\/11083883_1615024058742248_7156051050146237409_n.jpg\" alt=\"11083883_1615024058742248_7156051050146237409_n\" width=\"488\" height=\"274\" srcset=\"https:\/\/dokuzadabirdeniz.com\/wp-content\/uploads\/11083883_1615024058742248_7156051050146237409_n.jpg 960w, https:\/\/dokuzadabirdeniz.com\/wp-content\/uploads\/11083883_1615024058742248_7156051050146237409_n-150x84.jpg 150w, https:\/\/dokuzadabirdeniz.com\/wp-content\/uploads\/11083883_1615024058742248_7156051050146237409_n-300x168.jpg 300w\" sizes=\"(max-width: 488px) 100vw, 488px\" \/><\/a><\/sup><\/span><\/p>\n<p>&nbsp;<\/p>\n<p><span style=\"font-family: 'Palatino Linotype', 'Book Antiqua', Palatino, serif; font-size: 12pt;\">Radikal hareketlerin \u00e7o\u011funun yerel d\u00fczeyde \u00f6rg\u00fctlenmeye bariz bir \u00f6ncelik verdikleri do\u011frudur. Ve evet bunu k\u0131smen, somut &#8220;ya\u015fanan mek\u00e2n&#8221; ve <em>muhalif alanlarda <\/em>\u00fcretim, t\u00fcketim, siyaset ve k\u00fclt\u00fcr gibi t\u00fcm ya\u015fam\u0131n katmanlar\u0131 aras\u0131ndaki ba\u011flar\u0131 a\u00e7\u0131\u011fa \u00e7\u0131karmak ve bunlara de\u011fer vermek gibi toplumsal (mek\u00e2nsal) d\u00f6n\u00fc\u015f\u00fcme y\u00f6nelik hatt\u0131hareketlerinin bir sonucu olarak yap\u0131yorlar (Souza 2006a). Fakat bu \u00f6ncelik ayn\u0131 zamanda bir zorunluluk sorunudur da: (yar\u0131)\u00e7evre \u00fclkelerin yoksul aktivistleri Avrupa ve ABD&#8217;deki kampanyac\u0131lar ve &#8220;k\u00f6kle\u015fmi\u015f d\u00fcnya vatanda\u015flar\u0131&#8221; gibi d\u00fcnyay\u0131 dola\u015fma olana\u011f\u0131na sahip de\u011filler; \u00e7o\u011fu durumda internete ba\u011flanmakta bile zorlan\u0131yorlar ve yabanc\u0131 dil bilmiyorlar\/ Ancak b\u00f6yle bir \u00f6nceliklerinin olmas\u0131, cemaat\u00e7ili\u011fin bir de\u011fer olarak benimsendi\u011fi anlam\u0131na da gelmez. Elbette <em>yerel korporatizm <\/em>(Souza 2006a), patronaj\u0131n ve <em>caciquismo&#8217;<\/em>nun<sup>5<\/sup> etkisinde -ya da orta s\u0131n\u0131f aktivistler s\u00f6z konusuysa baz\u0131 ayr\u0131cal\u0131klar\u0131n korunmas\u0131n\u0131n bir ifadesi olarak- ony\u0131llard\u0131r \u00e7ok say\u0131da kent-merkezli aktivizm deneyiminin ayr\u0131lmaz par\u00e7alar\u0131ndan biri olmu\u015ftur. Ancak bunun ger\u00e7ekten \u00f6zg\u00fcrle\u015ftirici hareketlerle en ufak bir ilgisi bulunmuyor. Aralar\u0131nda Zapatistalar\u0131n, G\u00fcney Afrika&#8217;daki gecekondu hareketi Abahlali baseMjondolo, Arjantin&#8217;deki <em>piquetero&#8217;larm <\/em>en radikalleri ile Brezilya&#8217;daki <em>sem-toto <\/em>ve di\u011fer hareketlerin bulundu\u011fu gruplar, maruz kald\u0131klar\u0131 maddi k\u0131s\u0131tlamalar izin verdi\u011fi s\u00fcrece diyalog, a\u011f olu\u015fturma ve\u00a0i\u015fbirli\u011fi gibi &#8220;ulusa\u015f\u0131r\u0131 aktivizm&#8221; bi\u00e7imlerine a\u00e7\u0131kt\u0131rlar genelde.<\/span><\/p>\n<p><span style=\"font-family: 'Palatino Linotype', 'Book Antiqua', Palatino, serif; font-size: 12pt;\">Toplumsal hareketleri b\u00f6yle \u00fcst\u00fc kapal\u0131 ve genelle\u015ftirici bir bi\u00e7imde ele\u015ftirdikten sonra David Harvey, bunun mant\u0131ki sonucu olarak de\u011ferlendirilebilecek bir \u00e7\u0131kar\u0131mda bulunur ve Leninist partiler ile genel olarak merkeziyet\u00e7ilik ad\u0131na \u00e7ekingen bir savunmaya giri\u015fir:<\/span><\/p>\n<p><span style=\"font-family: 'Palatino Linotype', 'Book Antiqua', Palatino, serif; font-size: 12pt;\">\u00dc\u00e7\u00fcnc\u00fc geni\u015f \u00f6l\u00e7ekli e\u011filim ise sosyal demokrat gelenekten ba\u015flayarak siyasi parti \u00f6rg\u00fctlerinin daha radikal Tro\u00e7kist ve Kom\u00fcnist kanatlar\u0131na kadar geni\u015f bir yelpazeyi i\u00e7eren geleneksel emek \u00f6rg\u00fctleri ve sol siyasi partilerde belirmeye ba\u015flayan d\u00f6n\u00fc\u015f\u00fcmden beslenmektedir. Bu e\u011filim devlet erkinin ele ge\u00e7irilmesine veya hiyerar\u015fik \u00f6rg\u00fctlenme bi\u00e7imlerine kar\u015f\u0131 de\u011fildir. Aksine bu ikincisini, politik \u00f6rg\u00fctlerin siyaseten geni\u015f \u00f6l\u00e7ekli entegrasyonu i\u00e7in gerekli addeder. Sosyal demokrasinin Avrupa&#8217;da bask\u0131n ve dahi Birle\u015fik Devletler&#8217;de etkili oldu\u011fu y\u0131llarda, \u00fcretim fazlas\u0131n\u0131n da\u011f\u0131t\u0131m\u0131na y\u00f6nelik devlet kontrol\u00fc, e\u015fitsizli\u011fin azalt\u0131lmas\u0131n\u0131 sa\u011flayan k\u0131ymetli bir ara\u00e7 olmu\u015ftu. \u0130htiya\u00e7 fazlas\u0131 \u00fcretim \u00fczerinde toplumsal kontrol\u00fcn sa\u011flanamamas\u0131 ve bu y\u00fczden kapitalist s\u0131n\u0131f\u0131n g\u00fcc\u00fcne ger\u00e7ekten kar\u015f\u0131 konulamam\u0131\u015f olmas\u0131 bu siyasi sistemin Asil topu\u011funu te\u015fkil ediyordu. Bug\u00fcn b\u00f6yle bir siyasi modele, onun sosyal refah ve Keynes\u00e7i ekonomi anlay\u0131\u015f\u0131na geri d\u00f6nmek kesinlikle yetersiz olacakt\u0131r, ancak bu sistemin sa\u011flad\u0131\u011f\u0131 kazan\u0131mlar\u0131 da unutmamal\u0131y\u0131z. Latin Amerika&#8217;daki Bolivarc\u0131 hareket ve ilerici sosyal demokrat h\u00fck\u00fcmetlerin devlet erkini elde etmeleri sol devlet\u00e7ili\u011fin yeni bir bi\u00e7iminin dirilmekte oldu\u011funun en umut verici emareleri aras\u0131ndad\u0131r<\/span><\/p>\n<p><span style=\"font-family: 'Palatino Linotype', 'Book Antiqua', Palatino, serif; font-size: 12pt;\">Bu noktada Harvey&#8217;in fikirleri giderek netle\u015fir. Sol siyasi partilerin &#8220;devlet g\u00fcc\u00fcne veya hiyerar\u015fik \u00f6rg\u00fctlenme bi\u00e7imlerine kar\u015f\u0131 olmad\u0131klar\u0131n\u0131&#8221; (ne olacakt\u0131 ya, bu onlar\u0131n varl\u0131k nedeni) vurgulad\u0131ktan sonra, bu partilerin takdire \u015fayan bir &#8220;d\u00f6n\u00fc\u015f\u00fcm&#8221; ge\u00e7irdiklerini farz ediyor (bunu nas\u0131l yorumlad\u0131\u011f\u0131 birazdan a\u00e7\u0131kl\u0131k kazanacak). G\u00f6r\u00fcnd\u00fc\u011f\u00fc kadar\u0131yla sosyal demokrasi ve &#8220;eurokom\u00fcnizm&#8221; pek olumlu deneyimlerdir onun g\u00f6z\u00fcnde (&#8220;Sosyal demokrasinin Avrupa&#8217;da bask\u0131n ve dahi Birle\u015fik Devletler&#8217;de etkili oldu\u011fu y\u0131llarda, \u00fcretim fazlas\u0131n\u0131n da\u011f\u0131t\u0131m\u0131na y\u00f6nelik devlet kontrol\u00fc, e\u015fitsizli\u011fin azalt\u0131lmas\u0131n\u0131 sa\u011flayan k\u0131ymetli bir ara\u00e7 olmu\u015ftu&#8221;). Gel g\u00f6r ki ayn\u0131 zamanda eksik kalm\u0131\u015f ve k\u0131smen ba\u015far\u0131l\u0131 olmu\u015ftur (&#8220;\u0130htiya\u00e7 fazlas\u0131 \u00fcretim \u00fczerinde toplumsal kontrol\u00fcn sa\u011flanamamas\u0131 ve bu y\u00fczden kapitalist s\u0131n\u0131f\u0131n g\u00fcc\u00fcne ger\u00e7ekten kar\u015f\u0131 konulamam\u0131\u015f olmas\u0131 bu siyasi sistemin Asil topu\u011funu te\u015fkil ediyordu&#8221;). Yine de &#8220;sol devlet\u00e7ili\u011fin&#8221; yeni bi\u00e7imleri, &#8220;Bolivarc\u0131&#8221; Venez\u00fcella&#8217;daki nereden bak\u0131l\u0131rsa bak\u0131ls\u0131n son derece ikircikli ve \u00e7eli\u015fkilerle dolu deneyim \u00f6rne\u011fin, ba\u015fka yerlerde in\u015fa ediliyor ve anla\u015f\u0131lan bunlar Harvey&#8217;e b\u00fcy\u00fck umut veriyor.<\/span><\/p>\n<p><span style=\"font-family: 'Palatino Linotype', 'Book Antiqua', Palatino, serif; font-size: 12pt;\">Bize daha \u00e7ok \u00f6rnek vermeye ba\u015flad\u0131\u011f\u0131nda, y\u00fcr\u00fctt\u00fc\u011f\u00fc mant\u0131k doruk noktas\u0131na eri\u015fir ve somut durumlar\u0131 nas\u0131l de\u011ferlendirdi\u011fi ders al\u0131nacak bir a\u00e7\u0131kl\u0131\u011fa kavu\u015fur:<\/span><\/p>\n<p><span style=\"font-family: 'Palatino Linotype', 'Book Antiqua', Palatino, serif; font-size: 12pt;\">\u0130ngiltere&#8217;de Tony Blair&#8217;in Yeni \u0130\u015f\u00e7i Partisi&#8217;nin ve Avrupa&#8217;da trajik bir bi\u00e7imde onu izleyen say\u0131s\u0131z sosyal demokrat partinin co\u015fkuyla kar\u015f\u0131lad\u0131\u011f\u0131 &#8220;\u00fc\u00e7\u00fcnc\u00fc yol&#8221;a ra\u011fmen bug\u00fcn hem emek \u00f6rg\u00fctlerinde hem de sol siyasette kimi toparlanma emareleri g\u00f6zlenmektedir ki buna d\u00fcnyan\u0131n de\u011fi\u015fik b\u00f6lgelerinde daha radikal siyasi partilerin ortaya \u00e7\u0131kmaya ba\u015flamas\u0131n\u0131 da ekleyebiliriz. Fakat ayn\u0131 zamanda politik g\u00fcce eri\u015fen sol partilerin kapitalizmin geli\u015fimi \u00fczerinde kal\u0131c\u0131 bir etki b\u0131rakabilme ve krize gebe sermaye birikiminin sorunlu dinamikleriyle ba\u015fa \u00e7\u0131kabilme yetenekleri, i\u015f\u00e7i \u00f6nderlerine a\u015f\u0131r\u0131 ba\u011f\u0131ml\u0131l\u0131k gibi meselelerle birlikte sorgulanmaktad\u0131r bug\u00fcn. (&#8230;) Yine de sol siyasi partiler ve i\u015f\u00e7i sendikalar\u0131 h\u00e2l\u00e2 b\u00fcy\u00fck \u00f6nem ta\u015f\u0131maktad\u0131r ve -B rezil ya&#8217;daki \u0130\u015f\u00e7i Partisi ve Venez\u00fcella&#8217;daki Bolivarc\u0131 hareket \u00f6rne\u011finde oldu\u011fu gibi- devlet erkinin kimi unsurlar\u0131n\u0131 ele ge\u00e7irmi\u015f olmalar\u0131 sol d\u00fc\u015f\u00fcnce \u00fcst\u00fcnde Latin Amerika&#8217;n\u0131n s\u0131n\u0131rlar\u0131n\u0131 a\u015fan bir etkiye sahiptir. \u00c7in Kom\u00fcnist Partisi&#8217;nin oynad\u0131\u011f\u0131 rol\u00fcn ve siyasi g\u00fc\u00e7 \u00fczerindeki tart\u0131\u015fmas\u0131z kontrol\u00fcn\u00fcn nas\u0131l yorumlanaca\u011f\u0131 karma\u015f\u0131k bir mesele oldu\u011fu gibi, gelecekte siyaseten ne t\u00fcr bir yol tutturaca\u011f\u0131 da kolay kes ti ri l em em ektedi r.<\/span><\/p>\n<p><span style=\"font-family: 'Palatino Linotype', 'Book Antiqua', Palatino, serif; font-size: 12pt;\">G\u00f6r\u00fcn\u00fc\u015f\u00fc \u00f6zle kar\u0131\u015ft\u0131ran Harvey, Lula&#8217;n\u0131n \u00f6nderli\u011finde, eski bir sol partinin ba\u015f\u0131n\u0131 \u00e7ekti\u011fi ve merkez sa\u011fdan merkez sola \u00e7e\u015fitli partilerin olu\u015fturdu\u011fu bir koalisyona dayanan pop\u00fclist Brezilya h\u00fck\u00fcmetini sol san\u0131yor.<sup>VI<\/sup> Ama esas \u00e7arp\u0131c\u0131 olan, \u00c7in Kom\u00fcnist Partisi&#8217;nin oynad\u0131\u011f\u0131 rol\u00fcn nas\u0131l yorumlanaca\u011f\u0131 meselesini &#8220;karma\u015f\u0131k&#8221; bulmas\u0131d\u0131r&#8230;<\/span><\/p>\n<p><span style=\"font-family: 'Palatino Linotype', 'Book Antiqua', Palatino, serif; font-size: 12pt;\">Daha sonra \u015funun alt\u0131n\u0131 \u00e7izmesi \u015fa\u015f\u0131rt\u0131c\u0131 de\u011fildir: &#8220;(&#8230;) \u00f6nceden a\u00e7\u0131klanan ortak devrim teorisi uyar\u0131nca <em>devlet erkini zapt etmeden anti-kapitalist bir toplumsal d\u00fczen kurmak m\u00fcmk\u00fcn de\u011fildir <\/em>[vurgu Souza&#8217;ya ait].&#8221; Bunlar\u0131 okumak olduk\u00e7a e\u011flenceli, \u00e7\u00fcnk\u00fc iki sayfa \u00f6nce \u015funu yazm\u0131\u015ft\u0131: &#8220;sonsuza kadar s\u00fcrecek bir sosyalizm ve kom\u00fcnizm kurma hevesinin ge\u00e7mi\u015fte neden oldu\u011fu hatalara tekrar d\u00fc\u015fmemek gerekti\u011fi gibi, bu son derece karma\u015f\u0131k tarihten ders \u00e7\u0131karmas\u0131n\u0131 da bilmek gerekir.&#8221; Anla\u015f\u0131lan kendisi yeterince ders \u00e7\u0131karmam\u0131\u015f.<\/span><\/p>\n<p><span style=\"font-family: 'Palatino Linotype', 'Book Antiqua', Palatino, serif; font-size: 12pt;\">Harvey, &#8220;neyin, neden yap\u0131laca\u011f\u0131na y\u00f6nelik kuvvetli bir vizyon olmadan k\u00fcresel bir anti-kapitalist hareketin do\u011fmas\u0131 pek muhtemel de\u011fildir,&#8221; derken bu c\u00fcmleyi biraz da tad\u0131ml\u0131k olarak kurar; ne demek istedi\u011fi biraz sonra a\u00e7\u0131kl\u0131k kazanacakt\u0131r: Ortodoks Marksistlerin yapt\u0131\u011f\u0131 gibi &#8220;imtiyazl\u0131 devrimci \u00f6zne&#8221;nin ve bu &#8220;\u00f6zne&#8221;nin neyi, nas\u0131l yapmas\u0131 gerekti\u011fini a\u00e7\u0131klayacak birle\u015ftirici bir teorinin (&#8220;vizyonun&#8221;) hayalini kurmaktad\u0131r. \u0130\u015f\u00e7i s\u0131n\u0131f\u0131n\u0131n ya\u00a0da dar anlam\u0131yla <em>Proletarya&#8217;<\/em><em>mn <\/em>ve onun sendikalar\u0131 ile sosyal demokrat ve benzeri siyasi partilerinin art\u0131k tarihin &#8220;imtiyazl\u0131 devrimci \u00f6znesi&#8221; olmad\u0131\u011f\u0131n\u0131n fark\u0131ndad\u0131r. Bir Marksist olarak kafas\u0131 hafiften kar\u0131\u015fm\u0131\u015f olabilir, kald\u0131 ki bug\u00fcnlerde Marksistlerin kafas\u0131n\u0131 kar\u0131\u015ft\u0131racak, \u00e7ift\u00e7ilerin fabrika i\u015f\u00e7ilerinden \u00e7ok daha etkili bir rol oynamaya ba\u015flamalar\u0131 veya l\u00fcmpen proletaryan\u0131n geni\u015f kesimlerinin ele\u015ftirel-d\u00f6n\u00fc\u015ft\u00fcr\u00fcc\u00fc etkisi gibi say\u0131s\u0131z fenomen bulunuyor\/<sup>11 <\/sup>Fakat tutarl\u0131 ve az \u00e7ok Ortodoks bir Marksist olarak birle\u015ftirici &#8220;vizyonlar,&#8221; &#8220;d\u00f6n\u00fc\u015f\u00fcm ge\u00e7iren&#8221; sol partiler, merkeziyet\u00e7i ve devlet\u00e7i \u00e7\u00f6z\u00fcmler, &#8220;devlet erkini ele ge\u00e7irmek,&#8221; ve benzeri d\u00fc\u015flerden kendini alam\u0131yor. Bat\u0131 cephesinde yeni bir \u015fey yok&#8230; &#8220;Kent Hakk\u0131&#8221; \u00fczerine yazd\u0131\u011f\u0131 \u00f6nceki makalesindeki s\u00f6zlerini i\u015fte bu ideolojik arka plan kar\u015f\u0131s\u0131nda de\u011ferlendirmek gerekir. Neden yak\u0131n\u0131yordu orada? Toplumsal hareketler hen\u00fcz &#8220;ihtiya\u00e7 fazlas\u0131n\u0131n \u00fcretim ko\u015fullar\u0131n\u0131 bir kenara b\u0131rak\u0131n, kullan\u0131m\u0131 \u00fczerinde bile daha b\u00fcy\u00fck bir kontrol elde etmeye dair tek bir hedef \u00fczerinde birle\u015femediler&#8221; (Harvey 2008: 39).<\/span><\/p>\n<p><span style=\"font-family: 'Palatino Linotype', 'Book Antiqua', Palatino, serif; font-size: 12pt;\">&#8220;Lenin&#8217;in, <em>[ne yapmal\u0131?} <\/em>sorusu bir yan\u0131t bekliyor,&#8221; (Harvey 2009) diyen Harvey&#8217;e hak vermeliyiz. Ama ikna edici bir yan\u0131t bulmak konusunda onun (ya da Lenin&#8217;in) bize nas\u0131l yard\u0131m edece\u011fini kestirmek kolay de\u011fil. Ve bu konuda sadece liberterler de\u011fil, muhtemelen Henri Lefebvre&#8217;in kendisi de bize hak verecektir.<\/span><\/p>\n<p>&nbsp;<\/p>\n<p><span style=\"font-family: 'Palatino Linotype', 'Book Antiqua', Palatino, serif; font-size: 12pt;\"><strong>&#8220;Ba\u015fka Bir D\u00fcnya [Ve Ba\u015fka Bir Kent] M\u00fcmk\u00fcn (M\u00fc?)&#8221;<\/strong><\/span><\/p>\n<p><span style=\"font-family: 'Palatino Linotype', 'Book Antiqua', Palatino, serif; font-size: 12pt;\"><strong>Bu Slogan\u0131n Ger\u00e7ekten Anlam Kazanaca\u011f\u0131 Ko\u015fullara \u0130li\u015fkin Baz\u0131 De\u011ferlendirmeler<\/strong><\/span><\/p>\n<p><span style=\"font-family: 'Palatino Linotype', 'Book Antiqua', Palatino, serif; font-size: 12pt;\">Alternatif \u00e7\u00f6z\u00fcmler neler olabilir?&#8230; Bunlar \u00fczerine teorik \u00e7\u0131karsamalarda bulunabiliriz, ama rasyonalistlerin her zaman yapt\u0131\u011f\u0131 (yapmaya \u00e7al\u0131\u015ft\u0131\u011f\u0131) gibi bunlardan &#8220;gelecekte kullan\u0131lmak \u00fczere haz\u0131r \u015fablon&#8217;lar \u00e7\u0131karamay\u0131z. Ne mutlu ki alternatif \u00e7\u00f6z\u00fcmler, en az\u0131ndan k\u0131smi olanlar\u0131, uzun bir s\u00fcredir de\u011fi\u015fik toplumsal hareketler taraf\u0131ndan uygulan\u0131yor, her ne kadar kimi entelekt\u00fceller bunlar\u0131 g\u00f6remiyor ise de.<\/span><\/p>\n<p><span style=\"font-family: 'Palatino Linotype', 'Book Antiqua', Palatino, serif; font-size: 12pt;\"><br \/>\n<a href=\"http:\/\/dokuzadabirdeniz.com\/wp-content\/uploads\/adanin-tepesi72.jpg\"><img loading=\"lazy\" class=\"alignleft wp-image-2648 \" src=\"http:\/\/dokuzadabirdeniz.com\/wp-content\/uploads\/adanin-tepesi72.jpg\" alt=\"adanin-tepesi72\" width=\"366\" height=\"244\" srcset=\"https:\/\/dokuzadabirdeniz.com\/wp-content\/uploads\/adanin-tepesi72.jpg 425w, https:\/\/dokuzadabirdeniz.com\/wp-content\/uploads\/adanin-tepesi72-150x100.jpg 150w, https:\/\/dokuzadabirdeniz.com\/wp-content\/uploads\/adanin-tepesi72-300x200.jpg 300w\" sizes=\"(max-width: 366px) 100vw, 366px\" \/><\/a>Harvey &#8220;devleti ve devletin i\u00e7 i\u015fleyi\u015fine ili\u015fkin dinamikleri g\u00f6rmezden gelmek, anti-kapitalist devrimci hareketler i\u00e7in kabul edilemez derecede sa\u00e7ma bir fikirdir,&#8221; dedi\u011finde sormak gerekiyor, devleti &#8220;g\u00f6rmezden gelen&#8221; kim? H\u00fck\u00fcmetin (\u015fu s\u00f6z\u00fcm ona <em>planl\u0131<sup>6<\/sup>) <\/em>refah yard\u0131mlar\u0131n\u0131 kendileri da\u011f\u0131tma hakk\u0131n\u0131 kazanan <em>piqueteros <\/em>mu? Bir yandan Meksika devletiyle sava\u015f\u0131rken, bir yandan da onunla m\u00fczakereye haz\u0131rlanan Zapatistalar m\u0131? Brazilya&#8217;da devletin \u00fcst\u00fcnde bask\u0131 olu\u015fturup kamu politikalar\u0131n\u0131 etkilemeye \u00e7al\u0131\u015fan <em>sem-terra\u00a0<\/em><em>ve sem-teto <\/em>mu? Olmad\u0131\u011f\u0131 kesin. G\u00fcney Afrika&#8217;da Abahlali baseMjondolo, a\u011f\u0131zlar\u0131nda &#8220;Toprak Yok! Ev Yok! Oy Yok!&#8221; slogan\u0131, h\u00fck\u00fcmeti protesto amac\u0131yla g\u00fc\u00e7l\u00fc bir \u015fekilde se\u00e7imleri boykot ettiler ve kendilerine ait ikili g\u00fcce dayal\u0131 birtak\u0131m kurumlar olu\u015fturdular. Ne var ki bu se\u00e7im boykotu tamamen taktik bir manevra oldu\u011fu gibi, taleplerini dile getirecek bir f\u0131rsat buldu\u011funda Abahlali&#8217;yi devlet ayg\u0131tlar\u0131yla g\u00f6r\u00fc\u015fmeyi denemekten de al\u0131koymam\u0131\u015ft\u0131. Ne yaz\u0131k ki, h\u00fck\u00fcmet yetkilileriyle y\u00fcr\u00fct\u00fclen g\u00f6r\u00fc\u015fmelerdeki geli\u015fmelere iktidar partisi vah\u015fi bir bask\u0131 uygulayarak tepki verecekti.<\/span><\/p>\n<p><span style=\"font-family: 'Palatino Linotype', 'Book Antiqua', Palatino, serif; font-size: 12pt;\">Asl\u0131nda \u0130spanyol anar\u015fistler bile devlete kar\u015f\u0131 radikal muhalefetin (bu arada bunun <em>kapitalist <\/em>devlete y\u00f6neltilen Marksist ele\u015ftiriden \u00e7ok daha radikal oldu\u011funu belirtelim) devlet ayg\u0131tlar\u0131n\u0131 &#8220;g\u00f6rmezden gelmek&#8217;le ayn\u0131 \u015fey olmad\u0131\u011f\u0131n\u0131 \u00e7oktand\u0131r biliyorlar. 1936&#8217;dan 1938&#8217;e kadar, cumhuriyet\u00e7i \u0130spanya&#8217;n\u0131n kurumlar\u0131yla (Aragon&#8217;da <em>Consejo, <\/em>Catalonia&#8217;da <em>Generalitat, <\/em>vb.) gerilimli bir bi\u00e7imde de olsa birlikte bar\u0131nabilen, liberter yap\u0131lar ve a\u011flardan m\u00fcte\u015fekkil (yerel d\u00fczeydeki <em>colectividades <\/em>ve <em>pueblos&#8217;tan federaciones comarcales, federaciones <\/em><em>provinciates <\/em><em>ve federaciones regionales&#8217;e) paralel <\/em>bir sistem kurmu\u015flard\u0131. Ve bu anarko-sendikalistlerin \u00e7o\u011fu i\u00e7in Asil&#8217;in topu\u011fu, Murray Bookchin&#8217;in \u00f6ne s\u00fcrd\u00fc\u011f\u00fc gibi (Bookchin 1994a, 1994b), tam da devlete <em>gere\u011finden fazla <\/em>taviz vermeleriydi.<\/span><\/p>\n<p><span style=\"font-family: 'Palatino Linotype', 'Book Antiqua', Palatino, serif; font-size: 12pt;\">Liberterler,<sup>VHI<\/sup> &#8220;devlet erkinin zapt edilmesi,&#8221; &#8220;sosyalist devlet&#8221; ve &#8220;demokratik merkeziyet\u00e7ilik&#8221; (Leninist parti yap\u0131lar\u0131) gibi hedeflere, her zaman oldu\u011fu gibi, kesin bir <em>hay\u0131r <\/em>dediklerinde, yaln\u0131zca bir gelene\u011fi tekrar \u00fcretmiyor, ayn\u0131 zamanda Harvey&#8217;in yapmad\u0131\u011f\u0131n\u0131 yap\u0131p ge\u00e7mi\u015ften ders \u00e7\u0131kar\u0131yorlar. Liberterler i\u00e7in \u00f6zg\u00fcr birliktelik, yatayl\u0131k ve imece, kom\u00fcnler, a\u011flar ve konfederasyonlar yaln\u0131zca s\u0131n\u0131fl\u0131 toplumun ve s\u0131n\u0131f s\u00f6m\u00fcr\u00fcs\u00fcn\u00fcn de\u011fil, \u0131rk\u00e7\u0131l\u0131k ve erkek egemenli\u011fi de d\u00e2hil t\u00fcm bask\u0131 bi\u00e7imlerinin \u00fcstesinden gelmek i\u00e7in kullan\u0131lan ara\u00e7 ve stratejilerdir. Cornelius Castoriadis ve Murray Bookchin gibi birbirinden tamamen farkl\u0131 liberterlerin, epistemolojik ve teorik bak\u0131mdan indirgemeci toplum ve tarih (ve mek\u00e2na diye ekleyeyim ben de) yakla\u015f\u0131m\u0131ndan \u00f6t\u00fcr\u00fc &#8220;tarihsel materyalizm&#8221;e kar\u015f\u0131 ele\u015ftirel bir tutum tak\u0131nmakta yeterince sebepleri vard\u0131r. Kapitalizm ele\u015ftirisinin bir par\u00e7as\u0131 olarak politik ekonomiyi &#8220;g\u00f6rmezden geldikleri&#8221; i\u00e7in yapmazlar bunu, ekonomizmi ve teleolojiyi reddetmektedirler sadece.<\/span><\/p>\n<p><span style=\"font-family: 'Palatino Linotype', 'Book Antiqua', Palatino, serif; font-size: 12pt;\">Buna ra\u011fmen Marx&#8217;a ve Marksizm&#8217;e topyekun \u00f6c\u00fc muamelesi yapmak do\u011fru de\u011fildir. Hakikatte, Kropotkin, Castoriadis veya Bookchin gibi 19 ve 20. y\u00fczy\u0131ll\u0131n tan\u0131nm\u0131\u015f liberter d\u00fc\u015f\u00fcn\u00fcrlerinin (ki bunlara Micheal Foucault, Felix Guattari ve Ivan Illich gibi liberter gelene\u011fe yak\u0131n duran di\u011fer Avrupal\u0131\u00a0veya Avrupa d\u0131\u015f\u0131ndaki d\u00fc\u015f\u00fcn\u00fcrleri de ekleyebiliriz) veya <em>Subcomandante <\/em><em>insurgente <\/em>Marcos&#8217;tan Ra\u00fcl Zibechi&#8217;ye do\u011frudan eylemlilik i\u00e7inde bulunan veya toplumsal hareketlerle yak\u0131n i\u015fbirli\u011fi i\u00e7inde hareket eden g\u00fcn\u00fcm\u00fcz Latin Amerika ve Afrika entelekt\u00fcellerinin yan\u0131 s\u0131ra Anton Pannekoek, Edward P. Thompson, Herbert Marcuse ve Henri Lefebvre&#8217;i i\u00e7eren Leninist olmayan, heterodoks Marksistlerin \u00f6nemli ilham kaynaklar\u0131 oldu\u011funu teslim etmek gerekir.<\/span><\/p>\n<p><span style=\"font-family: 'Palatino Linotype', 'Book Antiqua', Palatino, serif; font-size: 12pt;\"><a href=\"http:\/\/dokuzadabirdeniz.com\/wp-content\/uploads\/CNCI1v0U8AEnet0.jpg-large.jpeg\"><img loading=\"lazy\" class=\"wp-image-2735 alignright\" src=\"http:\/\/dokuzadabirdeniz.com\/wp-content\/uploads\/CNCI1v0U8AEnet0.jpg-large.jpeg\" alt=\"CNCI1v0U8AEnet0.jpg-large\" width=\"465\" height=\"261\" srcset=\"https:\/\/dokuzadabirdeniz.com\/wp-content\/uploads\/CNCI1v0U8AEnet0.jpg-large.jpeg 960w, https:\/\/dokuzadabirdeniz.com\/wp-content\/uploads\/CNCI1v0U8AEnet0.jpg-large-150x84.jpeg 150w, https:\/\/dokuzadabirdeniz.com\/wp-content\/uploads\/CNCI1v0U8AEnet0.jpg-large-300x169.jpeg 300w\" sizes=\"(max-width: 465px) 100vw, 465px\" \/><\/a><\/span><span style=\"font-family: 'Palatino Linotype', 'Book Antiqua', Palatino, serif; font-size: 12pt;\">David Harvey&#8217;i okuyunca insan Zapatistalar, <em>piqueteros <\/em>ve <em>Abahlali baseMjondolo <\/em>gibi hareketlerin kendilerini dar g\u00f6r\u00fc\u015fl\u00fc bir yerelcilik hedefine adad\u0131klar\u0131 izlenimini edinir. Oysa bu hareketler ger\u00e7ekte, az \u00e7ok Raymond Williams&#8217;in kulland\u0131\u011f\u0131 anlamda &#8220;militan tikelcili\u011fin&#8221; ele\u015ftirel ve \u00f6zg\u00fcn bir bi\u00e7imini temsil ederler:<\/span><\/p>\n<p><span style=\"font-family: 'Palatino Linotype', 'Book Antiqua', Palatino, serif; font-size: 12pt;\">Elbette neredeyse t\u00fcm emek m\u00fccadeleleri tikelci bir noktadan hareket\u00a0ederler. \u0130nsanlar kendilerini ilgilendiren kimi durum ve sorunlar\u0131 tespit\u00a0edip bunlar\u0131 de\u011fi\u015ftirmek veya \u00e7\u00f6zmek i\u00e7in birlikte \u00e7aba g\u00f6sterirler. Zaten\u00a0i\u015f\u00e7i s\u0131n\u0131f\u0131 i\u00e7in bu hi\u00e7 de \u00f6zel bir \u015fey de\u011fildir. Borsa simsarlar\u0131n\u0131n, toprak\u00a0a\u011falar\u0131n\u0131n veya devlet okulu m\u00fcd\u00fcrlerinin sald\u0131rganl\u0131klar\u0131na bakmak\u00a0yeterlidir. \u0130\u015f\u00e7i s\u0131n\u0131f\u0131n\u0131n kendili\u011finden \u00f6rg\u00fctleni\u015fini e\u015fsiz ve ola\u011fan\u00fcst\u00fc\u00a0\u00a0yapan tikel m\u00fccadeleleri nevi \u015fahs\u0131na m\u00fcnhas\u0131r bir yolla genel m\u00fccadeleye\u00a0ba\u011flama gayreti olmu\u015ftur. D\u00fczg\u00fcnce bir araya getirilen belli ba\u015fl\u0131 tikel<\/span><\/p>\n<p><span style=\"font-family: 'Palatino Linotype', 'Book Antiqua', Palatino, serif; font-size: 12pt;\">menfaatleri savunup geli\u015ftirmenin asl\u0131nda herkesin menfaatine olaca\u011f\u0131\u00a0gibi ilk bak\u0131\u015fta imk\u00e2ns\u0131z g\u00f6r\u00fcnen bir iddiay\u0131 ger\u00e7ekle\u015ftirmek \u00fczere yola\u00a0\u00e7\u0131km\u0131\u015ft\u0131r. (Williams 1989:249)<\/span><\/p>\n<p><span style=\"font-family: 'Palatino Linotype', 'Book Antiqua', Palatino, serif; font-size: 12pt;\">Bununla birlikte, &#8220;k\u00fcresel \u00e7er\u00e7eveleme,&#8221; &#8220;yay\u0131lma,&#8221; &#8220;\u00f6l\u00e7ek de\u011fi\u015ftirme,&#8221; &#8220;koalisyon kurma,&#8221; vs. gibi &#8220;k\u00fcresel \u00f6l\u00e7ekli siyasetler&#8221; arac\u0131l\u0131\u011f\u0131yla &#8220;mutaass\u0131pl\u0131k&#8221; minvalinde bir &#8220;tikelcili\u011fi&#8221; i\u015f\u00e7i hareketine d\u00f6n\u00fc\u015ft\u00fcrme olas\u0131l\u0131\u011f\u0131n\u0131 k\u0131s\u0131tlaman\u0131n da gere\u011fi yok; ba\u015fka toplumsal hareketler yerel\u00f6tesi m\u00fcnasebetler, hatta a\u011flar geli\u015ftirmeyi \u00e7oktan ba\u015farm\u0131\u015f durumdalar.<\/span><\/p>\n<p><span style=\"font-family: 'Palatino Linotype', 'Book Antiqua', Palatino, serif; font-size: 12pt;\">Liberterler daima dikeyli\u011fi reddetmi\u015f, yatayl\u0131k talep etmi\u015flerdir. \u00c7o\u011fu Marksiste bu sekter, hatta naif geliyor olabilir. Ancak liberterler i\u00e7in Stalinizmi ve dahi Leninizmi ele\u015ftirmek yeterli de\u011fildir. Ekseriyetle bizzat toplumsal hareketlerin \u00f6rg\u00fctlenmelerinde, siyasi parti \u00f6zentileri taraf\u0131ndan ne yaz\u0131 ki yeniden \u00fcretilen her t\u00fcrl\u00fc kat\u0131 hiyerar\u015fi ve dikeylik bi\u00e7iminin de ele\u015ftirilmesi gerekiyor. Liberterlerin g\u00f6z\u00fcnde bu, Harvey gibi parlak bir akademisyeni bile Brezilya&#8217;n\u0131n \u0130P h\u00fck\u00fcmetini pek ilerici sanmaya, hatta daha ac\u0131nas\u0131 bir bi\u00e7imde \u00c7in&#8217;in Kom\u00fcnist Partisi&#8217;nin oynad\u0131\u011f\u0131 rol\u00fc bir \u00e7e\u015fit muamma olarak de\u011ferlendirmeye g\u00f6t\u00fcren \u00f6nyarg\u0131lar\u0131n en iyi ilac\u0131d\u0131r.<\/span><\/p>\n<p><span style=\"font-family: 'Palatino Linotype', 'Book Antiqua', Palatino, serif; font-size: 12pt;\">Bug\u00fcnlerde, pek \u00e7ok liberter (tabii ki hepsi de\u011fil) geni\u015f anlamda <em>&#8220;kurumsal <\/em><em>m\u00fccadele&#8217; <\/em>&#8216;nin tabu addedilmemesi gerekti\u011finde hemfikirdir. (Geni\u015f anlamda &#8220;kurumsal m\u00fccadele&#8221; eylemcilerin ve hareketlerin siyasi partilere kat\u0131lmas\u0131ndan ziyade, kamu politikalar\u0131, tasar\u0131lar\u0131 ve yasama faaliyetleri \u00fczerinde s\u00f6z sahibi olmaya \u00e7al\u0131\u015fmalar\u0131 anlam\u0131na gelir.) Bu y\u00f6ntem, kimi ko\u015fullarda, \u00f6rne\u011fin izolasyondan sak\u0131nmak gerekti\u011finde, yararl\u0131 olman\u0131n \u00f6tesinde bir <em>gerekliliktir <\/em>de.<sup>IX<\/sup> Tabii \u015funu da iyi anlamak ve kabul etmek gerekir ki reformlar ve <em>konjonkt\u00fcrel <\/em>olarak &#8220;ilerici&#8221; davranan <em>h\u00fck\u00fcmetler <\/em>olsa da, <em>devlet <\/em>ayg\u0131tlar\u0131 <em>asl\u0131nda <\/em>\u00f6zleri gere\u011fi <em>ba\u011f\u0131ml\u0131 <\/em>(heteronom) <em>yap\u0131lard\u0131r.<\/em><\/span><\/p>\n<p><span style=\"font-family: 'Palatino Linotype', 'Book Antiqua', Palatino, serif; font-size: 12pt;\">Bu nedenle kurumsal m\u00fccadele, en iyi ihtimalle <em>do\u011frudan <\/em>eyleme yard\u0131mc\u0131 bir rol \u00fcstlenebilir, onun yerini alamayaca\u011f\u0131 gibi ona g\u00f6lge de etmemelidir. Devletten &#8220;partner&#8221; olmaz (STK&#8217;lar i\u00e7in oldu\u011funun aksine); baz\u0131 durumlarda (diyalektik olarak) a\u015fa\u011f\u0131dan gelen bask\u0131lara az \u00e7ok samimi bir a\u00e7\u0131kl\u0131k g\u00f6sterseler de, kimi h\u00fck\u00fcmetler gibi, devlet ayg\u0131tlar\u0131 asl\u0131nda <em>d\u00fc\u015fman <\/em>cenahtand\u0131r. Toplumsal hareketler, devletin elinde oyuncak olmak yerine bu a\u00e7\u0131kl\u0131\u011f\u0131 ne derece kullanabiliyorlar? Buna karar verirmek i\u00e7in her \u00f6rne\u011fi kendi i\u00e7inde ele almak gerekir. Toplumsal hareketler devletle m\u00fcnasebetlerinde \u00e7\u0131karc\u0131 olmay\u0131 ve hayale kap\u0131lmamay\u0131 \u00f6\u011frenmelidirler.<\/span><\/p>\n<p><span style=\"font-family: 'Palatino Linotype', 'Book Antiqua', Palatino, serif; font-size: 12pt;\">Dolay\u0131s\u0131yla, do\u011frudan eylemin kar\u015f\u0131s\u0131nda kurumsal m\u00fccadelenin rol\u00fc s\u00f6z konusu oldu\u011funda, hem dogmatizmden hem de naiflikten sak\u0131nmal\u0131y\u0131z. Tart\u0131\u015fman\u0131n bu noktas\u0131nda biri Nietzsche&#8217;den di\u011feri Spinoza&#8217;dan &#8220;siyasi-felsefi metaforik kitabe&#8221; niyetine iki al\u0131nt\u0131 kullanmak istiyorum:<\/span><\/p>\n<ul>\n<li><span style=\"font-family: 'Palatino Linotype', 'Book Antiqua', Palatino, serif; font-size: 12pt;\">&#8220;Kim ki insanlar aras\u0131nda koku\u015fup gitmeyecektir, t\u00fcm kadehlerden i\u00e7mesini \u00f6\u011frenmelidir; kim ki insanlar aras\u0131nda temiz kalacakt\u0131r, pis suyla bile kendini nas\u0131l y\u0131kayaca\u011f\u0131n\u0131 bilmelidir.&#8221;<\/span><\/li>\n<li><span style=\"font-family: 'Palatino Linotype', 'Book Antiqua', Palatino, serif; font-size: 12pt;\">&#8220;Bizi daha b\u00fcy\u00fck bir iyiden mahrum b\u0131rakan iyi, ger\u00e7ekte k\u00f6t\u00fcd\u00fcr.&#8221; (Spinoza, <em>Etika)<\/em><\/span><\/li>\n<\/ul>\n<p><span style=\"font-family: 'Palatino Linotype', 'Book Antiqua', Palatino, serif; font-size: 12pt;\">Nietzsche&#8217;nin s\u00f6zlerini \u015fu uyar\u0131ya metafor olarak kullanabiliriz: <em>Dogmatik <\/em><em>olmayacaks\u0131n!, <\/em>Spinoza&#8217;n\u0131n kelam\u0131 ise &#8220;kat\u0131l\u0131m&#8221;a ve kurumsal m\u00fccadelenin di\u011fer \u00f6rneklerine uygulanabilecek bir uyar\u0131 gibi geliyor kula\u011fa: <em>Neyin \u00f6nemli oldu\u011funu unutacak, g\u00f6r\u00fc\u015f a\u00e7\u0131n\u0131 yitirecek ve evcille\u015fecek kadar pragmatik <\/em><em>olmayacaks\u0131n. <\/em>Hem tekseslili\u011fin, hem sekterli\u011fin, hem de izolasyonun \u00f6n\u00fcn\u00fc olmak isteyen toplumsal hareketler bu iki engin g\u00f6r\u00fc\u015f\u00fc en iyi bi\u00e7imde harmanlaman\u0131n yollar\u0131n\u0131 geli\u015ftirmek zorundad\u0131rlar.<\/span><\/p>\n<p><span style=\"font-family: 'Palatino Linotype', 'Book Antiqua', Palatino, serif; font-size: 12pt;\">Toplumsal hareketler birbirleriyle ileti\u015fim i\u00e7inde olmal\u0131, \u00f6rg\u00fctlenip harekete ge\u00e7mek i\u00e7in yarat\u0131c\u0131 yollar geli\u015ftirmelidirler. Felix Guattari daha 1970 ve 1980&#8217;lerde &#8220;molar yap\u0131lar&#8221;a kar\u015f\u0131 &#8220;molek\u00fcler devrim&#8221;den ve &#8220;transversal \u00f6rg\u00fctlenmeden&#8221; bahsetmi\u015fti (Guattari 1987a ve 1987b)<sup>7<\/sup>. Liberter bir noktadan bak\u0131nca, Guattari&#8217;nin eri\u015fti\u011fi kavray\u0131\u015f\u0131n \u00f6rg\u00fctlenme bi\u00e7imlerine ili\u015fkin tart\u0131\u015fmalara taze bir soluk getirdi\u011fini veya hi\u00e7 de\u011filse bir nebze ilham kayna\u011f\u0131 olarak onlara ba\u015fvurulabilece\u011fini kabul etmek i\u00e7in ille de teorisindeki t\u00fcm unsurlar\u0131 ya da y\u00f6ntemini oldu\u011fu gibi al\u0131p uygulamaya gerek yok.<\/span><\/p>\n<p><span style=\"font-family: 'Palatino Linotype', 'Book Antiqua', Palatino, serif; font-size: 12pt;\">&#8220;Kent Hakk\u0131&#8221; gibi radikal slogan ve kavramlar\u0131n s\u00f6m\u00fcrgele\u015ftirilmesinin \u00f6n\u00fcne ge\u00e7mek, eski, yeni t\u00fcrl\u00fc zorluklarla ba\u015fa \u00e7\u0131kmak i\u00e7in toplumsal hareketlerin kendilerini, strateji ve taktiklerini dur durak bilmeksizin ba\u015ftan yaratmalar\u0131 gerekti\u011fi muhakkak. Neyse ki bu saf teorik fikir y\u00fcr\u00fctme meselesi olman\u0131n \u00f6tesinde bir \u015feydir. Farkl\u0131 \u00fclkelerde, az \u00e7ok de\u011fi\u015fik (ya da az \u00e7ok benzer) ko\u015fullar alt\u0131nda \u00e7ok say\u0131da \u00f6nemli hareket tam da bunu ger\u00e7ekle\u015ftirdi ve ger\u00e7ekle\u015ftirmeye devam ediyor: \u0130ngiltere&#8217;deki <em>Reclaim the Streets&#8217;ten <\/em>Meksikal\u0131 Zapatistalara, Avrupa&#8217;ki toplum merkezleri hareketinden Arjantin&#8217;in geni\u015f bir k\u0131sm\u0131na yay\u0131lan <em>piqueteros&#8217;<\/em>&#8216;a, <em>fabricas recuperadas <\/em>(kurtar\u0131lm\u0131\u015f fabrikalar) hareketinden t\u00fcm d\u00fcnyaya yay\u0131lan alternatif-k\u00fcreselle\u015fme hareketine, Brezilya&#8217;daki sem-teto&#8217;dan G\u00fcney Afrika&#8217;daki <em>Abahlali baseMjondolo&#8217;<\/em>&#8216;ya&#8230;<\/span><\/p>\n<p><span style=\"font-family: 'Palatino Linotype', 'Book Antiqua', Palatino, serif; font-size: 12pt;\">Bu hareketler bazen taktik nedenlerle, daima azami temkinle ve k\u0131s\u0131tl\u0131 bir bi\u00e7imde de olsa &#8220;devletle i\u015fbirli\u011fi&#8221; yapmak zorunda kalsalar da, her \u015feyden \u00f6nce &#8220;devlete <em>ra\u011fmen&#8221; <\/em>ve do\u011falar\u0131 gere\u011fi &#8220;devlete <em>kar\u015f\u0131&#8221; <\/em>hareket ederler (Souza 2006a ve 2006b). Elbette h\u00e2l\u00e2 yan\u0131tlanmas\u0131 gereken \u00e7ok say\u0131da soru, \u00e7\u00f6z\u00fcm bekleyen bir s\u00fcr\u00fc sorun var. Hatta \u00e7o\u011fu hareket kendi i\u00e7inde say\u0131s\u0131z \u00e7eli\u015fki bar\u0131nd\u0131r\u0131yor (kald\u0131 ki, bu eylemcilerin heteronom bir toplumda faaliyet g\u00f6sterdiklerini ve maddi, siyasi ve ideolojik her t\u00fcrl\u00fc bask\u0131 ve etkiye maruz kald\u0131klar\u0131n\u0131 unutmamam\u0131z gerekiyor). Ancak, Marksist-Leninist partiler <em>de\u011fil, <\/em>yaln\u0131zca bu sayd\u0131klar\u0131m\u0131z ve di\u011fer \u00f6zg\u00fcrle\u015ftirici hareketler bu sorunlar\u0131n \u00fcstesinden gelebilecek, ger\u00e7ekten <em>yeni <\/em>ve <em>liberter <\/em>bir \u00e7\u00f6z\u00fcm\u00fcn anahtar\u0131n\u0131 sunabilir. \u00d6yle bir anahtar ki bizi <em>Kent Hakk\u0131&#8217;m, adil ve \u00f6zg\u00fcr bir toplum&#8217;un <\/em>kap\u0131s\u0131n\u0131 a\u00e7abilir.<\/span><\/p>\n<p><span style=\"font-family: 'Palatino Linotype', 'Book Antiqua', Palatino, serif; font-size: 12pt;\"><em><a href=\"http:\/\/dokuzadabirdeniz.com\/wp-content\/uploads\/0e7d4bf300ed52ef85c9cd087ca6bbd5.jpg\"><img loading=\"lazy\" class=\"wp-image-2821 aligncenter\" src=\"http:\/\/dokuzadabirdeniz.com\/wp-content\/uploads\/0e7d4bf300ed52ef85c9cd087ca6bbd5.jpg\" alt=\"0e7d4bf300ed52ef85c9cd087ca6bbd5\" width=\"441\" height=\"269\" srcset=\"https:\/\/dokuzadabirdeniz.com\/wp-content\/uploads\/0e7d4bf300ed52ef85c9cd087ca6bbd5.jpg 736w, https:\/\/dokuzadabirdeniz.com\/wp-content\/uploads\/0e7d4bf300ed52ef85c9cd087ca6bbd5-150x92.jpg 150w, https:\/\/dokuzadabirdeniz.com\/wp-content\/uploads\/0e7d4bf300ed52ef85c9cd087ca6bbd5-300x183.jpg 300w\" sizes=\"(max-width: 441px) 100vw, 441px\" \/><\/a><\/em><\/span><\/p>\n<p><span style=\"font-family: 'Palatino Linotype', 'Book Antiqua', Palatino, serif; font-size: 12pt;\"><em>(*) Education Science Society Journal \/ Volume:9 Issue:36 Autumn: 2011\u00a0<\/em><\/span><\/p>\n<p><span style=\"font-family: 'Palatino Linotype', 'Book Antiqua', Palatino, serif; font-size: 12pt;\"><em>HANG\u0130\u00a0KENTTE HANG\u0130\u00a0HAK?: POL\u0130T\u0130K-STRATEJ\u0130K NETL\u0130\u011e\u0130N M\u00dcDAFAASI &#8211;\u00a0<sup>\u00a0<\/sup>E\u011fitim Bilim Toplum Dergisi \/ Cilt: 9 Say\u0131:36 G\u00fcz: 2011 Sayfa: 183-207<\/em><\/span><\/p>\n<p><span style=\"font-family: 'Palatino Linotype', 'Book Antiqua', Palatino, serif; font-size: 12pt;\"><em>(**)<\/em> Ayta\u00e7 Demirci, \u00c7evirmen, Bilgi \u00dcniversitesi Kar\u015f\u0131la\u015ft\u0131rmal\u0131 Edebiyat YL Mezunu<\/span><\/p>\n<p><span style=\"font-family: 'Palatino Linotype', 'Book Antiqua', Palatino, serif; font-size: 12pt;\">Erbatur \u00c7avu\u015fo\u011flu, MSGS\u00dc, Yrd. Do\u00e7. Dr.<\/span><\/p>\n<p>&nbsp;<\/p>\n<p><span style=\"font-family: 'Palatino Linotype', 'Book Antiqua', Palatino, serif; font-size: 12pt;\"><strong>Te\u015fekk\u00fcr<\/strong><\/span><\/p>\n<p><span style=\"font-family: 'Palatino Linotype', 'Book Antiqua', Palatino, serif; font-size: 12pt;\"><em>Richard <\/em><em>Pithouse&#8217;a <\/em><em>(Rhodes University, <\/em><em>G\u00fcney Afrika) yorum ve \u00fcslup \u00f6nerileri i\u00e7in te\u015fekk\u00fcr\u00fc bir bor\u00e7 bilirim.<\/em><\/span><\/p>\n<p>&nbsp;<\/p>\n<p>&nbsp;<\/p>\n<p><span style=\"font-family: 'Palatino Linotype', 'Book Antiqua', Palatino, serif; font-size: 12pt;\"><strong>D\u0130PNOTLAR<\/strong><\/span><\/p>\n<p><span style=\"font-family: 'Palatino Linotype', 'Book Antiqua', Palatino, serif; font-size: 12pt;\"><strong>1\u00a0<\/strong>De Souza, M.L. (2010), <em>&#8220;Which <\/em>right to <em>which <\/em>city? In defence of political-strategic clarity,&#8221; Interface Volume 2 (1): 315 &#8211; 333.<\/span><\/p>\n<p><span style=\"font-family: 'Palatino Linotype', 'Book Antiqua', Palatino, serif; font-size: 12pt;\"><strong>2.<\/strong> Asl\u0131nda bu al\u0131nt\u0131 <em>Manifesto&#8217;<\/em>&#8216;dan de\u011fil, Marx&#8217;in <em>Louis Bonaparte&#8217;in 18 Brumaire&#8217;<\/em>inden yap\u0131lm\u0131\u015ft\u0131r. Bookchin, &#8220;Listen Marxist!&#8221; adl\u0131 makalesinde 78 <em>Brumaire&#8217;x <\/em>tart\u0131\u015ft\u0131\u011f\u0131 b\u00f6l\u00fcmde bu c\u00fcmlenin ge\u00e7ti\u011fi paragraf\u0131 al\u0131nt\u0131l\u0131yor, [\u00e7n]<\/span><\/p>\n<p><span style=\"font-family: 'Palatino Linotype', 'Book Antiqua', Palatino, serif; font-size: 12pt;\"><strong>3.<\/strong> Barikat\u00e7\u0131lar. [\u00e7n]<\/span><\/p>\n<p><span style=\"font-family: 'Palatino Linotype', 'Book Antiqua', Palatino, serif; font-size: 12pt;\"><strong>4.<\/strong> &#8220;Yay\u0131lma&#8221; (diffusion) ve &#8220;k\u00fcresel \u00e7evreleme&#8221; (global framing) kavramlar\u0131 Sidney Tarrow&#8217;dan (2005) \u00f6d\u00fcn\u00e7 al\u0131nm\u0131\u015ft\u0131r.<\/span><\/p>\n<p><span style=\"font-family: 'Palatino Linotype', 'Book Antiqua', Palatino, serif; font-size: 12pt;\"><strong>5.<\/strong>\u00a0\u00d6nder, reis sistemi, [\u00e7n]<\/span><\/p>\n<p><span style=\"font-family: 'Palatino Linotype', 'Book Antiqua', Palatino, serif; font-size: 12pt;\"><strong>6.<\/strong> Haftada yakla\u015f\u0131k 50 dolar kar\u015f\u0131l\u0131\u011f\u0131nda, kamu i\u015fletmelerinde haftada 20 saatlik \u00e7al\u0131\u015fma kontratlar\u0131n\u0131 i\u00e7eren bu refah yard\u0131mlar\u0131na planes <em>Trabajar <\/em>(\u00c7al\u0131\u015fma planlar\u0131) deniyor [\u00e7n],<\/span><\/p>\n<p><span style=\"font-family: 'Palatino Linotype', 'Book Antiqua', Palatino, serif; font-size: 12pt;\"><strong>7.<\/strong> &#8220;Molar&#8221; kavram\u0131 ile siyasi partiler gibi merkeziyet\u00e7i ve hiyerar\u015fik bir b\u00fct\u00fcnl\u00fck i\u00e7indeki \u00f6rg\u00fctler ifade edilirken, &#8220;molek\u00fcler&#8221; esnek &#8220;mikropolitikalar&#8221; alan\u0131na i\u015faret etmektedir. &#8220;Transversal \u00f6rg\u00fctlenme&#8221; ise pek eski bir liberter anlay\u0131\u015f\u0131n izinden giderek kolektif faaliyetlerin &#8220;nas\u0131l&#8221;\u0131 ile &#8220;ni\u00e7in&#8221;ini birbirinden ay\u0131rmayan, <em>bir\u00f6rneklik <\/em>pe\u015finde ko\u015fmadan <em>ileti\u015fim <\/em>kurabilen bir \u00f6rg\u00fctlenme bi\u00e7imidir.<\/span><\/p>\n<p>&nbsp;<\/p>\n<p>&nbsp;<\/p>\n<p><span style=\"font-family: 'Palatino Linotype', 'Book Antiqua', Palatino, serif; font-size: 12pt;\"><strong>KAYNAK\u00c7A<\/strong><\/span><\/p>\n<p><span style=\"font-family: 'Palatino Linotype', 'Book Antiqua', Palatino, serif; font-size: 12pt;\">Bookchin, M. 1974 (1973). <em>The Limits of the City. <\/em>New York, etc.: Harper Colophon Books.<\/span><\/p>\n<p><span style=\"font-family: 'Palatino Linotype', 'Book Antiqua', Palatino, serif; font-size: 12pt;\">Bookchin, M. 1992. <em>Urbanization without Cities: The Rise and the Decline of Citizenship. <\/em>Montreal and Cheektowaga: Black Rose Books.<\/span><\/p>\n<p><span style=\"font-family: 'Palatino Linotype', 'Book Antiqua', Palatino, serif; font-size: 12pt;\">Bookchin, M. 1994a (1974). &#8220;An Overview of the Spanish Libertarian Movement.&#8221; \u0130\u00e7inde: <em>To remember Spain. <\/em>The Anarchist and Syndicalist Revolution of 1936. Edinburgh: AK Press.<\/span><\/p>\n<p>&nbsp;<\/p>\n<p><span style=\"font-family: 'Palatino Linotype', 'Book Antiqua', Palatino, serif; font-size: 12pt;\">Bookchin, M. 1994b (1986). &#8220;After Fifty Years: The Spanish Civil War.&#8221; \u0130\u00e7inde: <em>To remember Spain. <\/em>The Anarchist and Syndicalist Revolution of 1936. Edinburgh: AK Press.<\/span><\/p>\n<p><span style=\"font-family: 'Palatino Linotype', 'Book Antiqua', Palatino, serif; font-size: 12pt;\">Bookchin, M. 1995. <em>From Urbanization to Cities: Toward a new politics of Citizenship. <\/em>London: Cassel. <em>[Urbanization without Cities&#8217;m <\/em>g\u00f6zden ge\u00e7irilmi\u015f bask\u0131s\u0131.]<\/span><\/p>\n<p><span style=\"font-family: 'Palatino Linotype', 'Book Antiqua', Palatino, serif; font-size: 12pt;\">Bookchin, M. 2002a (1986). &#8220;Municipalization: Community Ownership of the Economy.&#8221; Online: <a href=\"http:\/\/dwardmac.pitzer.edu\/Anarchist_Archives\/\">http:\/\/dwardmac.pitzer.edu\/Anarchist_Archives\/ <\/a>bookchin\/ gp\/perspectives2.html, 12 January 2002 (Yay\u0131mlanm\u0131\u015f makalenin t\u0131pk\u0131bas\u0131m\u0131, <em>Green perspectives, <\/em>Number 2, February 1986).<\/span><\/p>\n<p><span style=\"font-family: 'Palatino Linotype', 'Book Antiqua', Palatino, serif; font-size: 12pt;\">Bookchin, M. 2002b (1987). &#8220;Libertarian Municipalism: The New Municipal Agenda.&#8221; Online: <a href=\"http:\/\/dwardmac.pitzer.edu\/Anarchist_Archives\/\">http:\/\/dwardmac.pitzer.edu\/Anarchist_Archives\/ <\/a>bookchin\/libmuni.html, accessed on 12 January 2002 [Kitaptan par\u00e7alar,<\/span><\/p>\n<p><span style=\"font-family: 'Palatino Linotype', 'Book Antiqua', Palatino, serif; font-size: 12pt;\"><em>From Urbanization to Cities, <\/em>London, 1987.]<\/span><\/p>\n<p><span style=\"font-family: 'Palatino Linotype', 'Book Antiqua', Palatino, serif; font-size: 12pt;\">Bookchin, M. 2002c (1989). &#8220;The Meaning of Confederalism.&#8221; Online: <a href=\"http:\/\/\">http:\/\/ <\/a><a href=\"http:\/\/dwardmac.pitzer.edu\/Anarchist_Archives\/bookchin\/gp\/perspectives20\">dwardmac.pitzer.edu\/Anarchist_Archives\/bookchin\/gp\/perspectives20<\/a>. html, 12 January 2002 [Yay\u0131mlanm\u0131\u015f makalenin t\u0131pk\u0131bas\u0131m\u0131 Green Perspectives, Number 20, November 1989, bir sonraki bas\u0131m\u0131 <em>Urbanization <\/em><em>without Cities. <\/em>Montreal and Cheektowaga, 1992, Black Rose Books.]<\/span><\/p>\n<p><span style=\"font-family: 'Palatino Linotype', 'Book Antiqua', Palatino, serif; font-size: 12pt;\">Bookchin, M. 2002d (1991). &#8220;Libertarian Municipalism: An Overview.&#8221; Online: <a href=\"http:\/\/dwardmac.pitzer.edu\/Anarchist_Archives\/bookchin\/gp\/\">http:\/\/dwardmac.pitzer.edu\/Anarchist_Archives\/bookchin\/gp\/ <\/a>perspectives24.html, 12 January 2002 [Yay\u0131mlanm\u0131\u015f makalenin t\u0131pk\u0131bas\u0131m\u0131<\/span><\/p>\n<p><span style=\"font-family: 'Palatino Linotype', 'Book Antiqua', Palatino, serif; font-size: 12pt;\"><em>Green Perspectives, <\/em>Number 24, October 1991.]<\/span><\/p>\n<p><span style=\"font-family: 'Palatino Linotype', 'Book Antiqua', Palatino, serif; font-size: 12pt;\">Bookchin, M. 2004a (1968). &#8220;The Forms of Freedom.&#8221; \u0130\u00e7inde: <em>Post-Scarcity Anarchism. <\/em>Edinburgh and Oakland: AK Press, 3rd edition.<\/span><\/p>\n<p><span style=\"font-family: 'Palatino Linotype', 'Book Antiqua', Palatino, serif; font-size: 12pt;\">Bookchin, M. 2004b (1969). &#8220;Listen, Marxist!&#8221; \u0130\u00e7inde: <em>Post-Scarcity Anarchism. <\/em>Edinburgh and Oakland: AK Press, 3rd Edition.<\/span><\/p>\n<p><span style=\"font-family: 'Palatino Linotype', 'Book Antiqua', Palatino, serif; font-size: 12pt;\">Bookchin, M. 2007 (2002). &#8220;The Communahst Project.&#8221; \u0130\u00e7inde: <em>Social Ecology and Communalism. <\/em>Oakland and Edinburgh: AK Press.<\/span><\/p>\n<p><span style=\"font-family: 'Palatino Linotype', 'Book Antiqua', Palatino, serif; font-size: 12pt;\">Bookchin, M. 2010 (1998). &#8220;The Communist Manifesto: Insights and Problems.&#8221;\u00a0\u00a0\u00a0\u00a0 Online:\u00a0\u00a0\u00a0\u00a0 http: \/\/dwardmac.pitzer.edu\/Anarchis t_Archives\/<\/span><\/p>\n<p><span style=\"font-family: 'Palatino Linotype', 'Book Antiqua', Palatino, serif; font-size: 12pt;\">bookchin\/comman.html, 16 January 2010 [Yay\u0131mlanm\u0131\u015f makale. <em>New Politics, <\/em>vol. 6, seri no. 4, no. 24, K\u0131\u015f 1998.]<\/span><\/p>\n<p><span style=\"font-family: 'Palatino Linotype', 'Book Antiqua', Palatino, serif; font-size: 12pt;\">Castoriadis, C. 1975. <em>L&#8217;institution imaginaire de la societe. <\/em>Paris: Seuil.<\/span><\/p>\n<p><span style=\"font-family: 'Palatino Linotype', 'Book Antiqua', Palatino, serif; font-size: 12pt;\">Castoriadis, C. 1983a (1979). &#8220;Introdu\u00e7\u00e2o: socialismo e sociedade aut\u00f6noma.&#8221; \u0130\u00e7inde: <em>Socialismo ou <\/em><em>barb\u00e2rie. <\/em>O conte\u00fcdo do socialismo. S\u00e2o Paulo: Brasiliense.<\/span><\/p>\n<p><span style=\"font-family: 'Palatino Linotype', 'Book Antiqua', Palatino, serif; font-size: 12pt;\">Castoriadis, C. 1983b (1955). &#8220;Sobre o conte\u00fcdo do socialismo, I.&#8221; \u0130\u00e7inde: <em>Socialismo ou <\/em><em>barb\u00e2rie. <\/em>O conte\u00fcdo do socialismo. S\u00e2o Paulo: Brasiliense.<\/span><\/p>\n<p><span style=\"font-family: 'Palatino Linotype', 'Book Antiqua', Palatino, serif; font-size: 12pt;\">Castoriadis, C. 1983c (1957). &#8220;Sobre o conte\u00fcdo do socialismo, II.&#8221; \u0130\u00e7inde: <em>Socialismo ou <\/em><em>barb\u00e2rie. <\/em>O conte\u00fcdo do socialismo. S\u00e2o Paulo: Brasiliense.<\/span><\/p>\n<p><span style=\"font-family: 'Palatino Linotype', 'Book Antiqua', Palatino, serif; font-size: 12pt;\">Castoriadis, C. 1983d (1976). &#8220;A fonte h\u00fcngara.&#8221; \u0130\u00e7inde: <em>Socialismo ou <\/em><em>barb\u00e2rie. <\/em>O conte\u00fcdo do socialismo. S\u00e2o Paulo: Brasiliense.<\/span><\/p>\n<p><span style=\"font-family: 'Palatino Linotype', 'Book Antiqua', Palatino, serif; font-size: 12pt;\">Castoriadis, C. 1985 (1973). &#8220;A <em>questao da historia do movimento operdrio.&#8221; <\/em>\u0130\u00e7inde: A experiencia do movimento oper\u00e2rio. S\u00e2o Paulo: Brasiliense.<\/span><\/p>\n<p><span style=\"font-family: 'Palatino Linotype', 'Book Antiqua', Palatino, serif; font-size: 12pt;\">Castoriadis, C. 1986 (1977). &#8220;Reflexions sur le &#8220;developpement&#8221; et la &#8220;rationalite&#8221;.&#8221; \u0130\u00e7inde: <em>Domaines de I&#8217;homme: Les carrefours du labyrinthe <\/em>II. Paris: Editions du Seuil.<\/span><\/p>\n<p><span style=\"font-family: 'Palatino Linotype', 'Book Antiqua', Palatino, serif; font-size: 12pt;\">Castoriadis, C. 1990a. &#8220;Lepoque du conformisme generalise.&#8221; \u0130\u00e7inde: <em>Le monde morcele &#8211; <\/em>Les carrefours du labyrinthe III. Paris: Seuil.<\/span><\/p>\n<p><span style=\"font-family: 'Palatino Linotype', 'Book Antiqua', Palatino, serif; font-size: 12pt;\">Castoriadis, C. 1990b. &#8220;Pouvoir, politique, autonomie.&#8221; \u0130\u00e7inde: <em>Le monde morcele &#8211; <\/em>Les carrefours du labyrinthe III. Paris: Seuil.<\/span><\/p>\n<p><span style=\"font-family: 'Palatino Linotype', 'Book Antiqua', Palatino, serif; font-size: 12pt;\">Castoriadis, C. 1996. &#8220;La democratic comme procedure et comme regime.&#8221; \u0130\u00e7inde: <em>La montee de I&#8217;insignifiance &#8211; <\/em>Les carrefours du labyrinthe IV. Paris: Seuil.<\/span><\/p>\n<p><span style=\"font-family: 'Palatino Linotype', 'Book Antiqua', Palatino, serif; font-size: 12pt;\">Castoriadis, C. 1999. &#8220;Quelle democratic?&#8221; \u0130\u00e7inde: <em>Figures du pensable &#8211; <\/em>Les carrefours du labyrinthe VI. Paris: Seuil.<\/span><\/p>\n<p><span style=\"font-family: 'Palatino Linotype', 'Book Antiqua', Palatino, serif; font-size: 12pt;\">Colectivo S. 2002. <em>Apuntes para el nuevo protagonismo social. <\/em>Buenos Aires: Colectivo Situaciones and Ediciones de Mano a Mano.<\/span><\/p>\n<p><span style=\"font-family: 'Palatino Linotype', 'Book Antiqua', Palatino, serif; font-size: 12pt;\">Guattari, F. 1987a (1980). &#8220;O capitahsmo mundial integrado e a revolu\u00e7\u00e2o molecular.&#8221; \u0130\u00e7inde: <em>Revolu\u00e7\u00e2o <\/em><em>molecular: <\/em><em>Pulsa\u00e7\u00f6es <\/em><em>politicas do desejo. <\/em>S\u00e2o Paulo: Brasiliense, 3. Bask\u0131.<\/span><\/p>\n<p><span style=\"font-family: 'Palatino Linotype', 'Book Antiqua', Palatino, serif; font-size: 12pt;\">Guattari, F. 1987b (1981). &#8220;O inconsciente maqufnico e a revolu\u00e7\u00e2o molecular.&#8221; \u0130\u00e7inde: <em>Revolu\u00e7\u00e2o <\/em><em>molecular: <\/em><em>Pulsa\u00e7\u00f6es pol\u0131ticas <\/em><em>do desejo. <\/em>S\u00e2o Paulo: Brasiliense, 3. Bask\u0131.<\/span><\/p>\n<p><span style=\"font-family: 'Palatino Linotype', 'Book Antiqua', Palatino, serif; font-size: 12pt;\">Harvey, D. 2008. <em>&#8220;The Right to the City.&#8221; <\/em>New Left Review, no. 53, Eyliil-Ekim, s. 23-40.<\/span><\/p>\n<p><span style=\"font-family: 'Palatino Linotype', 'Book Antiqua', Palatino, serif; font-size: 12pt;\">Harvey, D. 2009. <em>&#8220;Organizing for the Anti-Capitalist Transition.&#8221; <\/em>Online: <a href=\"http:\/\/www.zmag.org\/znet\/viewArticle\/23393\">http:\/\/www.zmag.org\/znet\/viewArticle\/23393<\/a>, 16\/01\/2010.<\/span><\/p>\n<p><span style=\"font-family: 'Palatino Linotype', 'Book Antiqua', Palatino, serif; font-size: 12pt;\">Lefebvre, H. 1976 (1972). <em>Espacio y politico,: El derecho a la ciudad, <\/em>II. Barcelona: Peninsula.<\/span><\/p>\n<p><span style=\"font-family: 'Palatino Linotype', 'Book Antiqua', Palatino, serif; font-size: 12pt;\">Lefebvre, H. 1981 (1974). <em>La production de Vespace. <\/em>Paris: Anthropos.<\/span><\/p>\n<p><span style=\"font-family: 'Palatino Linotype', 'Book Antiqua', Palatino, serif; font-size: 12pt;\">Lefebvre, H. 1983 (1970). <em>La <\/em><em>revoluci\u00f6n urbana. <\/em>Madri: Alianza Editorial, 4. Bask\u0131.<\/span><\/p>\n<p><span style=\"font-family: 'Palatino Linotype', 'Book Antiqua', Palatino, serif; font-size: 12pt;\">Lefebvre, H. 1991 (1968). <em>O <\/em><em>direito a cidade. <\/em>S\u00e2o Paulo: Moraes.<\/span><\/p>\n<p><span style=\"font-family: 'Palatino Linotype', 'Book Antiqua', Palatino, serif; font-size: 12pt;\">Lefebvre, H. 1998 (1968). <em>L&#8217;irruption: deNanterre au sommet. <\/em>Paris: Syllepse.<\/span><\/p>\n<p><span style=\"font-family: 'Palatino Linotype', 'Book Antiqua', Palatino, serif; font-size: 12pt;\">Lefebvre, H. 2009 (1966). <em>&#8220;Theoretical problems of autogestion,&#8221; <\/em>i\u00e7inde: H. Lefebvre, State, Space, World. (Ed. N. Brenner and S. Elden). Minneapolis: University of Minnesota Press, s. 138-152.<\/span><\/p>\n<p><span style=\"font-family: 'Palatino Linotype', 'Book Antiqua', Palatino, serif; font-size: 12pt;\">Pithouse, R. 2008. &#8220;A politics of the poor: Shack dwellers&#8217; struggles in Durban.&#8221; <em>Journal of Asian and African Studies <\/em>43(1), pp. 63-94.<\/span><\/p>\n<p><span style=\"font-family: 'Palatino Linotype', 'Book Antiqua', Palatino, serif; font-size: 12pt;\">Reb\u00f6n, J. and Saavedra, I. 2006. <em>Empresas recuperadas: La autogestion de los trabajadores. <\/em>Buenos Aires: Capital Intelectual.<\/span><\/p>\n<p><span style=\"font-family: 'Palatino Linotype', 'Book Antiqua', Palatino, serif; font-size: 12pt;\">Souza, Marcelo L. de 2006a. <em>A pris\u00e2o e <\/em><em>a agora. <\/em>Reflexoes sobre a democratiza\u00e7\u00e2o do planejamento e da gest\u00e2o das cidades. Rio de Janeiro: Bertrand Brasil.<\/span><\/p>\n<p><span style=\"font-family: 'Palatino Linotype', 'Book Antiqua', Palatino, serif; font-size: 12pt;\">Souza, Marcelo L. de 2006b. &#8220;Together with the state, despite the state, against the state: Social movements as &#8220;critical urban planning&#8221; agents.&#8221; <em>City, <\/em>10(3), s. 327-42.<\/span><\/p>\n<p><span style=\"font-family: 'Palatino Linotype', 'Book Antiqua', Palatino, serif; font-size: 12pt;\">Souza, Marcelo L. de 2009. &#8220;Cities for people, not for profit &#8211; from a radical libertarian and Latin-American perspective.&#8221; <em>City, <\/em>13(4), s. 483-492.<\/span><\/p>\n<p>&nbsp;<\/p>\n<p><span style=\"font-family: 'Palatino Linotype', 'Book Antiqua', Palatino, serif; font-size: 12pt;\">Svampa, M. and Pereyra, S. 2004 (2003). <em>Entre la ruta y el barrio: La experiencia de las organizaciones piqueteras. <\/em>Buenos Aires: Biblos, 2. Bask\u0131.<\/span><\/p>\n<p><span style=\"font-family: 'Palatino Linotype', 'Book Antiqua', Palatino, serif; font-size: 12pt;\">Tarrow, S. 2005. <em>The New Transnational Activism. <\/em>New York: Cambridge University Press.<\/span><\/p>\n<p><span style=\"font-family: 'Palatino Linotype', 'Book Antiqua', Palatino, serif; font-size: 12pt;\">Williams, R. 1989. <em>Resources of Hope. <\/em>Culture, Democracy, Socialism. London and New York: Verso.<\/span><\/p>\n<p><span style=\"font-family: 'Palatino Linotype', 'Book Antiqua', Palatino, serif; font-size: 12pt;\">Zibechi, R. 2003. <em>Genealogia de la revuelta. <\/em>Argentina: la sociedad en movimiento. Buenos Aires and Montevideu: Letra libre and Nordan-Comunidad.<\/span><\/p>\n<p><span style=\"font-family: 'Palatino Linotype', 'Book Antiqua', Palatino, serif; font-size: 12pt;\">Zibechi, R. 2007. <em>Autonomias y emancipaciones. <\/em>America Latina en movimiento. Lima: Universidad Nacional Mayor de San Marcos.<\/span><\/p>\n<p>&nbsp;<\/p>\n<p><span style=\"font-family: 'Palatino Linotype', 'Book Antiqua', Palatino, serif; font-size: 12pt;\"><strong>\u00c7EV\u0130RMEN\u0130N NOTLARI<\/strong><\/span><\/p>\n<p><span style=\"font-family: 'Palatino Linotype', 'Book Antiqua', Palatino, serif; font-size: 12pt;\">I. \u00d6rne\u011fin <em>autogestion&#8217;a <\/em>ili\u015fkin teorik meseleleri ele ald\u0131\u011f\u0131 1966 tarihli makalesi (Lefebvre 2009); ve May\u0131s 1968 olaylar\u0131 \u00fcst\u00fcne yazd\u0131\u011f\u0131 ve otuz y\u0131l sonra tekrar bas\u0131lan kitab\u0131 <em>U<\/em><em>irruption: <\/em><em>de Nanterre <\/em><em>au sommet <\/em>(Lefebvre 1998).<\/span><\/p>\n<p><span style=\"font-family: 'Palatino Linotype', 'Book Antiqua', Palatino, serif; font-size: 12pt;\">II. Bakunin, Kropotkin ve di\u011ferlerini g\u00f6z ard\u0131 eden Lefebvre, liberterlerin bu tart\u0131\u015fmaya katk\u0131lar\u0131n\u0131 Proudhon&#8217;un d\u00fc\u015f\u00fcncelerinden ibaret saym\u0131\u015f, Proudhon&#8217;un fikirlerindeki belirsizlikleri ve karars\u0131zl\u0131klar\u0131 da her f\u0131rsatta vurgulam\u0131\u015ft\u0131r (bkz. Lefebvre 2009: 142-3). Bir kar\u015f\u0131la\u015ft\u0131rmada bulunmak gerekirse, Lefebvre&#8217;in autogestion&#8217;a ili\u015fkin fikirlerinin derinli\u011fi <em>Socialisme ou Barbarie <\/em>grubunun 1950 ve 1960&#8217;larda geli\u015ftirdi\u011fi analizlerin bir hayli gerisindedir (bkz. Castoriadis 1983b ve 1983c). Burada Castoriadis&#8217;in 1970, 1980 ve 1990&#8217;lardaki ufuk a\u00e7\u0131c\u0131\u00a0&#8220;projet d&#8217;autonomie&#8221; (otonomi projesi) tart\u0131\u015fmalar\u0131n\u0131 da anmal\u0131y\u0131z (bkz. Castoriadis 1975, 1983a, 1990b, 1996, 1999).<\/span><\/p>\n<p><span style=\"font-family: 'Palatino Linotype', 'Book Antiqua', Palatino, serif; font-size: 12pt;\">III. Kimi zaman sadece \u00fcst\u00fc \u00f6rt\u00fcl\u00fc bir bi\u00e7imde ge\u00e7er (\u00f6rne\u011fin bkz. Lefebvre 2009: 147-8).<\/span><\/p>\n<p><span style=\"font-family: 'Palatino Linotype', 'Book Antiqua', Palatino, serif; font-size: 12pt;\">IV. Elbette kent \u00e7\u0131k\u0131\u015fl\u0131 bir toplumsal hareket olmayan Zapatislar\u0131n, &#8220;Kent Hakk\u0131&#8221; meselesiyle ancak dolayl\u0131 bir ilgileri olabilir. Ancak Zapatistalar ve tabii Brezilya&#8217;daki <em>sem-terra <\/em>(topraks\u0131z tar\u0131m i\u015f\u00e7ileri) gibi hareketler burada, Harvey&#8217;in konuyu a\u015f\u0131r\u0131 basitle\u015ftirdi\u011fini g\u00f6stermeleri bak\u0131m\u0131ndan \u00f6nemlidir. Dahas\u0131 Lefebvre kendi i\u00e7inde <em>kent <\/em>[city] ile bir toplum bi\u00e7imini imleyen fe\u00ab?[li(le\u015fme)] (l&#8217;urbaine) aras\u0131nda bir ayr\u0131ma gider. Bu minvalde Meksika ve Brezilya gibi \u00fclkelerde bile &#8220;kent sorunsal\u0131&#8221;n\u0131n t\u00fcm toplumsal-politik \u00f6zneleri ilgilendirdi\u011fini iddia etmek m\u00fcmk\u00fcnd\u00fcr. Brezilya&#8217;n\u0131n uluslararas\u0131 \u00fcne sahip <em>sem-terra <\/em>\u00f6rg\u00fct\u00fcn\u00fcn kentlerdeki eylemlili\u011fi art\u0131rmak \u00fczere MTST&#8217;nin olu\u015fumunu te\u015fvik edip desteklemeye \u00e7al\u0131\u015fmas\u0131 rastlant\u0131 de\u011fildir. Movimento dos Trabalhadores Sem Teto (kelime anlam\u0131yla \u00c7at\u0131s\u0131z \u0130\u015f\u00e7iler Hareketi) [baraka ve gecekondularda ya\u015fayan evsiz i\u015f\u00e7iler hareketi, \u00e7n], <em>sem-terra&#8217;<\/em>n\u0131n kent bi\u00e7imi olan <em>sem-teto <\/em>hareketinin en bilinen \u00f6rg\u00fct\u00fcd\u00fcr.<\/span><\/p>\n<p><span style=\"font-family: 'Palatino Linotype', 'Book Antiqua', Palatino, serif; font-size: 12pt;\">V. Sidney Tarrow \u015f\u00f6yle yazmaktad\u0131r, &#8220;\u015eu ge\u00e7en birka\u00e7 on y\u0131l i\u00e7inde, elektronik ileti\u015fimin h\u0131zlanmas\u0131, yurtd\u0131\u015f\u0131 seyahatlerin ucuzlamas\u0131, \u0130ngilizcenin yay\u0131lmas\u0131 ve modernite &#8220;alfabesi&#8221;nin her yere ula\u015fmas\u0131 ulusa\u015f\u0131r\u0131 aktivizmi kolayla\u015ft\u0131rd\u0131&#8221; (Tarrow 2005: 5). Peki <em>kimin i\u00e7in <\/em>kolayla\u015ft\u0131rd\u0131?.. Tarrow&#8217;un tan\u0131mlamas\u0131yla <em>&#8220;k\u00f6kl\u00fc kozmopolitler,&#8221; &#8220;d\u0131\u015f has\u0131mlara kar\u015f\u0131 veya ulusa\u015f\u0131r\u0131 m\u00fcttefikleriyle payla\u015ft\u0131klar\u0131 ortak hedefler do\u011frultusunda, d\u0131\u015f akt\u00f6rler ad\u0131na kimi talepler y\u00fckseltmek amac\u0131yla yerel veya uluslararas\u0131 kaynak ve olanaklar\u0131 harekete ge\u00e7iren ki\u015fi ve gruplar&#8221;d\u0131r <\/em>(Tarrow 2005: 29, vurgu Tarrow&#8217;a ait). Fakat e\u011fitimli Avrupal\u0131 ve ABD&#8217;li &#8220;k\u00f6kl\u00fc kozmopolitler&#8221;in ve aktivistlerin, &#8220;(yar\u0131) \u00e7evre&#8221; \u00fclkelerin aktivistlerine k\u0131yasla ulusa\u015f\u0131r\u0131l\u0131ktan daha rahat yararlanabiliyor olmalar\u0131 yeterince can s\u0131k\u0131c\u0131d\u0131r. Tarrow &#8220;Kuzeyli&#8221; ve &#8220;G\u00fcneyli&#8221; aktivistlerin sahip olduklar\u0131 kaynaklar aras\u0131ndaki farkl\u0131l\u0131\u011f\u0131 t\u00fcmden yads\u0131masa da, yeterince vurgulamaz.<\/span><\/p>\n<p><span style=\"font-family: 'Palatino Linotype', 'Book Antiqua', Palatino, serif; font-size: 12pt;\">VI. Lula&#8217;n\u0131n ba\u015fkanl\u0131\u011f\u0131nda Brezilya&#8217;da uygulanan ekonomik ve sosyal politikalar, &#8220;mali sorumlulu\u011fu,&#8221; tar\u0131m sanayine tan\u0131nan imtiyazlar\u0131 ve ger\u00e7ek bir tar\u0131m reformu yoklu\u011funu tazmine y\u00f6nelik sosyal politikalar\u0131n \u00f6ne \u00e7\u0131kt\u0131\u011f\u0131 devlet\u00e7i ve neoliberal \u00f6\u011felerin bir kar\u0131\u015f\u0131m\u0131ndan\u00a0m\u00fcte\u015fekkildir. Bu arada, yeterince bilgilendirilmedi\u011fi belli olmakla birlikte asl\u0131nda devlet\u00e7i bak\u0131\u015f\u0131n tarafl\u0131l\u0131\u011f\u0131n\u0131 yeniden \u00fcreten Harvey, &#8220;Kent Hakk\u0131&#8221; \u00fczerine kaleme ald\u0131\u011f\u0131 daha eski tarihli bir makalesinde, &#8220;toplumsal hareketlerin bask\u0131s\u0131yla,&#8221; &#8220;kolektif Kent Hakk\u0131n\u0131n tan\u0131nmas\u0131na arac\u0131l\u0131k edebilecek&#8221; yeni bir hukuki \u00e7er\u00e7evenin elde edildi\u011fini yazd\u0131\u011f\u0131nda (Harvey 2008, 39), hem bu hukuki \u00e7er\u00e7evenin s\u0131n\u0131rlar\u0131n\u0131 (hatta toplumsal hareketlerin bu s\u00fcre\u00e7teki rol\u00fcn\u00fc) abart\u0131yor, hem de &#8220;Kent Hakk\u0131&#8221; slogan\u0131n\u0131n i\u00e7ini bo\u015falt\u0131yordu.<\/span><\/p>\n<p><span style=\"font-family: 'Palatino Linotype', 'Book Antiqua', Palatino, serif; font-size: 12pt;\">VII. Hepimizin bildi\u011fi gibi Marx ve Engels (bkz. <em>Kom\u00fcnist Manifesto, <\/em><em>Louis <\/em><em>Bonaparte&#8217;\u0131n <\/em><em>18 <\/em><em>Brumaire&#8217;i, Almanya&#8217;da K\u00f6yl\u00fc Sava\u015f\u0131, <\/em>) gerek k\u00f6yl\u00fclere, gerekse \u015fu <em>L\u00fcmpen proletarya <\/em>&#8216;ya \u015f\u00fcpheyle yakla\u015ft\u0131lar: Bunlar\u0131n ikisi de \u00f6zleri gere\u011fi tutucu ve muhtemel kar\u015f\u0131 devrimciler olarak yaftaland\u0131lar. Elbette k\u00f6yl\u00fclere, tutuculuktan sak\u0131nman\u0131n biricik yolu olarak, fabrika i\u015f\u00e7ileri &#8220;rehberlik&#8221; edebilir ve etmelidir de. Fakat Marksizm k\u00f6yl\u00fcleri, en iyi durumda bile ancak k\u00fc\u00e7\u00fck ortak kabul etmi\u015f, onlara asla ger\u00e7ek bir rol bi\u00e7memi\u015ftir. <em>L\u00fcmpen proletarya <\/em>s\u00f6z konusu oldu\u011funda ise \u00f6nyarg\u0131 \u00e7ok daha b\u00fcy\u00fckt\u00fcr; hatta zaman zaman ahlaki terimlere dahi ba\u015fvurulur: &#8220;eski toplumun bu en alt katmanlar\u0131ndaki pasif \u00e7\u00fcr\u00fcm\u00fc\u015fl\u00fck&#8221;; &#8220;t\u00fcm s\u0131n\u0131flar\u0131n bu en aciz tortusu,&#8221; &#8220;t\u00fcm s\u0131n\u0131flar\u0131n bu tortusu, d\u00f6k\u00fcnt\u00fcs\u00fc&#8230;&#8221; [Al\u0131nt\u0131lar s\u0131ras\u0131yla <em>Manifesto, Almanya&#8217;da K\u00f6yl\u00fc Sava\u015f\u0131 <\/em>ve 78 <em>Brumaire&#8217;<\/em>&#8216;dendir, Sol Yay\u0131nlar\u0131 \u00e7evirilerinden ufak de\u011fi\u015fikliklerle, \u00e7n]. \u0130lgin\u00e7tir, n\u00fcfusunun b\u00fcy\u00fck kesimi kentlerde ya\u015fayan Brezilya gibi bir \u00fclkede tart\u0131\u015fmas\u0131z en \u00f6nemli ve en m\u00fccadeleci toplumsal hareketlere k\u00f6yl\u00fcler hayat vermektedir <em>(sem-terra). <\/em>Brezilya, Arjantin ve G\u00fcney Afrika gibi \u00fclkelerde, &#8220;hyperprecariaf&#8217;n\u0131n hi\u00e7 de az\u0131msanmayacak bir b\u00f6l\u00fcm\u00fc, <em>sem-teto, <\/em><em>piqueteros <\/em>ve <em>Abahlali <\/em><em>baseMjondolo <\/em>gibi g\u00fcn\u00fcm\u00fcz\u00fcn en \u00f6nemli kent-merkezli toplumsal hareketlerine \u00f6nc\u00fcl\u00fck etmektedir&#8230; [&#8220;Hyperprecariat&#8221; Souza&#8217;n\u0131n <em>L\u00fcmpen proletarya <\/em>ifadesinden ka\u00e7\u0131nmak i\u00e7in t\u00fcretti\u011fi, &#8220;hi\u00e7 g\u00fcvencesi olmayan i\u015f\u00e7i&#8221; (ba\u015fkas\u0131na muhta\u00e7 olan, <em>precarius&#8217;tan) <\/em>anlam\u0131na gelen bir terimdir, \u00e7n],<\/span><\/p>\n<p><span style=\"font-family: 'Palatino Linotype', 'Book Antiqua', Palatino, serif; font-size: 12pt;\"><em>VIII. Merriam <\/em><em>Webster&#8217;s <\/em><em>\u00dcniversite S\u00f6zl\u00fc\u011f\u00fc&#8217;ne <\/em>g\u00f6re s\u0131fat &#8220;liberter&#8221; (libertarian), isim &#8220;liberter&#8221;den (libertarian) gelmektedir ve ikisi de &#8220;\u00f6zg\u00fcr irade fikrini savunan,&#8221; &#8220;\u00f6zellikle d\u00fc\u015f\u00fcnce ve eylem alan\u0131nda kafi ve s\u0131n\u0131rs\u0131z \u00f6zg\u00fcrl\u00fck hakk\u0131n\u0131 savunan kimse&#8221; anlam\u0131n\u0131 ta\u015f\u0131r. Ger\u00e7ekte s\u00f6zc\u00fc\u011f\u00fcn Frans\u0131zca asl\u0131 anar\u015fist Joseph Dejacques taraf\u0131ndan y\u00fczy\u0131l ortalar\u0131nda liberal&#8217;e alternatif olarak t\u00fcretilmi\u015ftir. Ancak, Latin\u00a0\u00a0 dillerinde\u00a0\u00a0 <em>libertaire\u00a0\u00a0 <\/em>(Frans\u0131zca),\u00a0\u00a0 <em>libertario\u00a0\u00a0 <\/em>(\u0130spanyolca\u00a0\u00a0 ve\u00a0\u0130talyanca) ve <em>libert\u00e2rio <\/em>(Portekizce) daima anar\u015fimiz ve radikal demokrasiyle ili\u015fkilendirilirken, anglosakson \u00fclkelerde (\u00f6zellikle Birle\u015fik Devletler&#8217;de) &#8220;liberter,&#8221; devletin k\u00fc\u00e7\u00fclmesinin ve en u\u00e7 noktada bireyselli\u011fin y\u0131lmaz savunuculu\u011funu yapan bir \u00e7e\u015fit <em>a\u015f\u0131r\u0131-liberalizm <\/em>\u015feklinde yorumlanmaktad\u0131r genellikle. Bu metinde <em>liberter <\/em>s\u0131fat\u0131, ayn\u0131 anda hem kapitalizme hem de otoriter sosyalizm yorumlar\u0131na kar\u015f\u0131 teorik ve politik m\u00fccadelenin verildi\u011fi &#8216;iki cepheli bir sava\u015f&#8217; s\u00fcrecinde tarihsel evrimini ge\u00e7iren toplamsal ara\u00e7lar b\u00fct\u00fcn\u00fcndeki \u00e7ok y\u00f6nl\u00fcl\u00fc\u011f\u00fc kar\u015f\u0131layacak bi\u00e7imde kullan\u0131lm\u0131\u015ft\u0131r: 19 ve 20. y\u00fczy\u0131l klasik anar\u015fizminden, neoanar\u015fizmin 20. y\u00fczy\u0131l\u0131n ikinci yar\u0131s\u0131ndan g\u00fcn\u00fcm\u00fcze uzanan Avrupa ve ABD&#8217;deki bi\u00e7imlerine, ayn\u0131 \u015fekilde Avrupa otonomizminden, Meksika Zapatistalar\u0131 ve Arjantin <em>piquetero&#8217;<\/em><em>larmm <\/em>bir b\u00f6l\u00fcm\u00fc gibi yak\u0131n tarihte b\u00fcy\u00fck oranda Latin Amerika \u00fclkelerinde ba\u015f veren yeni liberter d\u00fc\u015f\u00fcnce ve eylem bi\u00e7imlerine geni\u015f bir yelpazeyi kapsamaktad\u0131r.<\/span><\/p>\n<p><span style=\"font-family: 'Palatino Linotype', 'Book Antiqua', Palatino, serif; font-size: 12pt;\">IX. Murray Bookchin &#8220;liberter belediyecilik&#8221; (veya &#8220;kom\u00fcnalizm&#8221;) yakla\u015f\u0131m\u0131yla, bu ba\u011flamda \u00f6nemli katk\u0131larda bulunmu\u015f, liberterleri g\u00fcn\u00fcm\u00fcz sorunlar\u0131na haz\u0131rl\u0131kl\u0131 k\u0131lmaya \u00e7al\u0131\u015fm\u0131\u015ft\u0131r (bkz. Bookchin 1995, 2002a, 2002b, 2002c, 2002d, 2007c). Yasamaya m\u00fcdahil olup bir t\u00fcr \u00e7ift ba\u015fl\u0131l\u0131k olu\u015fturma gere\u011fini hayata ge\u00e7irmek \u00fczere liberterlerin belediye se\u00e7imlerinde (ama daha \u00f6tesine de\u011fil) yer alabilece\u011fini savunacak kadar dogmatik olmaktan uzakt\u0131 Bookchin, hatta belki <em>de fazla uzakt\u0131: <\/em>&#8220;(&#8230;) Kom\u00fcnalistler, ger\u00e7ek hayatta toplumsal d\u00f6n\u00fc\u015f\u00fcme katk\u0131da bulunacak kal\u0131c\u0131 \u00f6rg\u00fctler ve kurumlar olu\u015fturmaya gayret etmelidirler. Burada \u00f6nemli olan Kom\u00fcnalistlerin, se\u00e7ildi\u011fi takdirde makam\u0131n\u0131n ona verdi\u011fi t\u00fcm yasama yetkisini halk meclisleri kurmak \u00fczere kullanacak adaylarla <em>belediye <\/em>se\u00e7imlerine girmekten \u00e7ekinmemeleri gerekti\u011fidir. Kurulacak bu meclisler nihayet yeri geldi\u011finde belediye meclisi bi\u00e7iminde etkili do\u011frudan demokrasi deneyimleri yaratacak g\u00fcce kavu\u015facaklard\u0131r&#8221; (Bookchin 2007c: 115). Ancak Bookchin&#8217;in yakla\u015f\u0131m\u0131 azami dikkatle ele al\u0131nmal\u0131d\u0131r. Yaln\u0131zca kimi \u00e7ok \u00f6zel ko\u015fullar alt\u0131nda, \u00f6rne\u011fin yerel makamlardan birine veya belediye meclisi \u00fcyeli\u011fine aday olmak i\u00e7in bir partiye kat\u0131lman\u0131n gerekmedi\u011fi durumlarda mant\u0131kl\u0131 bir se\u00e7enek olan bu y\u00f6ntem, <em>asla <\/em>genel strateji olarak benimsenmemelidir. Ger\u00e7ekte yap\u0131sal asimilasyon riski genellikle \u00e7ok y\u00fcksektir.<\/span><\/p>\n","protected":false},"excerpt":{"rendered":"<p>Marcelo Lopes de Souza\u00a0*\u00a0\u00a0 \u00c7eviren: Ayta\u00e7 Demirci**\u00a0D\u00fczelti: Erbatur \u00c7avu\u015fo\u011flu \u0130lk kez 1960&#8217;larda Frans\u0131z filozof Henri Lefebvre taraf\u0131ndan telaffuz edilen\u00a0&#8220;Kent Hakk\u0131&#8221; ifadesi bug\u00fcnlerde epey reva\u00e7ta. Kar\u015f\u0131l\u0131\u011f\u0131nda \u00f6denen bedel ise\u00a0genellikle Lefebvre&#8217; in kavram\u0131n\u0131n i\u00e7inin bo\u015falt\u0131 imas\u0131 ve yozla\u015ft\u0131r\u0131 imas\u0131 oluyor:\u00a0\u00c7o\u011fu durumda kavram sadece kapitalist kent ba\u011flam\u0131nda ve (&#8220;iyile\u015ftirilmi\u015f&#8221;)\u00a0temsili &#8220;demokrasi&#8221; temelinde daha &#8220;insani&#8221; bir ya\u015fam hakk\u0131n\u0131 ifade ediyor. &hellip;<\/p>\n","protected":false},"author":1,"featured_media":3012,"comment_status":"open","ping_status":"open","sticky":false,"template":"","format":"standard","meta":{"_monsterinsights_skip_tracking":false,"_monsterinsights_sitenote_active":false,"_monsterinsights_sitenote_note":"","_monsterinsights_sitenote_category":0},"categories":[46,49,83,14],"tags":[66,67],"_links":{"self":[{"href":"https:\/\/dokuzadabirdeniz.com\/index.php?rest_route=\/wp\/v2\/posts\/424"}],"collection":[{"href":"https:\/\/dokuzadabirdeniz.com\/index.php?rest_route=\/wp\/v2\/posts"}],"about":[{"href":"https:\/\/dokuzadabirdeniz.com\/index.php?rest_route=\/wp\/v2\/types\/post"}],"author":[{"embeddable":true,"href":"https:\/\/dokuzadabirdeniz.com\/index.php?rest_route=\/wp\/v2\/users\/1"}],"replies":[{"embeddable":true,"href":"https:\/\/dokuzadabirdeniz.com\/index.php?rest_route=%2Fwp%2Fv2%2Fcomments&post=424"}],"version-history":[{"count":2,"href":"https:\/\/dokuzadabirdeniz.com\/index.php?rest_route=\/wp\/v2\/posts\/424\/revisions"}],"predecessor-version":[{"id":3221,"href":"https:\/\/dokuzadabirdeniz.com\/index.php?rest_route=\/wp\/v2\/posts\/424\/revisions\/3221"}],"wp:featuredmedia":[{"embeddable":true,"href":"https:\/\/dokuzadabirdeniz.com\/index.php?rest_route=\/wp\/v2\/media\/3012"}],"wp:attachment":[{"href":"https:\/\/dokuzadabirdeniz.com\/index.php?rest_route=%2Fwp%2Fv2%2Fmedia&parent=424"}],"wp:term":[{"taxonomy":"category","embeddable":true,"href":"https:\/\/dokuzadabirdeniz.com\/index.php?rest_route=%2Fwp%2Fv2%2Fcategories&post=424"},{"taxonomy":"post_tag","embeddable":true,"href":"https:\/\/dokuzadabirdeniz.com\/index.php?rest_route=%2Fwp%2Fv2%2Ftags&post=424"}],"curies":[{"name":"wp","href":"https:\/\/api.w.org\/{rel}","templated":true}]}}