{"id":4171,"date":"2018-04-11T15:41:27","date_gmt":"2018-04-11T12:41:27","guid":{"rendered":"http:\/\/dokuzadabirdeniz.com\/?p=4171"},"modified":"2018-04-11T15:41:27","modified_gmt":"2018-04-11T12:41:27","slug":"adalar-15000-olcekli-nazim-imar-plani-iptal-edildi-mucadeleye-devam","status":"publish","type":"post","link":"https:\/\/dokuzadabirdeniz.com\/?p=4171","title":{"rendered":"Adalar 1\/5000 \u00d6l\u00e7ekli Naz\u0131m \u0130mar Plan\u0131 \u0130ptal Edildi, M\u00fccadeleye Devam!"},"content":{"rendered":"<div><strong><span class=\"il\">Adalar<\/span> 1\/5000 \u00d6l\u00e7ekli Naz\u0131m \u0130mar Plan\u0131 \u0130ptal Edildi, M\u00fccadeleye Devam!<\/strong><\/div>\n<div><\/div>\n<div>2011 y\u0131l\u0131nda \u0130BB taraf\u0131ndan tepeden inme bir \u015fekilde onaylanarak y\u00fcr\u00fcrl\u00fc\u011fe giren, \u00a0 A<span class=\"il\">dalar\u2019<\/span>\u0131 insanlar ve \u00fczerinde ya\u015fayan t\u00fcm canl\u0131lar i\u00e7in bir ya\u015fam alan\u0131 olarak de\u011fil, bir turizm b\u00f6lgesi olarak planlayan 1\/5000\u2019lik plan, \u0130stanbul 8. \u0130dare Mahkemesi taraf\u0131ndan &#8220;<i><b>dava konusu i\u015flemin iptaline&#8221; <\/b><\/i>h\u00fckm\u00fc uyar\u0131nca iptal edildi. B\u00f6ylece ormanlar\u0131, m\u00fc\u015fterek do\u011fal alanlar\u0131, dolgu ve k\u0131y\u0131 b\u00f6lgelerini ticari fonksiyonlarla uygulamalara a\u00e7may\u0131 hedefleyen <i>1\/5000 \u00d6l\u00e7ekli <span class=\"il\">Adalar<\/span> Naz\u0131m \u0130mar Plan\u0131,<\/i> Mimarlar Odas\u0131\u2019n\u0131n a\u00e7t\u0131\u011f\u0131 dava \u00fczerine,\u00a0yakla\u015f\u0131k 7 y\u0131ll\u0131k uzun bir mahkeme s\u00fcrecinin ard\u0131ndan hukuksal me\u015fruiyetini yitirmi\u015f oldu.<\/div>\n<div><\/div>\n<div>B\u00f6ylece \u0130BB taraf\u0131ndan A<span class=\"il\">dalar&#8217;<\/span>da ya\u015fayan halk\u0131n g\u00f6r\u00fc\u015flerine ba\u015fvurulmadan, do\u011fa ve ya\u015fam savunucular\u0131n\u0131n ele\u015ftirileri g\u00f6zard\u0131 edilerek haz\u0131rlanan 1\/5000\u2019lik plan\u0131n n\u00fcfus ve yap\u0131 yo\u011funlu\u011funu artt\u0131racak kararlar\u0131, k\u0131y\u0131 ve dolgu alanlar\u0131n\u0131n kullan\u0131m\u0131na dair h\u00fck\u00fcmleri, bodrum katlara dair kullan\u0131m yakla\u015f\u0131mlar\u0131, A<span class=\"il\">dalar&#8217;<\/span>\u0131 tematik turizm b\u00f6lgelerine ay\u0131rma aray\u0131\u015flar\u0131 ve plan b\u00fct\u00fcn\u00fc mahkeme karar\u0131yla iptal edildi.<\/div>\n<div dir=\"auto\"><\/div>\n<div dir=\"auto\">Bu karar <span class=\"il\">Adalar<\/span> halk\u0131 ve <span class=\"il\">Adalar<\/span>&#8216;da ya\u015fayan do\u011fa ve ya\u015fam savunucular\u0131 i\u00e7in ku\u015fkusuz sevindiricidir. Bu kararla birlikte ilgili 1\/5000\u2019lik Naz\u0131m Plan, <span class=\"il\">Adalar<\/span>\u2019\u0131n korunmas\u0131 gereken do\u011fal, tarihi ve k\u00fclt\u00fcrel sit alan\u0131 niteliklerine ayk\u0131r\u0131 bulunarak iptal edilmi\u015f oluyor. Dolay\u0131s\u0131yla \u0130BB\u2019nin A<span class=\"il\">dalar\u2019<\/span>\u0131 \u0130stanbul\u2019un turizm ve rekreasyon b\u00f6lgesi olarak planlama yakla\u015f\u0131m\u0131, bu yakla\u015f\u0131ma uygun olarak \u00fcretilmi\u015f plan kararlar\u0131 mahkemeler nezdinde de mahkum edilmi\u015f oluyor.<\/div>\n<div><\/div>\n<div>\u00d6te yandan <span class=\"il\">Adalar<\/span>\u2019da <i>1\/1000 \u00d6l\u00e7ekli Koruma Ama\u00e7l\u0131 Uygulama \u0130mar Plan\u0131 <\/i>haz\u0131rl\u0131klar\u0131 son a\u015famaya gelmi\u015fken \u00fcst \u00f6l\u00e7ekli plan\u0131n mahkeme taraf\u0131ndan iptal edilmesi, <span class=\"il\">Adalar<\/span>\u2019da yeni bir <b>plan kaosu<\/b> yaratm\u0131\u015f bulunuyor.\u00a0 B\u00f6ylece <span class=\"il\">Adalar<\/span> halk\u0131n\u0131n ula\u015f\u0131m, sa\u011fl\u0131k, e\u011fitim, turizm gibi alanlarda ya\u015fad\u0131\u011f\u0131 kaosa bir yenisi daha ekleniyor. Bug\u00fcne kadar <span class=\"il\">Adalar<\/span> Belediyesi nezdinde defalarca yapt\u0131\u011f\u0131m\u0131z <i>&#8220;1\/5000\u2019lik Naz\u0131m Plan\u0131 hakk\u0131ndaki hukuki s\u00fcre\u00e7 kesinle\u015fmeden 1\/1000\u2019lik uygulama plan\u0131 yap\u0131lmamas\u0131&#8221; <\/i>y\u00f6n\u00fcndeki uyar\u0131lar\u0131m\u0131z\u0131n do\u011frulu\u011fu da bir kez daha anla\u015f\u0131lm\u0131\u015f oluyor. \u0130BB taraf\u0131ndan A<span class=\"il\">dalar&#8217;<\/span>\u0131 tek tek sa\u011fl\u0131k, sanat, spor, turizm gibi giydirilmi\u015f fantastik fonksiyonlarla i\u015flevlendiren, yeni yap\u0131la\u015fma ko\u015fullar\u0131 tan\u0131mlayan ve turizme a\u00e7\u0131lacak b\u00f6lgelerle ilgili kararlar \u00fcreten 1\/5000\u2019lik plan\u0131 de\u011fi\u015fmez kabul eden A<span class=\"il\">dalar <\/span>Belediyesi&#8217;nin buna paralel bir 1\/1000\u2019lik\u00a0 uygulama plan\u0131 haz\u0131rlamas\u0131 kar\u015f\u0131s\u0131nda g\u00f6sterdi\u011fimiz tepkiler ve ele\u015ftiriler de yeni bir anlam kazan\u0131yor.<\/div>\n<div><\/div>\n<div>Bug\u00fcn s\u00f6zkonusu mahkeme karar\u0131yla birlikte hem 1\/5000\u2019lik plan\u0131n, hem de 1\/1000\u2019lik plan\u0131n yeniden ele al\u0131nmas\u0131 ihtiyac\u0131 net bir \u015fekilde ortaya \u00e7\u0131k\u0131yor.\u00a0 Me\u015fruiyetini ve hukuksal ge\u00e7erli\u011fini kaybeden bu planlar\u0131n <span class=\"il\">Adalar<\/span>\u2019\u0131n sit alan\u0131 niteliklerine uygun bir \u015fekilde yeniden ele al\u0131nmas\u0131, <span class=\"il\">Adalar<\/span> halk\u0131n\u0131n ihtiya\u00e7lar\u0131na ve <span class=\"il\">Adalar<\/span>&#8216;da yap\u0131la\u015fmay\u0131, turizm bask\u0131s\u0131n\u0131 ve ticarile\u015fmeyi engelleyecek, <span class=\"il\">Adalar<\/span>\u2019\u0131n mevcut do\u011fal ve k\u00fclt\u00fcrel varl\u0131klar\u0131n\u0131n korunmas\u0131n\u0131 ve gelecek ku\u015faklara aktar\u0131lmas\u0131n\u0131 birincil \u00f6ncelik olarak belirleyecek bir yakla\u015f\u0131mla yeniden \u00fcretilmesi gerekiyor.<\/div>\n<div><\/div>\n<div>Bu s\u00fcre\u00e7te <span class=\"il\">Adalar<\/span>&#8216;da ya\u015fayan kent, do\u011fa ve ya\u015fam savunucular\u0131 olarak bir yandan <span class=\"il\">Adalar<\/span>\u2019\u0131 korumaya odaklan\u0131rken, di\u011fer yandan da <span class=\"il\">Adalar<\/span> halk\u0131n\u0131n plan s\u00fcrecinde s\u00f6z, yetki ve karar hakk\u0131na dayanmak birinci \u00f6nceli\u011fimiz olmaya devam edecek.<\/div>\n<div dir=\"auto\"><\/div>\n<div dir=\"auto\">\n<div dir=\"auto\"><span class=\"il\">Adalar<\/span>&#8216;da planlama s\u00fcre\u00e7leri halk\u0131n demokratik kat\u0131l\u0131m\u0131na a\u00e7\u0131k s\u00fcre\u00e7ler olarak ya\u015fanmad\u0131\u011f\u0131 ve yanl\u0131\u015fta \u0131srar edildi\u011fi takdirde hem <span class=\"il\">Adalar<\/span>\u2019daki ya\u015fam savunucular\u0131n\u0131n, hem de demokratik kitle \u00f6rg\u00fctleri ve meslek odalar\u0131n\u0131n konuyu mahkemeler ve kamuoyu g\u00fcndemine ta\u015f\u0131maya devam edece\u011fini hat\u0131rlatmak istiyoruz.<\/div>\n<\/div>\n<div dir=\"auto\"><span class=\"il\">Adalar<\/span>&#8216;da ya\u015fad\u0131\u011f\u0131m\u0131z kent hakk\u0131 ve do\u011fa koruma m\u00fccadelesinde oldu\u011fu kadar hukuksal s\u00fcre\u00e7lerde de <span class=\"il\">Adalar<\/span> halk\u0131n\u0131n ve ya\u015fam savunucular\u0131n\u0131n yan\u0131nda olan Mimarlar Odas\u0131&#8217;na te\u015fekk\u00fcr ederken planlama haz\u0131rl\u0131klar\u0131n\u0131n yeniden ele al\u0131naca\u011f\u0131 \u00f6n\u00fcm\u00fczdeki s\u00fcre\u00e7 boyunca ge\u00e7mi\u015fte ya\u015fanan olumsuz uygulamalara, &#8220;ge\u00e7i\u015f d\u00f6nemi yap\u0131la\u015fma ko\u015fullar\u0131&#8221; gibi hukuksuzluk \u00fcreten aray\u0131\u015flara kar\u015f\u0131 m\u00fccadeleye devam edece\u011fimizi de t\u00fcm dostlar\u0131m\u0131za duyuruyoruz.<\/div>\n<div dir=\"auto\"><\/div>\n<div><\/div>\n<div dir=\"auto\"><span class=\"il\">ADALAR<\/span> <span class=\"il\">SAVUNMASI<\/span><\/div>\n<div dir=\"auto\">2 Mart 2018<\/div>\n","protected":false},"excerpt":{"rendered":"<p>Adalar 1\/5000 \u00d6l\u00e7ekli Naz\u0131m \u0130mar Plan\u0131 \u0130ptal Edildi, M\u00fccadeleye Devam! 2011 y\u0131l\u0131nda \u0130BB taraf\u0131ndan tepeden inme bir \u015fekilde onaylanarak y\u00fcr\u00fcrl\u00fc\u011fe giren, \u00a0 Adalar\u2019\u0131 insanlar ve \u00fczerinde ya\u015fayan t\u00fcm canl\u0131lar i\u00e7in bir ya\u015fam alan\u0131 olarak de\u011fil, bir turizm b\u00f6lgesi olarak planlayan 1\/5000\u2019lik plan, \u0130stanbul 8. \u0130dare Mahkemesi taraf\u0131ndan &#8220;dava konusu i\u015flemin iptaline&#8221; h\u00fckm\u00fc uyar\u0131nca iptal edildi. &hellip;<\/p>\n","protected":false},"author":1,"featured_media":3473,"comment_status":"open","ping_status":"open","sticky":false,"template":"","format":"standard","meta":{"_monsterinsights_skip_tracking":false,"_monsterinsights_sitenote_active":false,"_monsterinsights_sitenote_note":"","_monsterinsights_sitenote_category":0},"categories":[45,102,1,49,83],"tags":[57],"_links":{"self":[{"href":"https:\/\/dokuzadabirdeniz.com\/index.php?rest_route=\/wp\/v2\/posts\/4171"}],"collection":[{"href":"https:\/\/dokuzadabirdeniz.com\/index.php?rest_route=\/wp\/v2\/posts"}],"about":[{"href":"https:\/\/dokuzadabirdeniz.com\/index.php?rest_route=\/wp\/v2\/types\/post"}],"author":[{"embeddable":true,"href":"https:\/\/dokuzadabirdeniz.com\/index.php?rest_route=\/wp\/v2\/users\/1"}],"replies":[{"embeddable":true,"href":"https:\/\/dokuzadabirdeniz.com\/index.php?rest_route=%2Fwp%2Fv2%2Fcomments&post=4171"}],"version-history":[{"count":2,"href":"https:\/\/dokuzadabirdeniz.com\/index.php?rest_route=\/wp\/v2\/posts\/4171\/revisions"}],"predecessor-version":[{"id":5309,"href":"https:\/\/dokuzadabirdeniz.com\/index.php?rest_route=\/wp\/v2\/posts\/4171\/revisions\/5309"}],"wp:featuredmedia":[{"embeddable":true,"href":"https:\/\/dokuzadabirdeniz.com\/index.php?rest_route=\/wp\/v2\/media\/3473"}],"wp:attachment":[{"href":"https:\/\/dokuzadabirdeniz.com\/index.php?rest_route=%2Fwp%2Fv2%2Fmedia&parent=4171"}],"wp:term":[{"taxonomy":"category","embeddable":true,"href":"https:\/\/dokuzadabirdeniz.com\/index.php?rest_route=%2Fwp%2Fv2%2Fcategories&post=4171"},{"taxonomy":"post_tag","embeddable":true,"href":"https:\/\/dokuzadabirdeniz.com\/index.php?rest_route=%2Fwp%2Fv2%2Ftags&post=4171"}],"curies":[{"name":"wp","href":"https:\/\/api.w.org\/{rel}","templated":true}]}}