{"id":4127,"date":"2017-11-02T19:25:13","date_gmt":"2017-11-02T16:25:13","guid":{"rendered":"http:\/\/dokuzadabirdeniz.com\/?p=4127"},"modified":"2017-11-02T19:25:13","modified_gmt":"2017-11-02T16:25:13","slug":"sivriada-planlarina-itiraz","status":"publish","type":"post","link":"https:\/\/dokuzadabirdeniz.com\/?p=4127","title":{"rendered":"Sivriada planlar\u0131na itiraz!"},"content":{"rendered":"<p>H\u00fck\u00fcmet ve \u00c7evre ve \u015eehircilik Bakanl\u0131\u011f\u0131,\u00a0 Yass\u0131ada&#8217;da ya\u015fanan kent ve do\u011fa katliam\u0131ndan sonra, Sivriada i\u00e7in haz\u0131rlanan\u00a0\u00e7e\u015fitli imar planlar\u0131 mahkemeler taraf\u0131ndan iptal edilmesine ra\u011fmen\u00a0aday\u0131 bir otel ve kongre merkezi yapma konusundaki \u0131srar\u0131n\u0131 s\u00fcrd\u00fcr\u00fcyor.<\/p>\n<p>Ge\u00e7ti\u011fimiz ay \u00c7evre ve \u015eehircilik Bakanl\u0131\u011f\u0131 \u0130l M\u00fcd\u00fcrl\u00fc\u011f\u00fc ve Adalar Belediyesi&#8217;nde ask\u0131ya \u00e7\u0131kan<em>\u00a0\u201cAdalar \u0130l\u00e7esi, Sivriada, 97 Ada, 1 Parsele ili\u015fkin K\u0131y\u0131 Yap\u0131lar\u0131n\u0131 da Kapsayan 1\/5000 \u00d6l\u00e7ekli Koruma Ama\u00e7l\u0131 Naz\u0131m \u0130mar Plan\u0131 ve 1\/1000 \u00d6l\u00e7ekli Koruma Ama\u00e7l\u0131 Uygulama \u0130mar Plan\u0131\u201d<\/em> bu \u0131srar\u0131n yeni bir \u00f6rne\u011fi olarak \u00f6n plana \u00e7\u0131k\u0131yor.<\/p>\n<p>Adalar Savunmas\u0131 bakanl\u0131k taraf\u0131ndan haz\u0131rlanan bu planlara bir kez daha itiraz etti.<\/p>\n<p>\u0130tiraz dilek\u00e7esini \u00a0ve itiraza eklenen Yass\u0131ada ve Sivriada Raporu&#8217;nu tekrar sunuyoruz&#8230;<\/p>\n<p><strong>01.11.2017<\/strong><\/p>\n<p><strong>Adalar Belediyesi<\/strong><\/p>\n<p><strong>T.C. \u00c7evre ve \u015eehircilik Bakanl\u0131\u011f\u0131 \u0130stanbul Valili\u011fi \u00c7evre ve \u015eehircilik \u0130l M\u00fcd\u00fcrl\u00fc\u011f\u00fc<\/strong><\/p>\n<p><strong>Konu:<\/strong>\u00a03.10.2017-01.11.2017 tarihleri aras\u0131nda T.C. \u00c7evre ve \u015eehircilik Bakanl\u0131\u011f\u0131 \u0130stanbul Valili\u011fi \u00c7evre ve \u015eehircilik \u0130l M\u00fcd\u00fcrl\u00fc\u011f\u00fc ile e\u015fzamanl\u0131 olarak Adalar Belediyesi\u2019nde ask\u0131ya \u00e7\u0131kar\u0131lan\u00a0 \u201cAdalar \u0130l\u00e7esi, Sivriada, 97 Ada, 1 Parsele ili\u015fkin K\u0131y\u0131 Yap\u0131lar\u0131n\u0131 da Kapsayan 1\/5000 \u00d6l\u00e7ekli Koruma Ama\u00e7l\u0131 Naz\u0131m \u0130mar Plan\u0131 ve 1\/1000 \u00d6l\u00e7ekli Koruma Ama\u00e7l\u0131 Uygulama \u0130mar Plan\u0131\u201dna itiraz.<\/p>\n<p><strong>\u0130lgi:<\/strong>\u00a0Adalar Belediyesi\u2019nde 3.10.2017 tarihinde ask\u0131ya \u00e7\u0131kar\u0131lan Adalar \u0130l\u00e7esi, Sivriada, 97 Ada, 1 Parsele ili\u015fkin K\u0131y\u0131 Yap\u0131lar\u0131n\u0131 da Kapsayan 1\/5000 \u00d6l\u00e7ekli Koruma Ama\u00e7l\u0131 Naz\u0131m \u0130mar Plan\u0131 ve 1\/1000 \u00d6l\u00e7ekli Koruma Ama\u00e7l\u0131 Uygulama \u0130mar Plan\u0131.<\/p>\n<p>&nbsp;<\/p>\n<p><strong><em>Sivriada (Oxia),<\/em><\/strong>\u00a0Marmara Denizi\u2019nin, \u0130stanbul\u2019un ve Adalar \u0130l\u00e7esi\u2019nin ekolojik, k\u00fclt\u00fcrel ve tarihi ya\u015fam\u0131 i\u00e7in vazge\u00e7ilmez \u00f6nemi olan, bu nitelikleri\u00a0<em>K\u00fclt\u00fcr ve Turizm Bakanl\u0131\u011f\u0131 Ta\u015f\u0131nmaz K\u00fclt\u00fcr ve Tabiat Varl\u0131klar\u0131 Y\u00fcksek Kurulu<\/em>\u2019nun 31.03.1984 tarih ve 234 say\u0131l\u0131 karar\u0131 ile sit alan\u0131 b\u00fct\u00fcn\u00fc ilan edilerek onaylanan Adalar \u0130l\u00e7esi\u2019nin en \u00f6nemli tarihi ve do\u011fal par\u00e7alar\u0131ndan biridir.<\/p>\n<p>Tarih boyunca \u0130stanbul \u00e7evresindeki inziva ve s\u00fcrg\u00fcn yerlerinden biri olarak kullan\u0131lan, do\u011fal ya\u015fam a\u00e7\u0131s\u0131ndan ada ve k\u0131y\u0131 ekosisteminin benzersiz niteli\u011fi nedeniyle b\u00fcy\u00fck bir \u00f6nem ta\u015f\u0131yan Sivriada, ge\u00e7ti\u011fimiz y\u0131llarda imara a\u00e7\u0131larak b\u00fcy\u00fck bir ekolojik ve arkeolojik y\u0131k\u0131m ya\u015fayan Yass\u0131ada gibi b\u00fcy\u00fck bir felaketin e\u015fi\u011finde bulunuyor.<\/p>\n<p>Bug\u00fcne kadar \u00e7e\u015fitli idari mahkemeler taraf\u0131ndan verilen y\u00fcr\u00fctmeyi durdurma ve iptal kararlar\u0131na ra\u011fmen \u00c7evre \u015eehircilik Bakanl\u0131\u011f\u0131\u2019n\u0131n Sivriada\u2019ya turistik tesis ve kongre merkezi yap\u0131lmas\u0131na y\u00f6nelik \u0131srarl\u0131 plan de\u011fi\u015fiklik \u00f6nerileri bu tehdidi devam ettiriyor.\u00a0<strong><em>\u201cK\u00fclt\u00fcrel, do\u011fal ve arkeolojik a\u00e7\u0131dan geri d\u00f6n\u00fclmesi m\u00fcmk\u00fcn olmayan zararlar do\u011furaca\u011f\u0131\u201d<\/em><\/strong>\u00a0gerek\u00e7esiyle iptal edilen t\u00fcm planlar k\u00fc\u00e7\u00fck revizyonlarla tekrar g\u00fcndeme getiriliyor.<\/p>\n<p>Osmanl\u0131 ve Cumhuriyet d\u00f6nemi boyunca 1978 y\u0131l\u0131na kadar ta\u015f oca\u011f\u0131 olarak kullan\u0131lmas\u0131 nedeniyle b\u00fcy\u00fck tahribat ya\u015fayan, ancak buna ra\u011fmen son 40 y\u0131lda do\u011fal bir ekolojik restorasyon s\u00fcreci i\u00e7indeki Sivriada halen \u00e7e\u015fitli ku\u015f, mercan ve bal\u0131k t\u00fcrleri i\u00e7in bir yuvalama, konaklama ve \u00fcreme alan\u0131 olarak benzersiz bir ada ekosistemine ev sahipli\u011fi yap\u0131yor. Ta\u015foca\u011f\u0131 olarak kullan\u0131ld\u0131\u011f\u0131 y\u0131llar boyunca morfolojisi ve sil\u00fceti tamamen de\u011fi\u015fmesine ra\u011fmen, zengin bir canl\u0131 ya\u015fam\u0131na ev sahipli\u011fi yapan Sivriada, halen Adal\u0131lar ve bal\u0131k\u00e7\u0131lar taraf\u0131ndan kullan\u0131lan, g\u00fcn\u00fcm\u00fczde denizciler i\u00e7in bir do\u011fal liman olarak i\u015flev g\u00f6ren, sahip oldu\u011fu arkeolojik eserler ve do\u011fal miras ara\u015ft\u0131r\u0131lmay\u0131 bekleyen bir do\u011fa ve k\u00fclt\u00fcr de\u011feri olarak gelecek ku\u015faklara aktar\u0131lmay\u0131 bekliyor.<\/p>\n<p>Dilek\u00e7emizin ekinde yer alan,\u00a0<em>Adalar Savunmas\u0131<\/em>\u00a0taraf\u0131ndan haz\u0131rlanan ve\u00a0 TMMOB \u015eehir Planc\u0131lar\u0131 Odas\u0131, TMMOB \u00c7evre M\u00fchendisleri Odas\u0131, TMMOB Mimarlar Odas\u0131 ve Arkeologlar Derne\u011fi\u2019nin destekleriyle haz\u0131rlanan\u00a0<strong><em>\u201cBir Do\u011fa, Tarih ve K\u00fclt\u00fcr Katliam\u0131: Yass\u0131ada ve Sivriada\u201d\u00a0<\/em><\/strong>ba\u015fl\u0131kl\u0131 rapor Sivriada\u2019n\u0131n hukuksal s\u00fcreci, do\u011fal, k\u00fclt\u00fcrel ve arkeolojik niteliklerine dair ayr\u0131nt\u0131l\u0131 bilgileri sunmakta, Sivriada\u2019ya y\u00f6nelik do\u011fal ya\u015fam g\u00f6zlemleri sonucu olu\u015fturulan raporlar adan\u0131n sahip oldu\u011fu tarihi, arkeolojik ve ekolojik zenginli\u011fi g\u00f6zler \u00f6n\u00fcne sermektedir.<\/p>\n<p>Sivriada ve Yass\u0131ada ba\u015fta olmak \u00fczere Adalar\u2019\u0131n idari yap\u0131s\u0131yla, plan yapma yetkileriyle ve Adalar halk\u0131n\u0131n k\u00fclt\u00fcrel al\u0131\u015fkanl\u0131klar\u0131 ve belle\u011fiyle s\u00fcrekli oynamay\u0131 al\u0131\u015fkanl\u0131k haline getiren, bug\u00fcne kadar Burgazada\u2019n\u0131n bir mahallesi olan Sivriada\u2019y\u0131 \u00f6nce K\u0131nal\u0131ada\u2019n\u0131n, \u015fimdi de Heybeliada\u2019n\u0131n bir idari par\u00e7as\u0131 haline getirerek sunan<em>\u201c97 Ada 1 Parsel (Sivriada), K\u0131y\u0131 Yap\u0131lar\u0131n\u0131 da Kapsayan 1\/5000 \u00d6l\u00e7ekli Koruma Ama\u00e7l\u0131 Naz\u0131m \u0130mar Plan\u0131\u201d\u00a0<\/em>i\u00e7erdi\u011fi \u00f6zensiz ve karma\u015f\u0131k idari d\u00fczenlemelerle endi\u015fe vermekte, bu bilgisizlik ve idari kaos planlar\u0131n esastan iptalini gerektirmektedir.<\/p>\n<p>Plan a\u00e7\u0131klama raporlar\u0131nda Sivriada\u2019ya ili\u015fkin yer verilen\u00a0<em>\u201c\u2026\u00e7al\u0131\u015fma alan\u0131 \u00f6zellikleri itibariyle, biyo\u00e7e\u015fitlilik ve bitki \u00f6rt\u00fcs\u00fc a\u00e7\u0131s\u0131ndan kritik bir \u00f6zellik g\u00f6stermemekte ancak sahip oldu\u011fu bu potansiyel do\u011frultusunda ancak adan\u0131n arazi yap\u0131s\u0131n\u0131n elverdi\u011fi k\u0131s\u0131mlarda yap\u0131lmak \u00fczere kamu yarar\u0131 g\u00f6zeten kullan\u0131mlar\u0131n yer almas\u0131 uygun olacakt\u0131r\u201d<\/em>\u00a0denmekte ancak bu durum ger\u00e7e\u011fi yans\u0131tmamaktad\u0131r. IUCN Nesli T\u00fckenme Tehlikesi alt\u0131nda bulunan K\u0131rm\u0131z\u0131 Listedeki g\u00f6\u00e7men ya da yar\u0131 g\u00f6\u00e7men ku\u015f t\u00fcrleri a\u00e7\u0131s\u0131ndan \u00f6nemli bir ge\u00e7i\u015f ve \u00fcreme noktas\u0131nda bulunan Sivriada i\u00e7in herhangi bir ara\u015ft\u0131rma \u00f6ng\u00f6rmeyen plan raporu, adan\u0131n k\u0131y\u0131 ekosisteminin mercan ve gorgon yataklar\u0131 bak\u0131m\u0131ndan ve bal\u0131k \u00fcreme alanlar\u0131 a\u00e7\u0131s\u0131ndan ta\u015f\u0131d\u0131\u011f\u0131 b\u00fcy\u00fck \u00f6nemi de s\u00f6zkonusu etmemektedir. (bkz. Ek rapor. \u201cBir Do\u011fa, Tarih ve K\u00fclt\u00fcr Katliam\u0131: Yass\u0131ada ve Sivriada\u201d) \u00d6te yandan yap\u0131lan plan Sivriada\u2019n\u0131n sahip oldu\u011fu tarihi ve arkeolojik de\u011ferlerin ara\u015ft\u0131r\u0131lmas\u0131n\u0131 ve g\u00fcvence alt\u0131na al\u0131narak gelecek ku\u015faklara devredilmesini \u00f6ng\u00f6rmekten uzakt\u0131r.<\/p>\n<p>Ekolojik, k\u00fclt\u00fcrel ve tarihi anlam\u0131 b\u00fcy\u00fck bir b\u00f6lgenin \u201cTurizm+K\u00fclt\u00fcrel Tesis Alan\u0131 olarak ilan edilerek imara a\u00e7\u0131lmas\u0131 ve bu do\u011frultuda planlanmas\u0131, tarih boyunca yerle\u015fim ve ula\u015f\u0131m zorluklar\u0131 nedeniyle bakir kalm\u0131\u015f bir b\u00f6lgenin turizm tesisleriyle donat\u0131lmas\u0131 kabul edilemez.\u00a0<em>\u201cKafe, restoran, heliport alan\u0131, park, a\u00e7\u0131k hava m\u00fczesi, meydan, k\u00fct\u00fcphane, dini tesis, idari bina, m\u00fcze, konferans salonu, sergi salonu, seyir teras\u0131, tekne yana\u015fma yeri, bilgi edinme-bilet sat\u0131\u015f yeri ve kar\u015f\u0131lama kap\u0131s\u0131\u201d\u00a0<\/em>gibi kullan\u0131m\u0131 imkans\u0131z ve tahrip edici donat\u0131larla birlikte planlanan Sivriada,\u00a0 S\u0130T alan\u0131 olarak korunmas\u0131, ekolojik restorasyon teknikleriyle desteklenmesi gereken Adalar \u0130l\u00e7esi\u2019nin e\u015fsiz bir mahallesidir.<\/p>\n<p><strong>\u0130T\u0130RAZ ve TALEP<\/strong><\/p>\n<p>T\u00fcm bu gerek\u00e7eler \u0131\u015f\u0131\u011f\u0131nda planc\u0131l\u0131k ilke ve tekniklerine oldu\u011fu kadar do\u011fal, tarihi ve k\u00fclt\u00fcrel de\u011ferlerin korunmas\u0131, S\u0130T alanlar\u0131n\u0131n gelece\u011fe ta\u015f\u0131nmas\u0131 anlay\u0131\u015f\u0131na da ayk\u0131r\u0131 olarak haz\u0131rlanan \u0130stanbul \u0130li, Adalar \u0130l\u00e7esi, 97 Ada, 1 Parsele (Sivriada) ili\u015fkin K\u0131y\u0131 Yap\u0131lar\u0131n\u0131 da Kapsayan 1\/5000 \u00d6l\u00e7ekli Koruma Ama\u00e7l\u0131 Naz\u0131m \u0130mar Plan\u0131 ve 1\/1000 \u00d6l\u00e7ekli Koruma Ama\u00e7l\u0131 Uygulama \u0130mar Plan\u0131\u2019n\u0131n geri d\u00f6n\u00fc\u015f\u00fc m\u00fcmk\u00fcn olmayan zararlar do\u011furaca\u011f\u0131 gerek\u00e7esiyle iptalini talep ediyoruz.<\/p>\n<p><strong>Adalar Savunmas\u0131<\/strong><\/p>\n<p>&nbsp;<\/p>\n<p>EK: Yass\u0131ada-Sivriada Raporu:\u00a0<a href=\"http:\/\/dokuzadabirdeniz.com\/Yass%C4%B1adaRaporuMay%C4%B1s2016low.pdf\">http:\/\/dokuzadabirdeniz.com\/Yass\u0131adaRaporuMay\u0131s2016low.pdf<\/a><\/p>\n<p>&nbsp;<\/p>\n","protected":false},"excerpt":{"rendered":"<p>H\u00fck\u00fcmet ve \u00c7evre ve \u015eehircilik Bakanl\u0131\u011f\u0131,\u00a0 Yass\u0131ada&#8217;da ya\u015fanan kent ve do\u011fa katliam\u0131ndan sonra, Sivriada i\u00e7in haz\u0131rlanan\u00a0\u00e7e\u015fitli imar planlar\u0131 mahkemeler taraf\u0131ndan iptal edilmesine ra\u011fmen\u00a0aday\u0131 bir otel ve kongre merkezi yapma konusundaki \u0131srar\u0131n\u0131 s\u00fcrd\u00fcr\u00fcyor. Ge\u00e7ti\u011fimiz ay \u00c7evre ve \u015eehircilik Bakanl\u0131\u011f\u0131 \u0130l M\u00fcd\u00fcrl\u00fc\u011f\u00fc ve Adalar Belediyesi&#8217;nde ask\u0131ya \u00e7\u0131kan\u00a0\u201cAdalar \u0130l\u00e7esi, Sivriada, 97 Ada, 1 Parsele ili\u015fkin K\u0131y\u0131 Yap\u0131lar\u0131n\u0131 da &hellip;<\/p>\n","protected":false},"author":1,"featured_media":3305,"comment_status":"open","ping_status":"open","sticky":false,"template":"","format":"standard","meta":{"_monsterinsights_skip_tracking":false,"_monsterinsights_sitenote_active":false,"_monsterinsights_sitenote_note":"","_monsterinsights_sitenote_category":0},"categories":[45,102,17,49,115,8,83,9],"tags":[],"_links":{"self":[{"href":"https:\/\/dokuzadabirdeniz.com\/index.php?rest_route=\/wp\/v2\/posts\/4127"}],"collection":[{"href":"https:\/\/dokuzadabirdeniz.com\/index.php?rest_route=\/wp\/v2\/posts"}],"about":[{"href":"https:\/\/dokuzadabirdeniz.com\/index.php?rest_route=\/wp\/v2\/types\/post"}],"author":[{"embeddable":true,"href":"https:\/\/dokuzadabirdeniz.com\/index.php?rest_route=\/wp\/v2\/users\/1"}],"replies":[{"embeddable":true,"href":"https:\/\/dokuzadabirdeniz.com\/index.php?rest_route=%2Fwp%2Fv2%2Fcomments&post=4127"}],"version-history":[{"count":1,"href":"https:\/\/dokuzadabirdeniz.com\/index.php?rest_route=\/wp\/v2\/posts\/4127\/revisions"}],"predecessor-version":[{"id":4128,"href":"https:\/\/dokuzadabirdeniz.com\/index.php?rest_route=\/wp\/v2\/posts\/4127\/revisions\/4128"}],"wp:featuredmedia":[{"embeddable":true,"href":"https:\/\/dokuzadabirdeniz.com\/index.php?rest_route=\/wp\/v2\/media\/3305"}],"wp:attachment":[{"href":"https:\/\/dokuzadabirdeniz.com\/index.php?rest_route=%2Fwp%2Fv2%2Fmedia&parent=4127"}],"wp:term":[{"taxonomy":"category","embeddable":true,"href":"https:\/\/dokuzadabirdeniz.com\/index.php?rest_route=%2Fwp%2Fv2%2Fcategories&post=4127"},{"taxonomy":"post_tag","embeddable":true,"href":"https:\/\/dokuzadabirdeniz.com\/index.php?rest_route=%2Fwp%2Fv2%2Ftags&post=4127"}],"curies":[{"name":"wp","href":"https:\/\/api.w.org\/{rel}","templated":true}]}}