{"id":3969,"date":"2016-06-20T03:39:03","date_gmt":"2016-06-20T00:39:03","guid":{"rendered":"http:\/\/dokuzadabirdeniz.com\/?p=3969"},"modified":"2019-10-02T23:15:54","modified_gmt":"2019-10-02T20:15:54","slug":"9-soruda-fayton","status":"publish","type":"post","link":"https:\/\/dokuzadabirdeniz.com\/?p=3969","title":{"rendered":"9 soruda fayton -Feridun Nadir"},"content":{"rendered":"<p><span class=\"author-name\">FER\u0130DUN NAD\u0130R<\/span>\u00a0(<time>19.06.2016-Birg\u00fcn)<\/time><\/p>\n<p>&nbsp;<\/p>\n<p>Rak\u0131 i\u00e7mek keyif i\u015fidir, ehlikeyif i\u015fidir. Faytonun da aynen \u00f6yle oldu\u011funu d\u00fc\u015f\u00fcnenler vard\u0131r. Ba\u015fka bir canl\u0131n\u0131n eziyeti \u00fczerinden keyif olur mu? Kendinizi atlara ta\u015f\u0131t\u0131yorsan\u0131z en az\u0131ndan binmeden \u00f6nce ve indikten sonra o at\u0131n g\u00f6zlerine dikkatlice bak\u0131n..<\/p>\n<p>&nbsp;<\/p>\n<p>Faytonla rak\u0131n\u0131n maalesef bir alakas\u0131 var. Ne bileyim g\u00fczelim Burgaz Ada\u2019daki Kalpazankaya\u2019ya rak\u0131 i\u00e7meye gidiyor pek \u00e7ok insan, faytonla\u2026 D\u00f6n\u00fcyor, faytonla\u2026<\/p>\n<p>Ayn\u0131 Kalpazankaya\u2019ya ayn\u0131 niyetle ben de gidiyorum. Ne kadar g\u00fczel bir yoldur oras\u0131 y\u00fcr\u00fcmek i\u00e7in. Bisiklet i\u00e7in.<\/p>\n<p>Rak\u0131 i\u00e7mek keyif i\u015fidir, ehlikeyif i\u015fidir. Faytonun da aynen \u00f6yle oldu\u011funu d\u00fc\u015f\u00fcnenler vard\u0131r. Ba\u015fka bir canl\u0131n\u0131n eziyeti \u00fczerinden keyif olur mu? Kendinizi atlara ta\u015f\u0131t\u0131yorsan\u0131z en az\u0131ndan binmeden \u00f6nce ve indikten sonra o at\u0131n g\u00f6zlerine dikkatlice bak\u0131n. Sizi ta\u015f\u0131maktan gurur duymad\u0131\u011f\u0131n\u0131 g\u00f6receksiniz. O g\u00f6zlere \u00e7\u00f6km\u00fc\u015f h\u00fcz\u00fcn\u00fcn alt\u0131nda neler olabilir bir bakal\u0131m.<\/p>\n<p><strong>Fayton nedir?<\/strong><\/p>\n<p>Bazan k\u00f6r\u00fckl\u00fc, d\u00f6rt tekerlekli, atl\u0131 binek arabas\u0131na fayton denir. G\u00fczel g\u00f6r\u00fcnd\u00fc\u011f\u00fc d\u00fc\u015f\u00fcn\u00fcl\u00fcr. Eroin\u2019den \u0130kinci D\u00fcnya Sava\u015f\u0131\u2019na, Mussolini\u2019den Guguk Ku\u015fu\u2019ndaki sar\u0131\u015f\u0131n hem\u015fireye her \u015feyin g\u00fczel oldu\u011fu d\u00fc\u015f\u00fcn\u00fclebilir. Sahi \u00f6yle midir? G\u00fcne\u015fin alt\u0131nda \u00f6l\u00fcm\u00fcne -hakkaten \u00f6l\u00fcm\u00fcne- \u00e7al\u0131\u015ft\u0131r\u0131lan bir hayvan g\u00fczellik ta\u015f\u0131yabilir mi? G\u00fczellik kendini o hayvana ta\u015f\u0131tabilir mi?<\/p>\n<p><strong>Fayton ne demektir?<\/strong><\/p>\n<p>Fayton kelimesi Yunan mitolojisindeki g\u00fcne\u015f tanr\u0131s\u0131 Helios\u2019un o\u011flu Phaethon\u2019dan gelir. Phaethon babas\u0131n\u0131n g\u00fcne\u015f arabas\u0131n\u0131 kullanmak i\u00e7in izin al\u0131r. Ama kullanamaz. Atlar\u0131n kontrol\u00fcn\u00fc kaybeder. Onun y\u00fcz\u00fcnden D\u00fcnya yanmaya ba\u015flar. Zeus bakar olacak i\u015f de\u011fil Phaethon\u2019u bir \u015fim\u015fek ile vurur.<\/p>\n<p><strong>Fayton nereden \u00e7\u0131km\u0131\u015ft\u0131r?<\/strong><\/p>\n<p>Hayvanlar taraf\u0131ndan \u00e7ekilen kasal\u0131 ara\u00e7lara milattan 3000 y\u0131l \u00f6ncesinde ve tabii ki petk \u00e7ok ba\u015fka \u015feye oldu\u011fu gibi Mezopotamya\u2019da rastlan\u0131r. Bir \u015feyi \u00c7inliler bulmam\u0131\u015fsa Mezopotamya\u2019da rastlanm\u0131\u015ft\u0131r zaten. \u00d6k\u00fczler, e\u015fekler derken M\u00d6 2000 civar\u0131nda atlar kullan\u0131lmaya ba\u015flanm\u0131\u015ft\u0131r. Otomobilin icad\u0131ndan sonra do\u011fal olarak fayton yava\u015f yava\u015f b\u0131rak\u0131l\u0131r, atlar kurtulur. Fakat sonra nostalji merak\u0131 tekrar peydah olmas\u0131na yol a\u00e7ar.<\/p>\n<p>Nostalji ne kadar yan\u0131lt\u0131c\u0131d\u0131r halbuki. Herkesin askerlik an\u0131s\u0131, \u00f6\u011frencilik an\u0131s\u0131 hatta pek \u00e7o\u011funun hapishane an\u0131s\u0131 ne\u015fe doludur. Bir inin derinlere bakal\u0131m o \u00f6\u011frencilik askerlik y\u0131llar\u0131nda ne a\u015fa\u011f\u0131lamalar vard\u0131r kimbilir.<\/p>\n<p>Nostalji asla g\u00f6r\u00fcnd\u00fc\u011f\u00fc gibi olamaz. Ge\u00e7mi\u015fe dair ak\u0131lda kalan g\u00fczel \u015feylere \u2018nostalji\u2019 diye s\u00f6zde karizmatik bir ad tak\u0131p sonra ona \u00fcr\u00fcn yumurtlamak bence i\u00e7inde eziyet varsa olacak i\u015f de\u011fildir.<\/p>\n<p><strong>Fayton ne i\u015fe yarar?<\/strong><\/p>\n<p>Bir yahut daha fenas\u0131 bir grup insan\u0131 bir noktadan bir di\u011fer noktaya at yard\u0131m\u0131yla, ata eziyet \u00e7ektirerek ve yolda kaka koklayarak g\u00f6t\u00fcrmeye yarar. Turistik faaliyettir. E\u015f\u015fek safari, yunus park\u0131, hayvanat bah\u00e7esi, deve turu filan gibi insan icad\u0131 eziyet makinas\u0131 bir faaliyettir.<\/p>\n<p><strong>Neden turistik olsun yahu. Adalar var? Ula\u015f\u0131m olabilir mi?<\/strong><\/p>\n<p>Fayton, Adalar&#8217;da ula\u015f\u0131m i\u00e7in DE kullan\u0131l\u0131r. Ama sebebi yine g\u00fczel g\u00f6r\u00fcnd\u00fc\u011f\u00fcn\u00fcn d\u00fc\u015f\u00fcn\u00fclmesidir. Adalar\u2019da da pek \u00e7ok yerde oldu\u011fu gibi ula\u015f\u0131m i\u00e7in ba\u015fka yollar bulunabilir. Bu ba\u015fka \u015feyin araba olmas\u0131 gerekmez.<\/p>\n<p><strong>Atlara eziyet mi ediliyor?<\/strong><br \/>\n<img src=\"http:\/\/static.birgun.net\/resim\/haber-ici-resim\/2016\/06\/19\/9-soruda-fayton-150644-1.jpg\" alt=\"9-soruda-fayton-150644-1.\" \/><\/p>\n<p>Eziyet ne kelime? Adalar&#8217;da her y\u0131l a\u015f\u0131r\u0131 y\u00fcklenmekten y\u00fczlerce hayvan \u00f6l\u00fcyor hepsi i\u015fkence g\u00f6r\u00fcyor. K\u00f6t\u00fc durumda olanlar ormanl\u0131k alana canl\u0131 canl\u0131 \u00f6l\u00fcme terk ediliyor. A\u011fustosta atlar\u0131n \u00e7o\u011fu tan\u0131nmaz hale geliyor. Gece g\u00fcnd\u00fcz insan \u00e7ekiyorlar ve \u00e7ok k\u0131sa ya\u015f\u0131yorlar. Yayg\u0131n s\u00f6ylentiye g\u00f6re sezon sonunda i\u015fkencelere dayanabilmi\u015f olanlar Bostanc\u0131\u2019da kamyon arkas\u0131na yap\u0131lan korsan mezbahalarda kesiliyorlar.<\/p>\n<p>\u0130\u015fkencelerle ba\u015flayan, s\u00fcren ve ormanda ba\u011f\u0131rarak yahut kamyonda kesilerek biten bir hayat. Eziyet kelimesi daha nas\u0131l tarif edilebilir?<\/p>\n<p><strong>Peki ama Adalar trafi\u011fe mi a\u00e7\u0131ls\u0131n?<\/strong><\/p>\n<p>Asla. Atlar\u0131 kurtaral\u0131m derken kedileri k\u00f6pekleri \u00e7ocuklar\u0131 arabalar\u0131n alt\u0131na atmak yahut egzoz kokusuna terk etmek \u00e7\u0131lg\u0131nl\u0131k olur. Burada \u00e7ok sorulan bir hatal\u0131 soru bu. Bir kere her ikisi i\u00e7in \u00e7al\u0131\u015fan mevzuatlar da ba\u015fka. \u0130ki konu birbiriyle ilintili de\u011fil yani. Atlar kalk\u0131nca trafi\u011fin yolu a\u00e7\u0131lm\u0131yor. \u0130kame edecek bir y\u0131\u011f\u0131n \u015fey var. Bu sorun ilk defa Adalar\u2019da tart\u0131\u015f\u0131lm\u0131yor. Elektrikli golf arabas\u0131ndan elektrikli faytona, mini trene, tramvaya bir y\u0131\u011f\u0131n trafik d\u0131\u015f\u0131, denenmi\u015f medeni \u00e7\u00f6z\u00fcm var. Bunlara dilenen bi\u00e7im ve i\u00e7erikte nostalji serk edilebilir \u00fcstelik.<\/p>\n<p><strong>Atlara iyi bakmak\u00a0m\u00fcmk\u00fcn de\u011fil mi?<\/strong><\/p>\n<p>\u00d6rne\u011fin B\u00fcy\u00fckada\u2019da faytonlar\u0131n \u00e7\u0131k\u0131\u015f noktas\u0131n\u0131 g\u00f6z\u00fcn\u00fcz\u00fcn \u00f6n\u00fcne getirin. Kar\u0131nca yuvas\u0131 gibi bir trafik s\u00f6z konusu. Bu kadar b\u00fcy\u00fck bir trafikte, bu kadar yo\u011fun ticaretin d\u00f6nd\u00fc\u011f\u00fc bir yerde atlara iyi bakmak m\u00fcmk\u00fcn de\u011fil. Hele bizim memlekette asla. \u0130lle de fayton diye tutturan insanlar i\u00e7in g\u00f6stermelik bir k\u0131sac\u0131k hatta az \u00e7al\u0131\u015ft\u0131r\u0131lan bak\u0131ml\u0131 hayvanlar daha kabul edilebilir tabii.<\/p>\n<p><strong>Y\u0131llar\u0131n binicilik gelene\u011fine kar\u015f\u0131 m\u0131 \u00e7\u0131k\u0131yorsun?<\/strong><\/p>\n<p>Evet. Aynen \u00f6yle yap\u0131yorum. Gladyat\u00f6rl\u00fck kazara s\u00fcrseydi ona da kar\u015f\u0131 \u00e7\u0131kard\u0131m. K\u00f6pek, horoz, deve g\u00fcre\u015fleri \u00e7ok mu insani? Y\u0131llar\u0131n gelenekleri i\u00e7inde neler neler var bir kurcalasan\u0131za.<\/p>\n<p><strong>Sirk de y\u0131llar\u0131n gelene\u011fi. Kar\u015f\u0131 \u00e7\u0131kmayal\u0131m m\u0131?\u00a0Hayvanat bah\u00e7eleri ya? Su\u00e7suzlar hapishanesi. Kar\u015f\u0131 \u00e7\u0131kmayal\u0131m m\u0131?<\/strong><\/p>\n<p>T\u00fcrc\u00fcl\u00fck milliyet\u00e7ili\u011fin iltihapland\u0131\u011f\u0131, u\u00e7 verdi\u011fi yerdir. Ba\u015fka bir t\u00fcre s\u0131rf ba\u015fka bir t\u00fcr diye bilerek ve isteyerek eziyet etmek olacak i\u015f de\u011fildir.<\/p>\n<p>Nas\u0131l ki do\u011fdu\u011fumuz \u00fclkeyle ilgili \u00fcst\u00fcnl\u00fck hissetmek sa\u00e7maysa, do\u011fdu\u011fumuz t\u00fcrle ilgili \u00fcst\u00fcnl\u00fck hissetmek de sa\u00e7mad\u0131r.<\/p>\n<p>Kalpazankaya demi\u015fken Sait Faik \u015ferefine kald\u0131ral\u0131m bu hafta kadehimizi.<\/p>\n","protected":false},"excerpt":{"rendered":"<p>FER\u0130DUN NAD\u0130R\u00a0(19.06.2016-Birg\u00fcn) &nbsp; Rak\u0131 i\u00e7mek keyif i\u015fidir, ehlikeyif i\u015fidir. Faytonun da aynen \u00f6yle oldu\u011funu d\u00fc\u015f\u00fcnenler vard\u0131r. Ba\u015fka bir canl\u0131n\u0131n eziyeti \u00fczerinden keyif olur mu? Kendinizi atlara ta\u015f\u0131t\u0131yorsan\u0131z en az\u0131ndan binmeden \u00f6nce ve indikten sonra o at\u0131n g\u00f6zlerine dikkatlice bak\u0131n.. &nbsp; Faytonla rak\u0131n\u0131n maalesef bir alakas\u0131 var. Ne bileyim g\u00fczelim Burgaz Ada\u2019daki Kalpazankaya\u2019ya rak\u0131 i\u00e7meye gidiyor &hellip;<\/p>\n","protected":false},"author":1,"featured_media":3868,"comment_status":"open","ping_status":"open","sticky":false,"template":"","format":"standard","meta":{"_monsterinsights_skip_tracking":false,"_monsterinsights_sitenote_active":false,"_monsterinsights_sitenote_note":"","_monsterinsights_sitenote_category":0},"categories":[120,58],"tags":[],"_links":{"self":[{"href":"https:\/\/dokuzadabirdeniz.com\/index.php?rest_route=\/wp\/v2\/posts\/3969"}],"collection":[{"href":"https:\/\/dokuzadabirdeniz.com\/index.php?rest_route=\/wp\/v2\/posts"}],"about":[{"href":"https:\/\/dokuzadabirdeniz.com\/index.php?rest_route=\/wp\/v2\/types\/post"}],"author":[{"embeddable":true,"href":"https:\/\/dokuzadabirdeniz.com\/index.php?rest_route=\/wp\/v2\/users\/1"}],"replies":[{"embeddable":true,"href":"https:\/\/dokuzadabirdeniz.com\/index.php?rest_route=%2Fwp%2Fv2%2Fcomments&post=3969"}],"version-history":[{"count":2,"href":"https:\/\/dokuzadabirdeniz.com\/index.php?rest_route=\/wp\/v2\/posts\/3969\/revisions"}],"predecessor-version":[{"id":4757,"href":"https:\/\/dokuzadabirdeniz.com\/index.php?rest_route=\/wp\/v2\/posts\/3969\/revisions\/4757"}],"wp:featuredmedia":[{"embeddable":true,"href":"https:\/\/dokuzadabirdeniz.com\/index.php?rest_route=\/wp\/v2\/media\/3868"}],"wp:attachment":[{"href":"https:\/\/dokuzadabirdeniz.com\/index.php?rest_route=%2Fwp%2Fv2%2Fmedia&parent=3969"}],"wp:term":[{"taxonomy":"category","embeddable":true,"href":"https:\/\/dokuzadabirdeniz.com\/index.php?rest_route=%2Fwp%2Fv2%2Fcategories&post=3969"},{"taxonomy":"post_tag","embeddable":true,"href":"https:\/\/dokuzadabirdeniz.com\/index.php?rest_route=%2Fwp%2Fv2%2Ftags&post=3969"}],"curies":[{"name":"wp","href":"https:\/\/api.w.org\/{rel}","templated":true}]}}