{"id":3935,"date":"2016-08-05T02:39:33","date_gmt":"2016-08-04T23:39:33","guid":{"rendered":"http:\/\/dokuzadabirdeniz.com\/?p=3935"},"modified":"2016-08-05T02:39:33","modified_gmt":"2016-08-04T23:39:33","slug":"yeni-rant-kapisi-askeri-araziler","status":"publish","type":"post","link":"https:\/\/dokuzadabirdeniz.com\/?p=3935","title":{"rendered":"Yeni rant kap\u0131s\u0131 askeri araziler"},"content":{"rendered":"<p>Askeri okullar kapat\u0131ld\u0131 ancak arazi ve binalar\u0131n ne olaca\u011f\u0131 konusunda soru i\u015faretleri do\u011fdu. Ba\u015fbakan Y\u0131ld\u0131r\u0131m\u2019\u0131n, \u201cPiknik alan\u0131 yap\u0131lacak, g\u00fczel mek\u00e2nlar yap\u0131lacak\u201d dedi\u011fi askeri arazilerin bir\u00e7o\u011fu \u0130stanbul\u2019un en de\u011ferleri yerlerinde bulunuyor. Bir\u00e7o\u011fu i\u00e7in \u2018imara a\u00e7ma planlar\u0131\u2019 ge\u00e7mi\u015fe dayan\u0131yor.<\/p>\n<p>Ba\u015fbakan Binali Y\u0131ld\u0131r\u0131m\u2019\u0131n 15 Temmuz\u2019daki kanl\u0131 darbe giri\u015fimine kat\u0131lan k\u0131\u015flalar\u0131n kapat\u0131laca\u011f\u0131n\u0131 a\u00e7\u0131klamas\u0131 ve sonras\u0131nda askeri okullar\u0131n kapat\u0131lmas\u0131na ili\u015fkin kararnamenin Resmi Gazete\u2019de yay\u0131nlammas\u0131n\u0131n ard\u0131ndan g\u00f6zler \u0130stanbul\u2019daki askeri okul ve k\u0131\u015fla arazilerine \u00e7evrildi. \u0130stanbul\u2019un en de\u011ferli arazilerine sahip onlarca d\u00f6n\u00fcml\u00fck k\u0131\u015fla ve okullar\u0131n \u2018ne olaca\u011f\u0131 sorusu\u2019 yan\u0131t ar\u0131yor. Ba\u015fbakan Binali Y\u0131ld\u0131r\u0131m \u2018piknik alan\u0131 yap\u0131lacak, g\u00fczel mek\u00e2nlar yap\u0131lacak\u2019 a\u00e7\u0131klamas\u0131na kar\u015f\u0131n baz\u0131 arazilerin ve binalarla ilgili \u2018imara a\u00e7ma planlar\u0131\u2019 ge\u00e7mi\u015fe dayan\u0131yor. \u0130\u015fte kapat\u0131lan okullar ve de\u011ferli arazileri:<\/p>\n<p>Bo\u011faz\u0131n incisi Kuleli<\/p>\n<p>\u00dcsk\u00fcdar\u2019da bulunan Kuleli Asker\u00ee Lisesi il\u00e7enin en de\u011ferli arazisine sahip. \u0130stanbul Bo\u011faz\u0131\u2019na neredeyse s\u0131f\u0131r konumunda olan okul Fatih Sultan Mehmet\u2019in \u0130stanbul\u2019u fethetmesinin ard\u0131ndan yeni\u00e7eri ordusunca k\u0131\u015fla olarak kullan\u0131lm\u0131\u015f. Neredeyse 500 y\u0131ll\u0131k bir tarihe sahip olan bu okulun arazisi \u00fczerinde otel yap\u0131laca\u011f\u0131na dair iddialar uzun zamand\u0131r g\u00fcndemdeki yerini koruyor. Bo\u011faz\u0131n incisi olan bu okulun kapat\u0131lmas\u0131n\u0131n ard\u0131ndan ne olaca\u011f\u0131 merak konusu.<\/p>\n<p>Heybeliada Deniz Lisesi<\/p>\n<p>Heybeliada Deniz Lisesi \u0130stanbul\u2019un turizm mek\u00e2nlar\u0131ndan biri olan Heybeliada sahilinde yer al\u0131yor. Denize s\u0131f\u0131r arazide yer alan okul 1946-1947 y\u0131l\u0131nda e\u011fitime ba\u015flad\u0131.<\/p>\n<p><img src=\"webkit-fake-url:\/\/F8DD1D2D-54EC-4C09-8DE5-D5062A4F531C\/sany0109.jpg\" alt=\"sany0109.jpg\" \/><\/p>\n<p>Deniz ve hava harp okullar\u0131<\/p>\n<p>Deniz Harp Okulu da Tuzla sahilinde yer al\u0131yor. K\u0131y\u0131n\u0131n en ucunda yer alan arazi b\u00f6lgenin en de\u011ferlilerinden. Ge\u00e7en y\u0131llarda bu alan\u0131n imara a\u00e7\u0131l\u0131ca\u011f\u0131na dair iddialar yer ald\u0131. Hava Harp Okulu \u0130stanbul en de\u011ferli yerlerinden biri olan Ye\u015filyurt\u2019ta yer al\u0131yor. Bak\u0131rk\u00f6y\u2019e ba\u011fl\u0131 bu semtte sat\u0131l\u0131k ev fiyatlar\u0131 yakla\u015f\u0131k 1 milyon TL\u2019den ba\u015fl\u0131yor. B\u00f6lge Atat\u00fcrk Havaliman\u0131\u2019na da yak\u0131n olmas\u0131 nedeniyle daha da \u00f6nem kazan\u0131yor.<\/p>\n<p>G\u00f6zler Maltepe\u2019de<\/p>\n<p>15 Temmuz kanl\u0131 darbe giri\u015fiminin ard\u0131ndan en \u00e7ok tart\u0131\u015f\u0131lan k\u0131\u015flalar oldu. Darbe giri\u015fiminin ard\u0131ndan k\u0131\u015flalar\u0131n \u00f6n\u00fcne bir daha kanl\u0131 giri\u015fimin ya\u015fand\u0131\u011f\u0131 gece gibi tanklar\u0131n soka\u011fa \u00e7\u0131kmamas\u0131 i\u00e7in kamyonlar ve belediye otob\u00fcsleri \u00e7ekildi. Ba\u015fbakan Binali Y\u0131ld\u0131r\u0131m ise ge\u00e7en g\u00fcnlerde k\u0131\u015flalar\u0131n kapat\u0131laca\u011f\u0131n\u0131 s\u00f6yledi. Y\u00fczlerce d\u00f6n\u00fcm arazi \u00fczerine kurulu olan iki k\u0131\u015flan\u0131n kapat\u0131lmas\u0131na kesin g\u00f6z\u00fcyle bak\u0131l\u0131yor. Bunlar Avrupa Yakas\u0131\u2019nda Hasdal K\u0131\u015flas\u0131, Anadolu Yakas\u0131\u2019nda ise Maltepe\u2019deki \u0130stanbul 2. Z\u0131rhl\u0131 Tugay Komutanl\u0131\u011f\u0131\u2019n\u0131n da yer ald\u0131\u011f\u0131 k\u0131\u015fla. Maltepe\u2019deki arazi Marmara Denizi\u2019ne bakan tepesiyle dikkat \u00e7ekiyor.<\/p>\n<p>Hasdal rant k\u0131skac\u0131nda<\/p>\n<p>Milli Savunma Bakanl\u0131\u011f\u0131 (MSB) \u0130stanbul Emlak B\u00f6lge Ba\u015fkanl\u0131\u011f\u0131\u2019n\u0131n, Hasdal ve T\u00fcmgeneral Selahattin G\u00f6kkartal K\u0131\u015flalar\u0131 i\u00e7in istedi\u011fi imar plan\u0131 de\u011fi\u015fikli\u011fi \u0130stanbul B\u00fcy\u00fck\u015fehir Belediye Meclisi\u2019ne 2014 y\u0131l\u0131nda gelmi\u015fti.<\/p>\n<p>\u0130BB Planlama M\u00fcd\u00fcrl\u00fc\u011f\u00fc\u2019n\u00fcn, MSB\u2019nin ba\u015fvurusu ile ilgili olarak yapt\u0131\u011f\u0131 de\u011ferlendirmede, imar de\u011fi\u015fikli\u011fi ile 610 bin 402 metrekare in\u015faat alan\u0131 ve bu alanda 17 bin 440 n\u00fcfusun ya\u015famas\u0131n\u0131n \u00f6ng\u00f6r\u00fcld\u00fc\u011f\u00fcn\u00fc belirtti. B\u00fcy\u00fck\u015fehir Belediye Meclisi, Hasdal ve T\u00fcmgeneral Selahattin G\u00f6kkartal K\u0131\u015flalar\u0131 ile ilgili plan de\u011fi\u015fikli\u011fi teklifini \u201c1\/100.000 \u00f6l\u00e7ekli \u00c7evre D\u00fczeni Plan\u0131\u2019nda d\u00fczenleme yap\u0131lmas\u0131n\u0131n ard\u0131ndan de\u011ferlendirilmesi gerekti\u011fi\u201d gerek\u00e7esiyle bakanl\u0131\u011fa geri g\u00f6ndermi\u015fti.<\/p>\n<p>GATA hastaneleri<\/p>\n<p>Kararnameyle birlikte GATA ve askeri hastaneler de Sa\u011fl\u0131k Bakanl\u0131\u011f\u0131\u2019na ba\u011fland\u0131. Haydarpa\u015fa\u2019da ve Taksim\u2019de bulunan GATA\u2019ya ba\u011fl\u0131 de\u011ferli hastane arazilerinin yerinde kal\u0131p kalmayaca\u011f\u0131 ise yine soru i\u015faretleri aras\u0131nda.<\/p>\n<p>Selimiye\u2019de soru i\u015fareti<\/p>\n<p>Darbe giri\u015fiminin bast\u0131r\u0131lmas\u0131nda kilit rol oynayan 1. Ordu\u2019nun kararg\u00e2h\u0131n\u0131n bulundu\u011fu Selimiye K\u0131\u015flas\u0131\u2019yla ilgili ge\u00e7mi\u015fte sat\u0131laca\u011f\u0131 ve kongre merkezi ya da otel olaca\u011f\u0131 iddia edilmi\u015fti.<\/p>\n","protected":false},"excerpt":{"rendered":"<p>Askeri okullar kapat\u0131ld\u0131 ancak arazi ve binalar\u0131n ne olaca\u011f\u0131 konusunda soru i\u015faretleri do\u011fdu. Ba\u015fbakan Y\u0131ld\u0131r\u0131m\u2019\u0131n, \u201cPiknik alan\u0131 yap\u0131lacak, g\u00fczel mek\u00e2nlar yap\u0131lacak\u201d dedi\u011fi askeri arazilerin bir\u00e7o\u011fu \u0130stanbul\u2019un en de\u011ferleri yerlerinde bulunuyor. Bir\u00e7o\u011fu i\u00e7in \u2018imara a\u00e7ma planlar\u0131\u2019 ge\u00e7mi\u015fe dayan\u0131yor. Ba\u015fbakan Binali Y\u0131ld\u0131r\u0131m\u2019\u0131n 15 Temmuz\u2019daki kanl\u0131 darbe giri\u015fimine kat\u0131lan k\u0131\u015flalar\u0131n kapat\u0131laca\u011f\u0131n\u0131 a\u00e7\u0131klamas\u0131 ve sonras\u0131nda askeri okullar\u0131n kapat\u0131lmas\u0131na ili\u015fkin &hellip;<\/p>\n","protected":false},"author":1,"featured_media":3936,"comment_status":"open","ping_status":"open","sticky":false,"template":"","format":"standard","meta":{"_monsterinsights_skip_tracking":false,"_monsterinsights_sitenote_active":false,"_monsterinsights_sitenote_note":"","_monsterinsights_sitenote_category":0},"categories":[120],"tags":[],"_links":{"self":[{"href":"https:\/\/dokuzadabirdeniz.com\/index.php?rest_route=\/wp\/v2\/posts\/3935"}],"collection":[{"href":"https:\/\/dokuzadabirdeniz.com\/index.php?rest_route=\/wp\/v2\/posts"}],"about":[{"href":"https:\/\/dokuzadabirdeniz.com\/index.php?rest_route=\/wp\/v2\/types\/post"}],"author":[{"embeddable":true,"href":"https:\/\/dokuzadabirdeniz.com\/index.php?rest_route=\/wp\/v2\/users\/1"}],"replies":[{"embeddable":true,"href":"https:\/\/dokuzadabirdeniz.com\/index.php?rest_route=%2Fwp%2Fv2%2Fcomments&post=3935"}],"version-history":[{"count":1,"href":"https:\/\/dokuzadabirdeniz.com\/index.php?rest_route=\/wp\/v2\/posts\/3935\/revisions"}],"predecessor-version":[{"id":3937,"href":"https:\/\/dokuzadabirdeniz.com\/index.php?rest_route=\/wp\/v2\/posts\/3935\/revisions\/3937"}],"wp:featuredmedia":[{"embeddable":true,"href":"https:\/\/dokuzadabirdeniz.com\/index.php?rest_route=\/wp\/v2\/media\/3936"}],"wp:attachment":[{"href":"https:\/\/dokuzadabirdeniz.com\/index.php?rest_route=%2Fwp%2Fv2%2Fmedia&parent=3935"}],"wp:term":[{"taxonomy":"category","embeddable":true,"href":"https:\/\/dokuzadabirdeniz.com\/index.php?rest_route=%2Fwp%2Fv2%2Fcategories&post=3935"},{"taxonomy":"post_tag","embeddable":true,"href":"https:\/\/dokuzadabirdeniz.com\/index.php?rest_route=%2Fwp%2Fv2%2Ftags&post=3935"}],"curies":[{"name":"wp","href":"https:\/\/api.w.org\/{rel}","templated":true}]}}