{"id":3841,"date":"2016-07-14T16:00:50","date_gmt":"2016-07-14T13:00:50","guid":{"rendered":"http:\/\/dokuzadabirdeniz.com\/?p=3841"},"modified":"2016-07-15T11:26:04","modified_gmt":"2016-07-15T08:26:04","slug":"heybeliada-kutuphanesini-istiyor","status":"publish","type":"post","link":"https:\/\/dokuzadabirdeniz.com\/?p=3841","title":{"rendered":"Heybeliada k\u00fct\u00fcphanesini istiyor&#8230;"},"content":{"rendered":"<p><em>Heybeliada&#8217;da ya\u015fayanlar\u00a0uzun s\u00fcredir kullan\u0131lmayan k\u00fct\u00fcphane binas\u0131n\u0131, 2013\u2019ten bu yana\u00a0yine k\u00fct\u00fcphane olarak geri kazanmaya \u00e7al\u0131\u015f\u0131yor. Ge\u00e7mi\u015fte 30 y\u0131la yak\u0131n bir\u00a0s\u00fcre\u00a0k\u00fct\u00fcphane olarak hizmet veren ve\u00a0Adal\u0131lar&#8217;\u0131n k\u00fct\u00fcphane olarak bildi\u011fi Triandafilidis K\u00f6\u015fk\u00fc, Heybeliadal\u0131lar&#8217;\u0131n \u00e7abalar\u0131yla bah\u00e7esine \u00e7\u00f6p bo\u015falt\u0131lan ve y\u0131k\u0131lmak \u00fczere olan bir bina olmaktan kurtuldu. \u00a02008\u2019den bu yana\u00a0bo\u015f olan \u00a0binan\u0131n tekrar\u00a0k\u00fct\u00fcphane olarak hizmet vermesi i\u00e7in \u00a02013 y\u0131l\u0131nda kurulan\u00a0Heybeliada K\u00fct\u00fcphane Giri\u015fimi bug\u00fcn yoluna Heybeliada K\u00fct\u00fcphanesini Koruma Derne\u011fi olarak devam ediyor. Ge\u00e7ti\u011fimiz g\u00fcnlerde Adal\u0131lar&#8217;\u0131n binan\u0131n k\u00fct\u00fcphane olarak kullan\u0131m\u0131 y\u00f6n\u00fcndeki isteklerine ra\u011fmen tekrar\u00a0Milli E\u011fitim Bakanl\u0131\u011f\u0131&#8217;na devredilen\u00a0bina ve ya\u015fanan\u00a0s\u00fcre\u00e7 hakk\u0131nda\u00a0k\u00fct\u00fcphane derne\u011fi g\u00f6n\u00fcll\u00fclerinden\u00a0\u00a0<strong>Serenad Demirhan<\/strong>&#8216;la konu\u015ftuk..<\/em><\/p>\n<p><em><strong>R\u00f6portaj:<\/strong> Demet Ege<\/em><\/p>\n<p><strong>Heybeliada K\u00fct\u00fcphane Giri\u015fimi\u00a0nas\u0131l do\u011fdu? <\/strong><\/p>\n<p>Asl\u0131nda ilk ba\u015fta binaya ve bir k\u00fclt\u00fcrel mirasa sahip \u00e7\u0131kmak gibi bir niyet vard\u0131. Buras\u0131 150 y\u0131ll\u0131k bir bina\u00a0ve\u00a0bir Rum ailesine ait. <em>Triandafilidis\u00a0<\/em>ailesine ait bir k\u00f6\u015fk. Aile adadan g\u00f6\u00e7 ettikten\u00a0sonra devlet 1923 y\u0131l\u0131nda bu k\u00f6\u015fke el koyuyor ve buray\u0131\u00a0T\u00fcrk \u0130lkokulu yap\u0131yor. 40 k\u00fcsur sene\u00a0ilkokul olarak kullan\u0131lan bina\u00a0daha sonra 1969&#8217;dan 2009&#8217;a kadar halk k\u00fct\u00fcphanesi olarak kullan\u0131l\u0131yor.\u00a0\u0130zleyen y\u0131llarda\u00a0kullan\u0131lmayan, bir b\u00f6l\u00fcm\u00fc\u00a0fiilen \u00f6\u011fretmen lojman\u0131na d\u00f6n\u00fc\u015ft\u00fcr\u00fclen ancak\u00a0y\u0131k\u0131m\u0131n e\u015fi\u011finde bir bina olarak varl\u0131\u011f\u0131n\u0131 s\u00fcrd\u00fcr\u00fcyordu. Ge\u00e7mi\u015fte\u00a0bu k\u00f6\u015fkle\u00a0ilgili herkesin hayalleri de olmu\u015f elbette.\u00a0Kimi bir yazarlar evi olsun, kimi meslek kursu olsun demi\u015f ve t\u00fcrl\u00fc d\u00fc\u015f\u00fcnceler geli\u015ftirmi\u015f, ancak hi\u00e7 biri hayata ge\u00e7memi\u015fti. Daha sonra 2013 y\u0131l\u0131nda STK&#8217;lar\u0131n ve Adal\u0131lar&#8217;\u0131n toplad\u0131\u011f\u0131 500 imzayla biz k\u00fct\u00fcphanemizi geri istiyoruz diyerek yeni bir s\u00fcre\u00e7 ba\u015flatt\u0131k. Bu\u00a0zorlama sonucunda da k\u00f6\u015fk ve bah\u00e7esi ge\u00e7ti\u011fimiz sene restore edilmeye ba\u015fland\u0131.\u00a0<a href=\"http:\/\/dokuzadabirdeniz.com\/wp-content\/uploads\/12963872_10154670407747646_156719647868009141_n.jpg\"><img loading=\"lazy\" class=\"alignleft wp-image-3845 size-full\" src=\"http:\/\/dokuzadabirdeniz.com\/wp-content\/uploads\/12963872_10154670407747646_156719647868009141_n.jpg\" alt=\"12963872_10154670407747646_156719647868009141_n\" width=\"960\" height=\"720\" srcset=\"https:\/\/dokuzadabirdeniz.com\/wp-content\/uploads\/12963872_10154670407747646_156719647868009141_n.jpg 960w, https:\/\/dokuzadabirdeniz.com\/wp-content\/uploads\/12963872_10154670407747646_156719647868009141_n-150x113.jpg 150w, https:\/\/dokuzadabirdeniz.com\/wp-content\/uploads\/12963872_10154670407747646_156719647868009141_n-300x225.jpg 300w\" sizes=\"(max-width: 960px) 100vw, 960px\" \/><\/a><\/p>\n<p><strong>Ge\u00e7mi\u015fte klasik bir halk k\u00fct\u00fcphanesiydi bu k\u00f6\u015fk de\u011fil mi?<\/strong><\/p>\n<p>Evet, klasik bir halk k\u00fct\u00fcphanesi anlay\u0131\u015f\u0131na uygun olarak i\u015flemi\u015f ge\u00e7mi\u015fte. G\u00fcn\u00fcm\u00fczde\u00a0k\u00fct\u00fcphaneler art\u0131k ya\u015fayan bir k\u00fclt\u00fcrel merkez olarak d\u00fc\u015f\u00fcn\u00fcl\u00fcyor, ancak ge\u00e7mi\u015fte\u00a0k\u00fct\u00fcphaneler\u00a0ders \u00e7al\u0131\u015f\u0131lan, i\u00e7inde soba olan s\u0131cak bir\u00a0mekan\u00a0olarak g\u00f6r\u00fcl\u00fcyordu biliyorsunuz. Bu da k\u00fct\u00fcphanenin \u00f6nemli i\u015flevlerinden bir tanesi,\u00a0ancak\u00a0ya\u015fam boyu \u00f6\u011frenme dedi\u011fimiz anlay\u0131\u015ftan s\u00f6zetmek m\u00fcmk\u00fcn de\u011fil. Ku\u015fkusuz\u00a0biraz da ilgisizlikten bu durum olu\u015fuyordu. Meslekten bir k\u00fct\u00fcphanecinin orada durmuyor olmas\u0131ndan da kaynaklan\u0131yordu bu durum. Heybeliada K\u00fct\u00fcphanesi&#8217;nde bir memur duruyordu,\u00a0k\u00fct\u00fcphanecilik e\u011fitimi alm\u0131\u015f \u00a0biri de\u011fildi ve daha \u00e7ok k\u00fct\u00fchaneyi a\u00e7\u0131p kapatan,\u00a0sobay\u0131 yakan\u00a0bir memurdu.<\/p>\n<p><strong>Peki bug\u00fcn orada yapmak istedi\u011finiz ne?<\/strong><\/p>\n<figure id=\"attachment_3846\" aria-describedby=\"caption-attachment-3846\" style=\"width: 428px\" class=\"wp-caption alignleft\"><img loading=\"lazy\" class=\"wp-image-3846\" src=\"http:\/\/dokuzadabirdeniz.com\/wp-content\/uploads\/DSC0831.jpg\" alt=\"_DSC0831\" width=\"428\" height=\"284\" srcset=\"https:\/\/dokuzadabirdeniz.com\/wp-content\/uploads\/DSC0831.jpg 1029w, https:\/\/dokuzadabirdeniz.com\/wp-content\/uploads\/DSC0831-150x100.jpg 150w, https:\/\/dokuzadabirdeniz.com\/wp-content\/uploads\/DSC0831-300x199.jpg 300w, https:\/\/dokuzadabirdeniz.com\/wp-content\/uploads\/DSC0831-1024x680.jpg 1024w, https:\/\/dokuzadabirdeniz.com\/wp-content\/uploads\/DSC0831-310x205.jpg 310w\" sizes=\"(max-width: 428px) 100vw, 428px\" \/><figcaption id=\"caption-attachment-3846\" class=\"wp-caption-text\"><em>Heybeliada k\u00fct\u00fcphane derne\u011finden Serenad Demirhan ve Ekin Dedeo\u011flu&#8230;<\/em><\/figcaption><\/figure>\n<p>Biz k\u00fct\u00fcphane\u00a0adan\u0131n k\u00fclt\u00fcrel mekan\u0131 olsun istiyoruz. Orada insanlar ar\u0131 kovan\u0131 gibi i\u015fleyen bir k\u00fclt\u00fcrel mekanda bulu\u015fsun, herkesin her ya\u015fta bir \u015feyler \u00f6\u011frenebilece\u011fi, at\u00f6lyeler a\u011f\u0131rl\u0131kl\u0131 bir yer kazans\u0131n istiyoruz. \u0130nsan\u0131n kendini geli\u015ftirdi\u011fi, yeti\u015ftirdi\u011fi bir k\u00fct\u00fcphane d\u00fc\u015fl\u00fcyoruz. Ger\u00e7ekten be\u015fikten mezara kadar insanlar\u0131n b\u00fct\u00fcn hayat\u0131 boyunca \u00f6\u011frenmek istedi\u011fi \u015feyleri bulabilece\u011fi bir alana ihtiyac\u0131m\u0131z var. K\u00fct\u00fcphanenin ya\u015famas\u0131 i\u00e7in halk\u0131n onu sahiplenip desteklemesi, i\u00e7eride de meslekten bir k\u00fct\u00fcphaneci olmas\u0131 gerekiyor. Bug\u00fcn T\u00fcrkiye&#8217;de\u00a0neredeyse t\u00fcm\u00a0halk k\u00fct\u00fcphanelerinde k\u00fct\u00fcphaneci \u00e7al\u0131\u015fm\u0131yor, herhangi bir memur \u00e7al\u0131\u015f\u0131yor. T\u00fcrkiye&#8217;de bir s\u00fcr\u00fc k\u00fct\u00fcphaneci mezun oluyor ama atanam\u0131yor. \u00a0Dolay\u0131s\u0131yla biz\u00a0Adal\u0131lar&#8217;\u0131n \u00e7abalar\u0131yla hem k\u00fct\u00fcphaneciyi zorlayacak, hem de\u00a0T\u00fcrkiye&#8217;de k\u00fct\u00fcphanecilerin \u00f6n ayak olabilece\u011fi bir model geli\u015ftirmek istiyoruz. Bu da ilk defa olan bir \u015feymi\u015f asl\u0131na bakarsan\u0131z. Bir b\u00f6lgede ya\u015fayan insanlar\u0131n ayaklan\u0131p biz k\u00fct\u00fcphane istiyoruz demesi ilk defa ya\u015fan\u0131yormu\u015f. Biz de yeni \u00f6\u011freniyoruz bunu ve bu nedenle\u00a0k\u00fct\u00fcphaneciler de \u00e7ok sahipleniyor bizim giri\u015fimimizi..<\/p>\n<p><strong>Restorasyonun k\u00fct\u00fcphane olmak \u00fczere ba\u015flad\u0131\u011f\u0131n\u0131 s\u00f6ylemi\u015ftiniz,\u00a0sonra ne oldu, bug\u00fcnk\u00fc durum ne?<\/strong><\/p>\n<p>Sonra bamba\u015fka bir \u015fey oldu, b\u00fcrokrasinin karanl\u0131k koridorlar\u0131nda her\u015fey yava\u015f yava\u015f de\u011fi\u015fmeye ba\u015flad\u0131&#8230;\u00a0A\u00e7\u0131k\u00e7as\u0131 \u00e7ok da \u00e7\u00f6zebildi\u011fimiz bir \u015fey de\u011fil. T\u00fcrkiye&#8217;de b\u00fcrokraside b\u00f6ylesi &#8220;yanl\u0131\u015f anla\u015f\u0131lmalar&#8221; olabiliyor. Hem valilikle, hem k\u00fclt\u00fcr bakanl\u0131\u011f\u0131 ile, hem k\u00fct\u00fcphaneler genel m\u00fcd\u00fcrl\u00fc\u011f\u00fc ile g\u00f6r\u00fc\u015ft\u00fck bite bu s\u00fcre\u00e7e. Hepsi de buran\u0131n k\u00fct\u00fcphane olmas\u0131 i\u00e7in u\u011fra\u015f verece\u011fini s\u00f6yledi, \u00a0dilek\u00e7eler yazd\u0131lar, talep ve tahsis metinleri yaz\u0131ld\u0131. Asl\u0131nda kimsenin k\u00fct\u00fcphaneye kar\u015f\u0131 \u00e7\u0131kt\u0131\u011f\u0131 da yoktu, ancak herkesin birbirine devretti\u011fi\u00a0bu binan\u0131n son olarak\u00a0tekrar Milli E\u011fitim Bakanl\u0131\u011f\u0131&#8217;na verildi\u011fini\u00a0ve k\u00fct\u00fcphane yap\u0131lmayaca\u011f\u0131n\u0131 \u00f6\u011frendik.<\/p>\n<p><strong><a href=\"http:\/\/dokuzadabirdeniz.com\/wp-content\/uploads\/DSC0844.jpg\"><img loading=\"lazy\" class=\"aligncenter size-full wp-image-3843\" src=\"http:\/\/dokuzadabirdeniz.com\/wp-content\/uploads\/DSC0844.jpg\" alt=\"_DSC0844\" width=\"1029\" height=\"683\" srcset=\"https:\/\/dokuzadabirdeniz.com\/wp-content\/uploads\/DSC0844.jpg 1029w, https:\/\/dokuzadabirdeniz.com\/wp-content\/uploads\/DSC0844-150x100.jpg 150w, https:\/\/dokuzadabirdeniz.com\/wp-content\/uploads\/DSC0844-300x199.jpg 300w, https:\/\/dokuzadabirdeniz.com\/wp-content\/uploads\/DSC0844-1024x680.jpg 1024w, https:\/\/dokuzadabirdeniz.com\/wp-content\/uploads\/DSC0844-310x205.jpg 310w\" sizes=\"(max-width: 1029px) 100vw, 1029px\" \/><\/a><br \/>\nBu kadar me\u015fru ve do\u011fru bir\u00a0talebin, genel olarak olumlu g\u00f6r\u00fclen bir s\u00fcrecin ba\u015f\u0131na gelenler \u00e7ok garip &#8230; <\/strong><\/p>\n<p>Evet \u00e7ok garip. T\u00fcrkiye&#8217;nin hikayesini g\u00f6rd\u00fck k\u00fct\u00fcphane s\u00fcrecinde asl\u0131nda. Bir yan\u0131 imar ve m\u00fclkiyet meselesine, di\u011fer yan\u0131 b\u00fcrokrasiye uzanan bir s\u00fcre\u00e7 ya\u015fad\u0131k. \u00a0Bu bina ba\u015flang\u0131\u00e7ta\u00a0\u0130l \u00d6zel \u0130daresine tahsisli bir binayd\u0131. \u0130l \u00d6zel \u0130dareleri kapat\u0131l\u0131rken, bir komisyon kuruluyor ve bina ge\u00e7mi\u015fte Milli E\u011fitim&#8217;e tahsisli oldu\u011fu i\u00e7in tekrar oraya devrediliyor.\u00a0Restorasyondan sonra bize bina tekrar K\u00fclt\u00fcr Bakanl\u0131\u011f\u0131&#8217;na devredilecek, tapu devri yap\u0131lacak ve\u00a0k\u00fct\u00fcphaneye d\u00f6n\u00fc\u015fecek dendi, ancak bu ger\u00e7ekle\u015fmedi.\u00a0Dilek\u00e7eyi yazd\u0131 K\u00fclt\u00fcr Bakanl\u0131\u011f\u0131 Milli E\u011fitim&#8217;e &#8220;Buray\u0131 k\u00fct\u00fcphane olarak bize verin&#8221; dedi ancak verilmedi.\u00a0Ge\u00e7en\u00a0Kas\u0131m ay\u0131nda da Milli E\u011fitim Bakanl\u0131\u011f\u0131 kesin olarak &#8220;vermiyoruz&#8221; dedi.<br \/>\n<strong>Ada&#8217;n\u0131n tepesine b\u00fct\u00fcn ada n\u00fcfusunu i\u00e7ine alacak b\u00fcy\u00fckl\u00fckte devasa bir okul yap\u0131ld\u0131, ayr\u0131ca adada Anadolu Lisesi var, ortaokul var, ilkokul var, lojmanlar var.\u00a0Bu kadar binas\u0131 olmas\u0131na ra\u011fmen Milli E\u011fitim neden k\u00fct\u00fcphaneye s\u0131cak bakm\u0131yor sizce?\u00a0<\/strong><\/p>\n<p>Muhtemelen ba\u015fka hesaplar, tart\u0131\u015fmalar vs. oldu\u011funu d\u00fc\u015f\u00fcn\u00fcyoruz idare b\u00fcnyesinde. Ancak biz k\u00fct\u00fcphanesi olmayan bir k\u00fct\u00fcphane derne\u011fi olarak zaten uzun soluklu bir s\u00fcre\u00e7 olarak d\u00fc\u015f\u00fcnd\u00fck \u00a0bu giri\u015fimi. Bir\u00e7ok etkinlik d\u00fczenledik, bir\u00e7ok s\u00f6yle\u015fi,\u00a0k\u00fct\u00fcphanecilik nedir ne de\u011fildir \u00f6\u011frenmeye \u00e7al\u0131\u015ft\u0131k. Halk k\u00fct\u00fcphanecili\u011fi konusunda \u00e7al\u0131\u015fm\u0131\u015f isimleri davet edip bilgilenmeye \u00e7al\u0131\u015ft\u0131k. Bir\u00e7ok at\u00f6lyeler yapt\u0131k, \u00e7ocuklarla \u00e7al\u0131\u015ft\u0131k, edebiyat ve sanat etkinlileri,\u00a0at\u00f6lyeleri d\u00fczenledik. Bunlar\u0131 yapmaya halen devam ediyoruz. Di\u011fer yandan\u00a0b\u00fcrokrasiyle g\u00f6r\u00fc\u015fmeye de devam ediyoruz.. Ada halk\u0131 da bu s\u00fcreci destekliyor, herkes \u00e7ok verici ve payla\u015f\u0131mc\u0131. Bir at\u00f6lye yapmak istedi\u011fimiz zaman fizik\u00e7isi, edebiyat\u00e7\u0131\u015f\u0131, matematik\u00e7isi, \u0130ngilizce dersi verebilecek insanlar hepsi g\u00f6n\u00fcll\u00fc \u00e7al\u0131\u015fmalara kat\u0131l\u0131yorlar.<\/p>\n<p><strong>\u00d6n\u00fcm\u00fczdeki d\u00f6nemde neler yapmay\u0131 d\u00fc\u015f\u00fcn\u00fcyorsunuz?<\/strong><\/p>\n<p>Adalarda STK&#8217;larla\u00a0ortak \u00e7al\u0131\u015fmalar yapmay\u0131 d\u00fc\u015f\u00fcn\u00fcyoruz. Tarih ve edebiyat \u00e7al\u0131\u015fmalar\u0131 devam ediyor. Bir gezici k\u00fct\u00fcphane projemiz var. K\u00fct\u00fcpaneciler derne\u011fi ile ortak \u00e7al\u0131\u015fmalar yap\u0131yoruz. Bir de mahkeme s\u00fcrciyle ilgili neler yapabilece\u011fimizi konu\u015fuyoruz binay\u0131 geri almak i\u00e7in.\u00a0Kolay de\u011fil bu zamanda bu kadar g\u00f6n\u00fcll\u00fc eme\u011fi bir araya getirmek. Heybeliada k\u00fct\u00fcphanesini istiyor, biz de\u00a0inatla istemeye devam edece\u011fiz, ba\u015fka yolu yok..<\/p>\n","protected":false},"excerpt":{"rendered":"<p>Heybeliada&#8217;da ya\u015fayanlar\u00a0uzun s\u00fcredir kullan\u0131lmayan k\u00fct\u00fcphane binas\u0131n\u0131, 2013\u2019ten bu yana\u00a0yine k\u00fct\u00fcphane olarak geri kazanmaya \u00e7al\u0131\u015f\u0131yor. Ge\u00e7mi\u015fte 30 y\u0131la yak\u0131n bir\u00a0s\u00fcre\u00a0k\u00fct\u00fcphane olarak hizmet veren ve\u00a0Adal\u0131lar&#8217;\u0131n k\u00fct\u00fcphane olarak bildi\u011fi Triandafilidis K\u00f6\u015fk\u00fc, Heybeliadal\u0131lar&#8217;\u0131n \u00e7abalar\u0131yla bah\u00e7esine \u00e7\u00f6p bo\u015falt\u0131lan ve y\u0131k\u0131lmak \u00fczere olan bir bina olmaktan kurtuldu. \u00a02008\u2019den bu yana\u00a0bo\u015f olan \u00a0binan\u0131n tekrar\u00a0k\u00fct\u00fcphane olarak hizmet vermesi i\u00e7in \u00a02013 y\u0131l\u0131nda kurulan\u00a0Heybeliada K\u00fct\u00fcphane &hellip;<\/p>\n","protected":false},"author":1,"featured_media":3842,"comment_status":"open","ping_status":"open","sticky":false,"template":"","format":"standard","meta":{"_monsterinsights_skip_tracking":false,"_monsterinsights_sitenote_active":false,"_monsterinsights_sitenote_note":"","_monsterinsights_sitenote_category":0},"categories":[102,1,17,3,49,15,83],"tags":[124,121],"_links":{"self":[{"href":"https:\/\/dokuzadabirdeniz.com\/index.php?rest_route=\/wp\/v2\/posts\/3841"}],"collection":[{"href":"https:\/\/dokuzadabirdeniz.com\/index.php?rest_route=\/wp\/v2\/posts"}],"about":[{"href":"https:\/\/dokuzadabirdeniz.com\/index.php?rest_route=\/wp\/v2\/types\/post"}],"author":[{"embeddable":true,"href":"https:\/\/dokuzadabirdeniz.com\/index.php?rest_route=\/wp\/v2\/users\/1"}],"replies":[{"embeddable":true,"href":"https:\/\/dokuzadabirdeniz.com\/index.php?rest_route=%2Fwp%2Fv2%2Fcomments&post=3841"}],"version-history":[{"count":7,"href":"https:\/\/dokuzadabirdeniz.com\/index.php?rest_route=\/wp\/v2\/posts\/3841\/revisions"}],"predecessor-version":[{"id":3901,"href":"https:\/\/dokuzadabirdeniz.com\/index.php?rest_route=\/wp\/v2\/posts\/3841\/revisions\/3901"}],"wp:featuredmedia":[{"embeddable":true,"href":"https:\/\/dokuzadabirdeniz.com\/index.php?rest_route=\/wp\/v2\/media\/3842"}],"wp:attachment":[{"href":"https:\/\/dokuzadabirdeniz.com\/index.php?rest_route=%2Fwp%2Fv2%2Fmedia&parent=3841"}],"wp:term":[{"taxonomy":"category","embeddable":true,"href":"https:\/\/dokuzadabirdeniz.com\/index.php?rest_route=%2Fwp%2Fv2%2Fcategories&post=3841"},{"taxonomy":"post_tag","embeddable":true,"href":"https:\/\/dokuzadabirdeniz.com\/index.php?rest_route=%2Fwp%2Fv2%2Ftags&post=3841"}],"curies":[{"name":"wp","href":"https:\/\/api.w.org\/{rel}","templated":true}]}}