{"id":3818,"date":"2016-02-18T02:59:30","date_gmt":"2016-02-18T00:59:30","guid":{"rendered":"http:\/\/dokuzadabirdeniz.com\/?p=3818"},"modified":"2016-02-18T02:59:30","modified_gmt":"2016-02-18T00:59:30","slug":"ergene-nehrinin-marmaraya-dokulmesi-marmaraya-son-darbe","status":"publish","type":"post","link":"https:\/\/dokuzadabirdeniz.com\/?p=3818","title":{"rendered":"Ergene Nehri\u2019nin Marmara\u2019ya d\u00f6k\u00fclmesi: Marmara\u2019ya son darbe!"},"content":{"rendered":"<div class=\"td-post-author-name\"><\/div>\n<div class=\"td-post-date\"><time class=\"entry-date updated td-module-date\" datetime=\"2015-05-19T12:33:26+00:00\"><em>19 May\u0131s 2015, Gaia Dergi &#8211;<\/em> Gamzeg\u00fcl K\u0131z\u0131lc\u0131k<\/time><\/div>\n<p><strong>Ergene Nehri\u2019nin kirlili\u011fi defalarca kan\u0131tlanm\u0131\u015f suyunun Marmara Denizi\u2019ne d\u00f6k\u00fclmesi g\u00fcndemde. Etraf\u0131nda bulunan herkese hastal\u0131k ve kirlili\u011fini ta\u015f\u0131yan Ergene, Marmara\u2019ya d\u00f6k\u00fcld\u00fc\u011f\u00fc takdirde etkileri de h\u0131zla artacak.<\/strong><\/p>\n<p>Trakya\u2019n\u0131n ba\u015fl\u0131ca \u00e7evre\u00a0sorunu olan Ergene Nehri kirlili\u011fi i\u00e7in; \u00c7orlu\u2019da TTB, TMMOB, MAREM (Marmara Environmental Monitoring) projesi, yani Marmara Do\u011fa G\u00f6zlem grubu yetkilileri, Ergene ve Trakya Platformu kat\u0131l\u0131m\u0131yla bir rapor\u00a0haz\u0131rland\u0131. Tekirda\u011f Valili\u011fi koordinat\u00f6rl\u00fc\u011f\u00fcnde Tekirda\u011f Ergene Derin Deniz De\u015farj A\u015e taraf\u0131ndan Ergene Nehri\u2019nden de\u015farj\u0131n yap\u0131laca\u011f\u0131 \u015eerefli Deresi ve Marmara Denizi k\u0131y\u0131s\u0131nda incelemeler yapan komisyonun raporunda ranttan kansere, a\u011f\u0131r metallerden Marmara\u2019ya pek \u00e7ok\u00a0\u00f6nemli uyar\u0131 yer al\u0131yor.<\/p>\n<p>Ergene Nehri\u2019nin suyunun Marmara\u2019ya d\u00f6k\u00fclmesi h\u00e2linde Marmara Denizi\u2019nin \u00f6lece\u011fini belirten uzmanlar, hatta \u00f6nlem al\u0131nmazsa \u00e7evrede canl\u0131 kalmayaca\u011f\u0131n\u0131n da alt\u0131n\u0131 \u00e7izdi.<\/p>\n<p><a href=\"http:\/\/dokuzadabirdeniz.com\/wp-content\/uploads\/Ergene-Nehri-11-2.jpg\" rel=\"attachment wp-att-3819\"><img loading=\"lazy\" class=\"aligncenter size-full wp-image-3819\" src=\"http:\/\/dokuzadabirdeniz.com\/wp-content\/uploads\/Ergene-Nehri-11-2.jpg\" alt=\"Ergene-Nehri-11-2\" width=\"1200\" height=\"600\" srcset=\"https:\/\/dokuzadabirdeniz.com\/wp-content\/uploads\/Ergene-Nehri-11-2.jpg 1200w, https:\/\/dokuzadabirdeniz.com\/wp-content\/uploads\/Ergene-Nehri-11-2-150x75.jpg 150w, https:\/\/dokuzadabirdeniz.com\/wp-content\/uploads\/Ergene-Nehri-11-2-300x150.jpg 300w, https:\/\/dokuzadabirdeniz.com\/wp-content\/uploads\/Ergene-Nehri-11-2-1024x512.jpg 1024w, https:\/\/dokuzadabirdeniz.com\/wp-content\/uploads\/Ergene-Nehri-11-2-660x330.jpg 660w, https:\/\/dokuzadabirdeniz.com\/wp-content\/uploads\/Ergene-Nehri-11-2-1050x525.jpg 1050w\" sizes=\"(max-width: 1200px) 100vw, 1200px\" \/><\/a><\/p>\n<p><strong>Rapordan baz\u0131 sat\u0131r ba\u015flar\u0131 ile baz\u0131 uzman g\u00f6r\u00fc\u015fleri ise \u015fu \u015fekilde:<\/strong><\/p>\n<p>Y\u0131ld\u0131z Da\u011flar\u0131 yeralt\u0131 ve yer\u00fcst\u00fc zenginlikleriyle Trakya\u2019n\u0131n ya\u015fam\u00a0kayna\u011f\u0131, Ergene Nehri ise bu ekosistemin atardamar\u0131d\u0131r. Yakla\u015f\u0131k 300 bin dekarl\u0131k tar\u0131m alanlar\u0131n\u0131 besler. Ergene, 20 y\u0131ld\u0131r sanayi, evsel-tar\u0131msal ila\u00e7, g\u00fcbre at\u0131klar\u0131 ile kirletilmi\u015ftir. Ergene Acil Eylem\u00a0Plan\u0131 \u00e7er\u00e7evesinde bug\u00fcne dek etkin bir faaliyetin g\u00f6r\u00fclmedi\u011fi anla\u015f\u0131lm\u0131\u015ft\u0131r.<br \/>\nDS\u0130 verilerine g\u00f6re Ergene nehri y\u0131llard\u0131r IV. S\u0131n\u0131f k\u0131ta i\u00e7i kirli sudur ve hi\u00e7bir ama\u00e7 i\u00e7in kullan\u0131lamaz.<\/p>\n<p>End\u00fcstriyel at\u0131klar\u0131n ar\u0131t\u0131lmadan dere, g\u00f6let, nehir ve denize verilmesi h\u00e2linde; toksik kimyasallar bu alanlara ta\u015f\u0131n\u0131r. Bu kirli y\u00fczey sular\u0131n tar\u0131msal sulamada kullan\u0131lmas\u0131yla tar\u0131m topraklar\u0131 a\u011f\u0131r d\u00fczeyde kirlenir. A\u011f\u0131r metallerle kirlenmi\u015f toprak, kay\u0131pt\u0131r. B\u00f6lgedeki a\u011f\u0131r metaller ve kanser konusunda insan kaynakl\u0131 \u00e7al\u0131\u015fmalar yap\u0131lm\u0131\u015ft\u0131r.<\/p>\n<p>Meri\u00e7 ve Tunca nehirlerindeki a\u011f\u0131r metallerin su ve bal\u0131k t\u00fcrlerindeki etkisini inceleyen<strong>Saniye Sibel Arabac\u0131<\/strong>\u2018n\u0131n y\u00fcksek lisans tezinde bal\u0131k numunelerinde \u00f6l\u00e7\u00fclen kadmiyum, kur\u015fun ve \u00e7inko konsantrasyonlar\u0131 Tar\u0131m ve K\u00f6y \u0130\u015fleri Bakanl\u0131\u011f\u0131n\u0131n<strong>\u00a01991 y\u0131l\u0131 200.884\u00a0<\/strong>say\u0131l\u0131 Resmi Gazete\u2019de yay\u0131nlanan tebli\u011findeki bal\u0131k ve yumu\u015fak\u00e7alar i\u00e7in \u00f6nerdi\u011fi kabul edilebilir de\u011ferlerin \u00fczerinde bulunmu\u015ftur\u00a0<strong>(Arabac\u0131, 2011).<\/strong><\/p>\n<p>Marmara i\u00e7 denizimiz. U\u011frad\u0131\u011f\u0131 a\u015f\u0131r\u0131 kirlenme kar\u015f\u0131s\u0131nda kendi oksijen g\u00fcc\u00fc yetersiz. 1983\u2019ten bu yana\u00a0<strong>Marmara\u2019n\u0131n 25 metreden derin sular\u0131 pek \u00e7ok deniz canl\u0131s\u0131 i\u00e7in ya\u015fanamayacak duruma gelmi\u015ftir<\/strong>. Bunda en \u00f6nemli etken, Hali\u00e7\u2019ten \u00e7\u0131kan at\u0131klar\u0131n Marmara\u2019ya at\u0131lmas\u0131. Ama\u00e7 kirli suyu s\u00fcz\u00fcp kat\u0131 maddeleri tutmaksa; zaten can \u00e7eki\u015fen Marmara\u2019ya son \u00f6l\u00fcmc\u00fcl darbe olacakt\u0131r. Bu yakla\u015f\u0131m sorun \u00e7\u00f6zmek de\u011fil, saklamak, ba\u015fka sorunlara yol a\u00e7makt\u0131r. Tekirda\u011f b\u00f6lgesinde Marmara Denizi hedefli\u00a0<strong>\u201cderin deniz de\u015farj\u0131\u201d<\/strong>olana\u011f\u0131 bulunmamaktad\u0131r.<\/p>\n<p>\u00c7orlu ve civar\u0131nda yeti\u015fen bitkilerdeki a\u011f\u0131r metal d\u00fczeyleri ile ilgili\u00a0<strong>Semra \u00c7al\u0131\u015fkan\u2019\u0131n<\/strong>y\u00fcksek lisans tezinde Yumrulu ve Yaprakl\u0131 Bitkiler ile Tah\u0131llar\u0131n tamam\u0131nda\u00a0<strong>T\u00fcrk G\u0131da Kodeksi limitlerini a\u015fan\u00a0<\/strong>kur\u015fun de\u011ferleri saptanm\u0131\u015ft\u0131r. \u00c7orlu\u2019da yeti\u015fen bitki \u00f6rneklerinde kur\u015fun, kadmiyum ve kurum d\u00fczeyleri olduk\u00e7a y\u00fcksek bulunmu\u015ftur. Bahsi ge\u00e7en tezde\u00a0<em>\u201cBu nedenle baz\u0131 yenilebilir bitki \u00f6rneklerinde bulunan a\u011f\u0131r metal d\u00fczeyleri\u00a0<\/em><strong><em>halk sa\u011fl\u0131\u011f\u0131 a\u00e7\u0131s\u0131ndan risk olu\u015fturma olas\u0131l\u0131\u011f\u0131 vard\u0131r\u201d<\/em>\u00a0<\/strong>uyar\u0131s\u0131 2007 y\u0131l\u0131nda yap\u0131lm\u0131\u015ft\u0131r.<\/p>\n<p>Trakya \u00dcniversitesi taraf\u0131ndan H. H. Tok\u2019un \u00f6nc\u00fcl\u00fc\u011f\u00fcnde 2001\u2019de y\u00fcr\u00fct\u00fclen, sulama suyunda ve pirin\u00e7te a\u011f\u0131r metal d\u00fczeylerini ara\u015ft\u0131ran \u00e7al\u0131\u015fmada; prin\u00e7te demir, mangan \u00e7inko, kur\u015fun, nikel ve bak\u0131r y\u00fcksek bulunmu\u015ftur\u00a0<strong>(Tok. 2004).<\/strong><\/p>\n<p>2011 y\u0131l\u0131nda<strong>\u00a0\u00dcmit Veysel Filiz<\/strong>\u2018in \u00a0haz\u0131rlad\u0131\u011f\u0131 y\u00fcksek lisans tezinde y\u00f6rede yeti\u015ftirilen \u00e7eltik bitkisinde baz\u0131 a\u011f\u0131r metallerin toksik d\u00fczeyde oldu\u011fu saptanm\u0131\u015ft\u0131r. Bunlar kadmiyum, kobalt, krom, nikel, bak\u0131r ve demir olarak say\u0131lm\u0131\u015ft\u0131r<strong>\u00a0(Filiz. 2011).<\/strong><\/p>\n<p>B\u00f6lgedeki a\u011f\u0131r metaller ve kanser konusunda Prof. Dr. Faruk Yorulmaz ve arkada\u015flar\u0131n\u0131n \u00c7orlu b\u00f6lgesindeki yapm\u0131\u015f oldu\u011fu \u00e7al\u0131\u015fmada; kendisinde ve ayn\u0131 hanede oturan birinci derecedeki akrabas\u0131nda<strong>\u00a0kanser olanlar\u0131n dereye ortalama uzakl\u0131\u011f\u0131 750 metre<\/strong>\u00a0olarak tespit edilmi\u015f.<\/p>\n<p>Prof. Dr. Osman \u0130nci ve arkada\u015flar\u0131n\u0131n yapm\u0131\u015f oldu\u011fu \u00e7al\u0131\u015fmalarda, b\u00f6lgedeki a\u011f\u0131r metal kirlili\u011finin Mesane kanseri, b\u00f6brek, prostat t\u00fcm\u00f6r\u00fc \u00fczerinde etkisi oldu\u011fu belirlenmi\u015f.<\/p>\n<p>Sivil toplum kurulu\u015flar\u0131 haz\u0131rlad\u0131klar\u0131 raporda Tekirda\u011f Valili\u011fi\u2019ni sa\u011fl\u0131k sorunlar\u0131na dikkat \u00e7ekerek uyar\u0131yor. STK\u2019lar, a\u011f\u0131r metallerin ar\u0131t\u0131lmadan Marmara\u2019ya d\u00f6k\u00fclmesi h\u00e2linde t\u00fcm bu sorunlar\u0131n Marmara b\u00f6lgesine h\u0131zla yay\u0131lmas\u0131ndan endi\u015fe ediyor.<\/p>\n<h3>D\u00fcnya otoritelerinin takdir etti\u011fi \u201chayat \u00f6p\u00fcc\u00fc\u011f\u00fc\u201d!<\/h3>\n<p>\u00d6nce H\u00fcrriyet Gazetesi\u2019nin payla\u015ft\u0131\u011f\u0131 bu habere istinaden bug\u00fcn sabah saatlerinde, Sabah Gazetesi\u2019ne konu\u015fan\u00a0<strong>Orman ve Su \u0130\u015fleri Bakanl\u0131\u011f\u0131 M\u00fcste\u015far\u0131 Prof. Dr. L\u00fctfi Ak\u00e7a<\/strong>\u00a0ise konuyla ilgili;<em>\u00a0\u201cErgene\u2019ye verdi\u011fimiz\u00a0<strong>\u2018hayat \u00f6p\u00fcc\u00fc\u011f\u00fc\u2019<\/strong>\u00a0nas\u0131l olur da<strong>\u00a0\u2018\u00f6l\u00fcmc\u00fcl darbe\u2019<\/strong>\u00a0olarak g\u00f6sterilir. Biz orada hem \u00e7arp\u0131k sanayile\u015fmeyi \u00f6nl\u00fcyoruz hem de kirlili\u011fe neden olan sanayinin y\u00fczde 90\u2019\u0131n\u0131 at\u0131k suyunu kurdu\u011fumuz 5 tesiste ar\u0131taca\u011f\u0131z. Ar\u0131t\u0131lm\u0131\u015f at\u0131k suyun Marmara\u2019ya hi\u00e7bir olumsuz etkisi yok\u201d<\/em>\u00a0dedi. Ayr\u0131ca Ak\u00e7a, CHP\u2019nin \u00e7arp\u0131k yap\u0131la\u015fmaya g\u00f6z yumdu\u011funu ve bunun da ka\u00e7ak sanayile\u015fme ile birlikte kirlili\u011fe neden oldu\u011funu savundu. 2011\u2019den bu yana Ergene\u2019yi kurtarmaya y\u00f6nelik \u00e7al\u0131\u015ft\u0131klar\u0131n\u0131 da iddia eden Ak\u00e7a Ergene suyunun Marmara\u2019ya d\u00f6k\u00fclecek olmas\u0131n\u0131n beraberinde getirdi\u011fi tehditler i\u00e7in de \u015f\u00f6yle konu\u015ftu:\u00a0<em>\u201cResmen\u00a0<strong>alg\u0131 cinayeti<\/strong>, i\u00e7inde bir tek do\u011fru bilgi yok. Projemiz d\u00fcnya otoriteleri taraf\u0131ndan takdir alan bir proje.\u201d<\/em><\/p>\n<p>&nbsp;<\/p>\n<p>link:\u00a0<a href=\"https:\/\/gaiadergi.com\/ergene-nehrinin-marmaraya-dokulmesi-marmaraya-son-darbe\/\" target=\"_blank\">https:\/\/gaiadergi.com\/ergene-nehrinin-marmaraya-dokulmesi-marmaraya-son-darbe\/<\/a><\/p>\n","protected":false},"excerpt":{"rendered":"<p>19 May\u0131s 2015, Gaia Dergi &#8211; Gamzeg\u00fcl K\u0131z\u0131lc\u0131k Ergene Nehri\u2019nin kirlili\u011fi defalarca kan\u0131tlanm\u0131\u015f suyunun Marmara Denizi\u2019ne d\u00f6k\u00fclmesi g\u00fcndemde. Etraf\u0131nda bulunan herkese hastal\u0131k ve kirlili\u011fini ta\u015f\u0131yan Ergene, Marmara\u2019ya d\u00f6k\u00fcld\u00fc\u011f\u00fc takdirde etkileri de h\u0131zla artacak. Trakya\u2019n\u0131n ba\u015fl\u0131ca \u00e7evre\u00a0sorunu olan Ergene Nehri kirlili\u011fi i\u00e7in; \u00c7orlu\u2019da TTB, TMMOB, MAREM (Marmara Environmental Monitoring) projesi, yani Marmara Do\u011fa G\u00f6zlem grubu yetkilileri, &hellip;<\/p>\n","protected":false},"author":1,"featured_media":3820,"comment_status":"open","ping_status":"open","sticky":false,"template":"","format":"standard","meta":{"_monsterinsights_skip_tracking":false,"_monsterinsights_sitenote_active":false,"_monsterinsights_sitenote_note":"","_monsterinsights_sitenote_category":0},"categories":[119],"tags":[],"_links":{"self":[{"href":"https:\/\/dokuzadabirdeniz.com\/index.php?rest_route=\/wp\/v2\/posts\/3818"}],"collection":[{"href":"https:\/\/dokuzadabirdeniz.com\/index.php?rest_route=\/wp\/v2\/posts"}],"about":[{"href":"https:\/\/dokuzadabirdeniz.com\/index.php?rest_route=\/wp\/v2\/types\/post"}],"author":[{"embeddable":true,"href":"https:\/\/dokuzadabirdeniz.com\/index.php?rest_route=\/wp\/v2\/users\/1"}],"replies":[{"embeddable":true,"href":"https:\/\/dokuzadabirdeniz.com\/index.php?rest_route=%2Fwp%2Fv2%2Fcomments&post=3818"}],"version-history":[{"count":1,"href":"https:\/\/dokuzadabirdeniz.com\/index.php?rest_route=\/wp\/v2\/posts\/3818\/revisions"}],"predecessor-version":[{"id":3821,"href":"https:\/\/dokuzadabirdeniz.com\/index.php?rest_route=\/wp\/v2\/posts\/3818\/revisions\/3821"}],"wp:featuredmedia":[{"embeddable":true,"href":"https:\/\/dokuzadabirdeniz.com\/index.php?rest_route=\/wp\/v2\/media\/3820"}],"wp:attachment":[{"href":"https:\/\/dokuzadabirdeniz.com\/index.php?rest_route=%2Fwp%2Fv2%2Fmedia&parent=3818"}],"wp:term":[{"taxonomy":"category","embeddable":true,"href":"https:\/\/dokuzadabirdeniz.com\/index.php?rest_route=%2Fwp%2Fv2%2Fcategories&post=3818"},{"taxonomy":"post_tag","embeddable":true,"href":"https:\/\/dokuzadabirdeniz.com\/index.php?rest_route=%2Fwp%2Fv2%2Ftags&post=3818"}],"curies":[{"name":"wp","href":"https:\/\/api.w.org\/{rel}","templated":true}]}}