{"id":3776,"date":"2016-02-18T01:00:48","date_gmt":"2016-02-17T23:00:48","guid":{"rendered":"http:\/\/dokuzadabirdeniz.com\/?p=3776"},"modified":"2019-10-02T23:17:07","modified_gmt":"2019-10-02T20:17:07","slug":"marmara-denizi-acilen-doga-koruma-alani-ilan-edilmeli","status":"publish","type":"post","link":"https:\/\/dokuzadabirdeniz.com\/?p=3776","title":{"rendered":"Marmara Denizi Acilen Do\u011fa Koruma Alan\u0131 \u0130lan Edilmeli"},"content":{"rendered":"<p>12 \u015eubat 2016 \/Bianet-Nilay Vardar<\/p>\n<p>&nbsp;<\/p>\n<p>MAREM Proje lideri Levent Art\u00fcz, \u201cE\u011fer \u00f6nlem al\u0131nmaz ise en iyimser tahmin ile on y\u0131l sonra bu yar\u0131da da korunacak pek bir \u015fey bulamayaca\u011f\u0131z\u201d diyor.<\/p>\n<p>Marmara Denizi\u2019nin De\u011fi\u015fen O\u015finografik \u015eartlar\u0131n\u0131n \u0130zlenmesi Projesi (MAREM), Marmara Denizi\u2019nin bat\u0131\u00a0kesiminin \u201cdo\u011fa koruma alan\u0131\u201d olarak tescil edilmesi i\u00e7in kampanya ba\u015flatt\u0131.<\/p>\n<p>Bir \u00fclkenin tek ba\u015f\u0131na sahip oldu\u011fu tek deniz olan Marmara Denizi\u2019nin bat\u0131s\u0131 planlanan k\u00f6m\u00fcr ve do\u011falgaz termik santralleri, gemi s\u00f6k\u00fcm ve metal\u00fcrji tesisleri, k\u00fcl depolama alanlar\u0131 ve \u00e7imento fabrikalar\u0131 ile b\u00fcy\u00fck tehdit alt\u0131nda.<\/p>\n<p>Bu sebeple MAREM,\u00a0<a href=\"https:\/\/www.change.org\/p\/marmara-denizi-yok-olmas%C4%B1n-sahip-%C3%A7%C4%B1k\" target=\"_blank\">change.org<\/a>\u2018da ba\u015flatt\u0131\u011f\u0131 kampanyada Marmara Denizi\u2019nin bat\u0131 kesiminde, kuzeyde Tekirda\u011f\/Kumba\u011f ve g\u00fcneyde Kap\u0131da\u011f Yar\u0131madas\u0131\u2019n\u0131n (Kap\u0131da\u011f yar\u0131madas\u0131 kuzey sahilleri de dahil olmak \u00fczere) bat\u0131s\u0131nda kalan denizel alan ve bu alan\u0131n sahil ve karada uzant\u0131s\u0131 da dahil olmak \u00fczere \u201cdo\u011fa koruma alan\u0131\u201d olarak tescil edilmesini istiyor.<\/p>\n<p>MAREM Proje lideri Levent Art\u00fcz bianet\u2019in sorular\u0131n\u0131 yan\u0131tlad\u0131.<\/p>\n<h2>Marmara denizi \u00e7ok \u00f6zel bir su kitlesi<\/h2>\n<p>Marmara Denizi\u2019nin bat\u0131 kesiminin neden bu stat\u00fcye ihtiyac\u0131 var?<\/p>\n<p>Marmara Denizi her bak\u0131mdan \u00e7ok \u00f6zel bir su k\u00fctlesidir. Bu \u00f6zellikler saymakla bitmez. Birka\u00e7\u0131n\u0131 \u00f6rnek verelim. Bir \u00fclkenin tek ba\u015f\u0131na sahip oldu\u011fu d\u00fcnyadaki tek deniz.<\/p>\n<p><a href=\"http:\/\/dokuzadabirdeniz.com\/wp-content\/uploads\/43408.jpg\" rel=\"attachment wp-att-3779\"><img loading=\"lazy\" class=\"size-full wp-image-3779 alignleft\" src=\"http:\/\/dokuzadabirdeniz.com\/wp-content\/uploads\/43408.jpg\" alt=\"43408\" width=\"250\" height=\"190\" srcset=\"https:\/\/dokuzadabirdeniz.com\/wp-content\/uploads\/43408.jpg 250w, https:\/\/dokuzadabirdeniz.com\/wp-content\/uploads\/43408-150x114.jpg 150w\" sizes=\"(max-width: 250px) 100vw, 250px\" \/><\/a>Farkl\u0131 yo\u011funluklarda Karadeniz ve Akdeniz su k\u00fctlelerinin \u00fcst \u00fcste iki farkl\u0131 deniz olu\u015fturdu\u011fu \u00e7ok nadir yap\u0131lardan biri. Dar ve s\u0131\u011f Bo\u011fazi\u00e7i ile Karadeniz, yine dar ve s\u0131\u011f \u00c7anakkale Bo\u011faz\u0131 ile Ege Denizi \u00fczerinden Akdeniz; bu yol \u00fczerinden S\u00fcvey\u015f Kanal\u0131 ile K\u0131z\u0131ldeniz ve pasifik Okyanusu; yine bu yol vas\u0131tas\u0131 ile Cebelli-Tar\u0131k bo\u011faz\u0131 arac\u0131l\u0131\u011f\u0131 ile Atlas Okyanusu ile biyolojik ili\u015fkide bulunan bir su k\u00fctlesi.<\/p>\n<p>Bir anlamda, konum bak\u0131m\u0131ndan d\u00fcnyan\u0131n tuz i\u00e7eri\u011fi bak\u0131m\u0131ndan en tatl\u0131 denizi Karadeniz gibi bir su k\u00fctlesi ile neredeyse en tuzlu denizi K\u0131z\u0131ldeniz aras\u0131nda yer almaktad\u0131r.<\/p>\n<p>D\u00fcnyan\u0131n en \u00f6nemli fay hatlar\u0131ndan biri olan \u201cKuzey Anadolu Fay\u0131\u201d bu denizimizi boydan boya kat etmektedir. Bunlar sadece bezersiz \u00f6zelliklerin \u00e7ok ufak bir b\u00f6l\u00fcm\u00fcd\u00fcr.<\/p>\n<h2>3 bireylik fok ailesi i\u00e7in bile bu stat\u00fc \u015fart<\/h2>\n<p>Ger\u00e7ekte Marmara Denizi bu stat\u00fcy\u00fc bo\u011fazlar\u0131 ile birlikte t\u00fcm\u00fc ile hak etmektedir. Ancak 1980\u2019li y\u0131llardan bu yana, do\u011fu kesiminde geriye korunacak pek bir \u015fey b\u0131rakmad\u0131k. Yanl\u0131\u015f anla\u015f\u0131lmas\u0131n, bat\u0131 kesiminin durumu da pek i\u00e7 a\u00e7\u0131c\u0131 de\u011fil. E\u011fer \u00f6nlem al\u0131nmaz ise en iyimser tahmin ile on y\u0131l sonra bu yar\u0131da da korunacak pek bir \u015fey bulamayaca\u011f\u0131z.<\/p>\n<p>Kimsenin umurunda olmayan, son kalan 3-5 tane Akdeniz Foku ve ma\u011faralar\u0131, yine son kalan\u00a0<em>Caretta caretta<\/em>\u00a0deniz kaplumba\u011falar\u0131, bunlar\u0131n birinci derece ya\u015fam alanlar\u0131 olan deniz \u00e7ay\u0131rlar\u0131 belki de bu son kalan kaplumba\u011falar\u0131n yumurta b\u0131rakt\u0131klar\u0131 kumsallar.<\/p>\n<p>Bunlar\u0131n hepsi umars\u0131zca in\u015fa edilmeye \u00e7al\u0131\u015f\u0131lan ve bu g\u00fcn sadece birka\u00e7 yerel dernek ve g\u00f6n\u00fcll\u00fcn\u00fcn \u00f6n\u00fcnde durdu\u011fu termik santraller, k\u00fcl depolama alanlar\u0131, \u00e7imento fabrikalar\u0131n\u0131n k\u0131saca \u201crant\u201d tehdidi alt\u0131nda.<\/p>\n<p>Son kalan Akdeniz Foku ailesinin ya\u015fad\u0131\u011f\u0131 ma\u011faran\u0131n \u00fczerine kurulmak istenen Karabiga\u2019daki termik santral bile bunun i\u00e7in yeterli de\u011fil mi? Sadece 3 bireylik oldu\u011fu san\u0131lan bir fok ailesi i\u00e7in bile bu stat\u00fcye ihtiyac\u0131m\u0131z yok mu? Kaybettiklerimizi geri getirmekten daha kolay\u0131, elimizdekini sak\u0131nmak de\u011fil mi?<\/p>\n<h2>1980\u2019de denize bi\u00e7ilen kefenin bedeni<\/h2>\n<p>Bug\u00fcne kadar neden b\u00f6yle bir stat\u00fcye kavu\u015fmad\u0131?<\/p>\n<p>Marmara Denizi hangi sorumlunun umurunda ki? Marmara Denizi neden kirletiliyor; \u0130stanbul da d\u00e2hil Marmara Denizi\u2019ni \u00e7evreleyen t\u00fcm yerle\u015fimlerin at\u0131klar\u0131 \u201cderin deniz de\u015farj\u0131\u201d aldatmacas\u0131 ile neden Marmara Denizi\u2019ne de\u015farj ediliyor; Marmaray\u2019\u0131n, Kurba\u011fal\u0131dere\u2019nin hafriyatlar\u0131 neden Marmara Denizi\u2019ne boca ediliyor; bu denizi kirletmemizin bal\u0131k\u00e7\u0131l\u0131k ekonomimize verdi\u011fi zarar nedir gibi ve benzeri sorular\u0131n i\u00e7inde bunun cevab\u0131 gizli.<\/p>\n<p>Bu stat\u00fcy\u00fc almas\u0131 i\u00e7in hangi kurum ne yapmal\u0131?<\/p>\n<p>B\u00f6lgenin bu stat\u00fcy\u00fc kazanabilmesi i\u00e7in yeterli derecede bilimsel yay\u0131n mevcut. Alt\u0131nda imzam\u0131z bulunan Uluslararas\u0131 anla\u015fmalar da gayet a\u00e7\u0131k. Kurumlar bu b\u00f6lgeye bakmal\u0131lar, hatta bakmak da yetmez g\u00f6rmeliler.<\/p>\n<p>T.C. Orman ve Su i\u015fleri Bakanl\u0131\u011f\u0131 bu stat\u00fcy\u00fc verecek ve onaylayacak kurum, \u00c7evre ve \u015eehircilik Bakanl\u0131\u011f\u0131 ise bu \u00f6zel deniz ba\u011flam\u0131nda \u201cyat\u0131r\u0131m\u201d ad\u0131 alt\u0131ndaki talana dur demesi gereken kurum.<\/p>\n<p>D\u00fcnden bug\u00fcne Marmara denizi\/bat\u0131s\u0131 ne gibi bir de\u011fi\u015fim ya\u015fad\u0131, neleri kaybetti?<\/p>\n<p>Denizin ak\u0131beti belli, bu 1980\u2019de bi\u00e7ilen kefenin bedeni. Marmara Denizi\u2019nin kaybettiklerini, bizim kaybettiklerimizi s\u0131ralamaya sayfalar yetmez. Marmara Denizi\u2019nin h\u00e2lihaz\u0131rdaki durumu vahim, hatta vahimden de \u00f6te. Bu kampanyam\u0131z olumlu olarak sonu\u00e7lan\u0131rsa sadece bir ad\u0131m at\u0131lm\u0131\u015f olacak. Sonras\u0131nda at\u0131lmas\u0131 gereken onlarca ad\u0131m mevcut. Bu kampanya bu nadide denizimizin, elde kalan son k\u0131r\u0131nt\u0131lar\u0131n\u0131n korunabilmesine y\u00f6nelik, akut bir giri\u015fim.<\/p>\n<p>Bu son kalan de\u011ferlerimizin elde tutulabilmesi i\u00e7in \u015fart. Bunlar\u0131 da kaybedersek geriye hi\u00e7bir \u015fey kalmayacak. Yeter mi? Tabii ki yetmez. Marmara Denizi\u2019nin bu b\u00fcy\u00fck kirlilik y\u00fck\u00fcnden acilen kurtar\u0131lmas\u0131 gerek. Gel-git s\u0131ras\u0131nda tek bir denizy\u0131ld\u0131z\u0131n\u0131 bile denize geri g\u00f6ndermek, do\u011fada \u00e7ok \u015feyin de\u011fi\u015fmesine vesile olabilir.<\/p>\n<p>Do\u011fa koruma alan\u0131 ne demek?<\/p>\n<p>\u201cDo\u011fal \u00e7evrenin koruma ve inceleme ama\u00e7lar\u0131yla korundu\u011fu alan. Bu alanlar, bilim ve e\u011fitim bak\u0131m\u0131ndan \u00f6nem ta\u015f\u0131yan, nadir bulunan, tehlikeye maruz kalan ve kaybolmaya y\u00fcz tutmu\u015f ekosistemler, t\u00fcrler ve do\u011fal olaylar\u0131n meydana getirdi\u011fi se\u00e7kin \u00f6rnekleri i\u00e7eren ve kesinlikle korunmas\u0131 gerekli olup, sadece bilimsel ve e\u011fitsel ama\u00e7larla kullan\u0131lmak \u00fczere ayr\u0131lm\u0131\u015f do\u011fa par\u00e7alar\u0131d\u0131r\u201d<\/p>\n<p>&nbsp;<\/p>\n<p>link:\u00a0\u00a0<a href=\"http:\/\/m.bianet.org\/biamag\/toplum\/172046-marmara-denizi-acilen-doga-koruma-alani-ilan-edilmeli\">Bianet\u00a0<\/a><\/p>\n","protected":false},"excerpt":{"rendered":"<p>12 \u015eubat 2016 \/Bianet-Nilay Vardar &nbsp; MAREM Proje lideri Levent Art\u00fcz, \u201cE\u011fer \u00f6nlem al\u0131nmaz ise en iyimser tahmin ile on y\u0131l sonra bu yar\u0131da da korunacak pek bir \u015fey bulamayaca\u011f\u0131z\u201d diyor. Marmara Denizi\u2019nin De\u011fi\u015fen O\u015finografik \u015eartlar\u0131n\u0131n \u0130zlenmesi Projesi (MAREM), Marmara Denizi\u2019nin bat\u0131\u00a0kesiminin \u201cdo\u011fa koruma alan\u0131\u201d olarak tescil edilmesi i\u00e7in kampanya ba\u015flatt\u0131. Bir \u00fclkenin tek ba\u015f\u0131na &hellip;<\/p>\n","protected":false},"author":1,"featured_media":3778,"comment_status":"open","ping_status":"open","sticky":false,"template":"","format":"standard","meta":{"_monsterinsights_skip_tracking":false,"_monsterinsights_sitenote_active":false,"_monsterinsights_sitenote_note":"","_monsterinsights_sitenote_category":0},"categories":[119,120],"tags":[],"_links":{"self":[{"href":"https:\/\/dokuzadabirdeniz.com\/index.php?rest_route=\/wp\/v2\/posts\/3776"}],"collection":[{"href":"https:\/\/dokuzadabirdeniz.com\/index.php?rest_route=\/wp\/v2\/posts"}],"about":[{"href":"https:\/\/dokuzadabirdeniz.com\/index.php?rest_route=\/wp\/v2\/types\/post"}],"author":[{"embeddable":true,"href":"https:\/\/dokuzadabirdeniz.com\/index.php?rest_route=\/wp\/v2\/users\/1"}],"replies":[{"embeddable":true,"href":"https:\/\/dokuzadabirdeniz.com\/index.php?rest_route=%2Fwp%2Fv2%2Fcomments&post=3776"}],"version-history":[{"count":1,"href":"https:\/\/dokuzadabirdeniz.com\/index.php?rest_route=\/wp\/v2\/posts\/3776\/revisions"}],"predecessor-version":[{"id":3783,"href":"https:\/\/dokuzadabirdeniz.com\/index.php?rest_route=\/wp\/v2\/posts\/3776\/revisions\/3783"}],"wp:featuredmedia":[{"embeddable":true,"href":"https:\/\/dokuzadabirdeniz.com\/index.php?rest_route=\/wp\/v2\/media\/3778"}],"wp:attachment":[{"href":"https:\/\/dokuzadabirdeniz.com\/index.php?rest_route=%2Fwp%2Fv2%2Fmedia&parent=3776"}],"wp:term":[{"taxonomy":"category","embeddable":true,"href":"https:\/\/dokuzadabirdeniz.com\/index.php?rest_route=%2Fwp%2Fv2%2Fcategories&post=3776"},{"taxonomy":"post_tag","embeddable":true,"href":"https:\/\/dokuzadabirdeniz.com\/index.php?rest_route=%2Fwp%2Fv2%2Ftags&post=3776"}],"curies":[{"name":"wp","href":"https:\/\/api.w.org\/{rel}","templated":true}]}}