{"id":3773,"date":"2016-02-18T00:35:13","date_gmt":"2016-02-17T22:35:13","guid":{"rendered":"http:\/\/dokuzadabirdeniz.com\/?p=3773"},"modified":"2019-10-05T02:12:58","modified_gmt":"2019-10-04T23:12:58","slug":"yasadisi-av-denizi-bitirdi","status":"publish","type":"post","link":"https:\/\/dokuzadabirdeniz.com\/?p=3773","title":{"rendered":"Yasad\u0131\u015f\u0131 av, denizi bitirdi&#8230;"},"content":{"rendered":"<p>16\/02\/2016 (Diken)<\/p>\n<p>Av sezonunun bitimine 58 g\u00fcn kala bal\u0131k fiyatlar\u0131 el yak\u0131yor. Uzmanlara g\u00f6re\u00a0son y\u0131llar\u0131n en verimsiz sezonu ya\u015fan\u0131yor. Sebep:\u00a0Yasad\u0131\u015f\u0131 bal\u0131k\u00e7\u0131l\u0131\u011f\u0131n denizleri t\u00fcketmesi.<\/p>\n<p>1 Eyl\u00fcl 2015\u2019te denize a\u00e7\u0131lan bal\u0131k\u00e7\u0131lar ve teknelerin\u00a0yolunu g\u00f6zleyen\u00a0t\u00fcketiciler, 228 g\u00fcn boyunca tezgahlar\u0131 \u015fenlendirecek bir av sezonu bekliyordu. Ancak y\u0131llard\u0131r devam eden\u00a0\u2018a\u015f\u0131r\u0131 avlanma\u2019\u00a0b\u00fcy\u00fck bir hayal k\u0131r\u0131kl\u0131\u011f\u0131\u00a0ya\u015fanmas\u0131na neden oldu.<\/p>\n<p>Hamsi, istavrit, uskumru, palamut, l\u00fcfer, barbun, mezgit gibi pek \u00e7ok bal\u0131k t\u00fcr\u00fc bu sezon tezg\u00e2hlarda pek yer alamad\u0131.<\/p>\n<h4>Denizler t\u00fckeniyor<\/h4>\n<p><a href=\"http:\/\/www.milliyet.com.tr\/bereketsiz-sezonun-nedeni-asiri-gundem-2194938\/\" target=\"_blank\">Milliyet\u2019ten G\u00f6khan Karaka\u015f\u2019\u0131n haberine g\u00f6re<\/a>\u00a0av sezonunu de\u011ferlendiren \u0130stanbul \u00dcniversitesi Su \u00dcr\u00fcnleri Fak\u00fcltesi Avlanma Teknolojisi Anabilim Dal\u0131 Ba\u015fkan\u0131 Prof. Dr. Saadet Karakulak,\u00a0\u201cBal\u0131k\u00e7\u0131l\u0131\u011f\u0131n bu y\u0131l d\u00fc\u015fmesinin ilk nedeni a\u015f\u0131r\u0131 avc\u0131l\u0131k ve y\u00fcksek bal\u0131k\u00e7\u0131l\u0131k kapasitesi. Av ara\u00e7lar\u0131n\u0131n se\u00e7ici olmamas\u0131, yasad\u0131\u015f\u0131, kay\u0131td\u0131\u015f\u0131 ve d\u00fczenlenemeyen avc\u0131l\u0131k denizlerimizi t\u00fcketiyor\u201d\u00a0dedi.<\/p>\n<p>Karakulak\u2019a g\u00f6re t\u00fcketici k\u00fc\u00e7\u00fck boy ve yasak t\u00fcrleri sat\u0131n almamal\u0131,\u00a0tezg\u00e2hta, markette, restoranda deniz \u00fcr\u00fcn\u00fcn\u00fcn yasal boylarda ve do\u011fru y\u00f6ntemlerle avlan\u0131p avlanmad\u0131\u011f\u0131 sorgulanmal\u0131.<\/p>\n<h4>Fiyatlar cep yak\u0131yor<\/h4>\n<p><a href=\"http:\/\/application2.ibb.gov.tr\/IBBWC\/HalFiyatlari.aspx\" target=\"_blank\">\u0130stanbul B\u00fcy\u00fck\u015fehir Belediyesi\u2019nin internet sitesinde yay\u0131nlanan listeye g\u00f6re<\/a>\u00a0toptan al\u0131mda buzhane hamsisi 15 TL\u2019den, k\u0131l\u0131\u00e7 bal\u0131\u011f\u0131 25 TL\u2019den, Akdeniz l\u00fcferi 25 TL\u2019den ba\u015flayan fiyatlarla sat\u0131l\u0131yor (kilogram baz\u0131nda).<\/p>\n<p><a href=\"http:\/\/dokuzadabirdeniz.com\/wp-content\/uploads\/tezgah.jpg\" rel=\"attachment wp-att-3774\"><img loading=\"lazy\" class=\"aligncenter size-full wp-image-3774\" src=\"http:\/\/dokuzadabirdeniz.com\/wp-content\/uploads\/tezgah.jpg\" alt=\"tezgah\" width=\"1000\" height=\"662\" srcset=\"https:\/\/dokuzadabirdeniz.com\/wp-content\/uploads\/tezgah.jpg 1000w, https:\/\/dokuzadabirdeniz.com\/wp-content\/uploads\/tezgah-150x99.jpg 150w, https:\/\/dokuzadabirdeniz.com\/wp-content\/uploads\/tezgah-300x199.jpg 300w, https:\/\/dokuzadabirdeniz.com\/wp-content\/uploads\/tezgah-310x205.jpg 310w\" sizes=\"(max-width: 1000px) 100vw, 1000px\" \/><\/a><\/p>\n<p>link:\u00a0<a href=\"http:\/\/www.diken.com.tr\/bereketsiz-sezonun-nedeni-asiri-avcilik\/\" target=\"_blank\">http:\/\/www.diken.com.tr\/bereketsiz-sezonun-nedeni-asiri-avcilik\/<\/a><\/p>\n","protected":false},"excerpt":{"rendered":"<p>16\/02\/2016 (Diken) Av sezonunun bitimine 58 g\u00fcn kala bal\u0131k fiyatlar\u0131 el yak\u0131yor. Uzmanlara g\u00f6re\u00a0son y\u0131llar\u0131n en verimsiz sezonu ya\u015fan\u0131yor. Sebep:\u00a0Yasad\u0131\u015f\u0131 bal\u0131k\u00e7\u0131l\u0131\u011f\u0131n denizleri t\u00fcketmesi. 1 Eyl\u00fcl 2015\u2019te denize a\u00e7\u0131lan bal\u0131k\u00e7\u0131lar ve teknelerin\u00a0yolunu g\u00f6zleyen\u00a0t\u00fcketiciler, 228 g\u00fcn boyunca tezgahlar\u0131 \u015fenlendirecek bir av sezonu bekliyordu. Ancak y\u0131llard\u0131r devam eden\u00a0\u2018a\u015f\u0131r\u0131 avlanma\u2019\u00a0b\u00fcy\u00fck bir hayal k\u0131r\u0131kl\u0131\u011f\u0131\u00a0ya\u015fanmas\u0131na neden oldu. Hamsi, istavrit, uskumru, palamut, &hellip;<\/p>\n","protected":false},"author":1,"featured_media":3774,"comment_status":"open","ping_status":"open","sticky":false,"template":"","format":"standard","meta":{"_monsterinsights_skip_tracking":false,"_monsterinsights_sitenote_active":false,"_monsterinsights_sitenote_note":"","_monsterinsights_sitenote_category":0},"categories":[119,120],"tags":[],"_links":{"self":[{"href":"https:\/\/dokuzadabirdeniz.com\/index.php?rest_route=\/wp\/v2\/posts\/3773"}],"collection":[{"href":"https:\/\/dokuzadabirdeniz.com\/index.php?rest_route=\/wp\/v2\/posts"}],"about":[{"href":"https:\/\/dokuzadabirdeniz.com\/index.php?rest_route=\/wp\/v2\/types\/post"}],"author":[{"embeddable":true,"href":"https:\/\/dokuzadabirdeniz.com\/index.php?rest_route=\/wp\/v2\/users\/1"}],"replies":[{"embeddable":true,"href":"https:\/\/dokuzadabirdeniz.com\/index.php?rest_route=%2Fwp%2Fv2%2Fcomments&post=3773"}],"version-history":[{"count":1,"href":"https:\/\/dokuzadabirdeniz.com\/index.php?rest_route=\/wp\/v2\/posts\/3773\/revisions"}],"predecessor-version":[{"id":3775,"href":"https:\/\/dokuzadabirdeniz.com\/index.php?rest_route=\/wp\/v2\/posts\/3773\/revisions\/3775"}],"wp:featuredmedia":[{"embeddable":true,"href":"https:\/\/dokuzadabirdeniz.com\/index.php?rest_route=\/wp\/v2\/media\/3774"}],"wp:attachment":[{"href":"https:\/\/dokuzadabirdeniz.com\/index.php?rest_route=%2Fwp%2Fv2%2Fmedia&parent=3773"}],"wp:term":[{"taxonomy":"category","embeddable":true,"href":"https:\/\/dokuzadabirdeniz.com\/index.php?rest_route=%2Fwp%2Fv2%2Fcategories&post=3773"},{"taxonomy":"post_tag","embeddable":true,"href":"https:\/\/dokuzadabirdeniz.com\/index.php?rest_route=%2Fwp%2Fv2%2Ftags&post=3773"}],"curies":[{"name":"wp","href":"https:\/\/api.w.org\/{rel}","templated":true}]}}