{"id":288,"date":"2015-09-03T00:03:17","date_gmt":"2015-09-02T21:03:17","guid":{"rendered":"http:\/\/dokuzadabirdeniz.com\/?p=288"},"modified":"2016-02-10T20:39:12","modified_gmt":"2016-02-10T18:39:12","slug":"yassiada-ve-sivriada-planlama-bu-degil","status":"publish","type":"post","link":"https:\/\/dokuzadabirdeniz.com\/?p=288","title":{"rendered":"Yass\u0131ada ve Sivriada: Planlama Bu De\u011fil!"},"content":{"rendered":"<p><span style=\"font-family: 'Palatino Linotype', 'Book Antiqua', Palatino, serif; font-size: 12pt;\"><strong>\u00c7are Olgun \u00c7al\u0131\u015fkan &#8211;<\/strong> <em>\u015eehir Planc\u0131lar\u0131 Odas\u0131 \u0130stanbul \u015eb. Y\u00f6netim Kurulu \u00dcyesi, Adalar Savunmas\u0131<\/em><\/span><\/p>\n<p><span style=\"font-family: 'Palatino Linotype', 'Book Antiqua', Palatino, serif; font-size: 12pt;\">Biri yass\u0131, di\u011feri sivri olan bu iki adan\u0131n adlar\u0131n\u0131, yerlerini, \u00fczerlerinde yap\u0131 olup olmad\u0131\u011f\u0131n\u0131, ge\u00e7mi\u015fte insan y\u00fcz\u00fc g\u00f6r\u00fcp g\u00f6rmediklerini, hangi hayvanlara-bitkilere yuva olduklar\u0131n\u0131, Karadeniz ile Marmara denizlerinin aras\u0131n\u0131 dolduran \u0130stanbul Bo\u011faz\u0131\u2019n\u0131n ak\u0131nt\u0131lar\u0131na durak olup olmad\u0131klar\u0131n\u0131, kent ve \u00fclke tarihinde adlar\u0131n\u0131n ge\u00e7ip ge\u00e7medi\u011fini ve en nihayetinde bu kenti ya da adalar\u0131n\u0131 planlayanlar\u0131n neleri reva g\u00f6r\u00fcp g\u00f6rmediklerini bir\u00e7o\u011fumuz son bir iki y\u0131lda duyar, konu\u015fur ve \u00f6\u011frenir olduk san\u0131r\u0131m. 15 y\u0131l\u0131n\u0131 bu \u015fehirde ge\u00e7irmi\u015f bir \u015fehir ve b\u00f6lge planc\u0131s\u0131 olarak en az\u0131ndan ben bu son y\u0131llara s\u0131\u011fan belle\u011fin i\u00e7inde bir yerlerdeyim ve bu iki adayla kar\u015f\u0131la\u015ft\u0131\u011f\u0131m andan beri anlamaya, anlatmaya ve ya\u015fatmaya \u00e7al\u0131\u015fanlarla bir olmaya u\u011fra\u015fanlar\u0131n taraf\u0131nda\u2026<a href=\"http:\/\/dokuzadabirdeniz.com\/wp-content\/uploads\/yassiada-projesi-karanliktan-aydinliga-gecis-7314661_x_o.jpg\"><img loading=\"lazy\" class=\"wp-image-3224 alignleft\" src=\"http:\/\/dokuzadabirdeniz.com\/wp-content\/uploads\/yassiada-projesi-karanliktan-aydinliga-gecis-7314661_x_o.jpg\" alt=\"yassiada-projesi-karanliktan-aydinliga-gecis-7314661_x_o\" width=\"386\" height=\"217\" srcset=\"https:\/\/dokuzadabirdeniz.com\/wp-content\/uploads\/yassiada-projesi-karanliktan-aydinliga-gecis-7314661_x_o.jpg 640w, https:\/\/dokuzadabirdeniz.com\/wp-content\/uploads\/yassiada-projesi-karanliktan-aydinliga-gecis-7314661_x_o-150x84.jpg 150w, https:\/\/dokuzadabirdeniz.com\/wp-content\/uploads\/yassiada-projesi-karanliktan-aydinliga-gecis-7314661_x_o-300x169.jpg 300w\" sizes=\"(max-width: 386px) 100vw, 386px\" \/><\/a><br \/>\n<\/span><\/p>\n<p><span style=\"font-family: 'Palatino Linotype', 'Book Antiqua', Palatino, serif; font-size: 12pt;\">Bu yaz\u0131n\u0131n derdi, ba\u015fta Yass\u0131ada ve Sivriada\u2019n\u0131n i\u00e7inde bulundu\u011fu s\u00fcreci d\u00fczeltmeyi, onlar\u0131 kurtarabilmeyi ve \u00f6te yandan da \u0130stanbul\u2019un t\u00fcm adalar\u0131n\u0131n (ileride belki de \u00fclkedeki di\u011fer t\u00fcm adalar\u0131n) tamam\u0131nda do\u011fan\u0131n ve sakin ya\u015famlar\u0131n ku\u015fat\u0131lmad\u0131\u011f\u0131 bir s\u00fcreci geli\u015ftirmeyi ama\u00e7layan Adalar Savunmas\u0131\u2019n\u0131n, planlama uzmanl\u0131k alan\u0131 i\u00e7inden verdi\u011fi m\u00fccadeleye destek olabilmektir.<\/span><\/p>\n<p><span style=\"font-family: 'Palatino Linotype', 'Book Antiqua', Palatino, serif; font-size: 12pt;\">Biri yass\u0131, di\u011feri sivri olan bu iki adan\u0131n adlar\u0131n\u0131, yerlerini, \u00fczerlerinde yap\u0131 olup olmad\u0131\u011f\u0131n\u0131, ge\u00e7mi\u015fte insan y\u00fcz\u00fc g\u00f6r\u00fcp g\u00f6rmediklerini, hangi hayvanlara-bitkilere yuva olduklar\u0131n\u0131, Karadeniz ile Marmara denizlerinin aras\u0131n\u0131 dolduran \u0130stanbul Bo\u011faz\u0131\u2019n\u0131n ak\u0131nt\u0131lar\u0131na durak olup olmad\u0131klar\u0131n\u0131, kent ve \u00fclke tarihinde adlar\u0131n\u0131n ge\u00e7ip ge\u00e7medi\u011fini ve en nihayetinde bu kenti ya da adalar\u0131n\u0131 planlayanlar\u0131n neleri reva g\u00f6r\u00fcp g\u00f6rmediklerini bir\u00e7o\u011fumuz son bir iki y\u0131lda duyar, konu\u015fur ve \u00f6\u011frenir olduk san\u0131r\u0131m. 15 y\u0131l\u0131n\u0131 bu \u015fehirde ge\u00e7irmi\u015f bir \u015fehir ve b\u00f6lge planc\u0131s\u0131 olarak en az\u0131ndan ben bu son y\u0131llara s\u0131\u011fan belle\u011fin i\u00e7inde bir yerlerdeyim ve bu iki adayla kar\u015f\u0131la\u015ft\u0131\u011f\u0131m andan beri anlamaya, anlatmaya ve ya\u015fatmaya \u00e7al\u0131\u015fanlarla bir olmaya u\u011fra\u015fanlar\u0131n taraf\u0131nda\u2026<\/span><\/p>\n<p><span style=\"font-family: 'Palatino Linotype', 'Book Antiqua', Palatino, serif; font-size: 12pt;\">Bu yaz\u0131n\u0131n derdi, ba\u015fta Yass\u0131ada ve Sivriada\u2019n\u0131n i\u00e7inde bulundu\u011fu s\u00fcreci d\u00fczeltmeyi, onlar\u0131 kurtarabilmeyi ve \u00f6te yandan da \u0130stanbul\u2019un t\u00fcm adalar\u0131n\u0131n (ileride belki de \u00fclkedeki di\u011fer t\u00fcm adalar\u0131n) tamam\u0131nda do\u011fan\u0131n ve sakin ya\u015famlar\u0131n ku\u015fat\u0131lmad\u0131\u011f\u0131 bir s\u00fcreci geli\u015ftirmeyi ama\u00e7layan Adalar Savunmas\u0131\u2019n\u0131n, planlama uzmanl\u0131k alan\u0131 i\u00e7inden verdi\u011fi m\u00fccadeleye destek olabilmektir.<br \/>\n<\/span><\/p>\n<p><span style=\"font-family: 'Palatino Linotype', 'Book Antiqua', Palatino, serif; font-size: 12pt;\"><a href=\"http:\/\/dokuzadabirdeniz.com\/wp-content\/uploads\/1376611_168953093303284_1778103046_n.jpg\"><img loading=\"lazy\" class=\"wp-image-3226 alignleft\" src=\"http:\/\/dokuzadabirdeniz.com\/wp-content\/uploads\/1376611_168953093303284_1778103046_n.jpg\" alt=\"1376611_168953093303284_1778103046_n\" width=\"435\" height=\"290\" srcset=\"https:\/\/dokuzadabirdeniz.com\/wp-content\/uploads\/1376611_168953093303284_1778103046_n.jpg 960w, https:\/\/dokuzadabirdeniz.com\/wp-content\/uploads\/1376611_168953093303284_1778103046_n-150x100.jpg 150w, https:\/\/dokuzadabirdeniz.com\/wp-content\/uploads\/1376611_168953093303284_1778103046_n-300x200.jpg 300w\" sizes=\"(max-width: 435px) 100vw, 435px\" \/><\/a>Bu iki adada d\u00fcnden bug\u00fcne olan biteni ad\u0131m ad\u0131m ve ya\u015fanan \u00f6nemli k\u0131r\u0131lmalarla k\u0131saca \u00f6zetleyerek girelim konuya ve sonra da planlama bu derde nas\u0131l yakla\u015f\u0131r, yakla\u015fmal\u0131d\u0131r diye soral\u0131m, yan\u0131tlar arayal\u0131m\u2026<\/span><\/p>\n<ul>\n<li><span style=\"font-family: 'Palatino Linotype', 'Book Antiqua', Palatino, serif; font-size: 12pt;\">Yass\u0131ada, askeri hizmetler i\u00e7in kullan\u0131lmak \u00fczere Milli Savunma Bakanl\u0131\u011f\u0131&#8217;na tahsis edilerek izinsiz her t\u00fcrl\u00fc kullan\u0131ma ve ziyarete kapat\u0131l\u0131r, y\u0131l 1947,<\/span><\/li>\n<li><span style=\"font-family: 'Palatino Linotype', 'Book Antiqua', Palatino, serif; font-size: 12pt;\">Sivriada\u2019n\u0131n, Adalar b\u00fct\u00fcnl\u00fc\u011f\u00fc i\u00e7inde korunmas\u0131 gerekli do\u011fal sit alan\u0131n\u0131n bir par\u00e7as\u0131 oldu\u011funa, yok edilmesinin veya b\u00fcy\u00fck \u00f6l\u00e7\u00fcde de\u011fi\u015ftirilmesinin uygun bulunmad\u0131\u011f\u0131na, bu nedenle ilgili koruma kurulundan izinsiz ta\u015f alma i\u015fleminin bile derhal durdurulmas\u0131na karar verilir, y\u0131l 1978 (Haydarpa\u015fa Gar\u2019\u0131 \u00f6n\u00fcndeki mendireklerdeki b\u00fcy\u00fck ta\u015flar Sivriada\u2019dan gemilerle ta\u015f\u0131nm\u0131\u015ft\u0131r y\u0131llar y\u0131llar \u00f6nce),<\/span><\/li>\n<li><span style=\"font-family: 'Palatino Linotype', 'Book Antiqua', Palatino, serif; font-size: 12pt;\">\u0130stanbul\u2019daki t\u00fcm adalar \u201c<strong><em>Korunmas\u0131 Gerekli Do\u011fal ve Tarihi Alan<\/em><\/strong>\u201d ilan edilir, y\u0131l 1979,<\/span><\/li>\n<li><span style=\"font-family: 'Palatino Linotype', 'Book Antiqua', Palatino, serif; font-size: 12pt;\">M\u00fclkiyeti Hazineye, kullan\u0131m hakk\u0131 Milli Savunma Bakanl\u0131\u011f\u0131\u2019na ait olan Yass\u0131ada, Sivriada ve Tav\u015fanadas\u0131&#8217;n\u0131n Adalar Belediyesi\u2019ne tahsisi i\u00e7in \u0130stanbul Valili\u011fi&#8217;ne yap\u0131lan talepten olumlu sonu\u00e7 al\u0131namaz, aylardan Temmuz, y\u0131l 2009,<\/span><\/li>\n<li><span style=\"font-family: 'Palatino Linotype', 'Book Antiqua', Palatino, serif; font-size: 12pt;\"><strong>Sivriada II. derece do\u011fal ve III. derece arkeolojik sit alan\u0131<\/strong> olarak ilan edilir, aylardan Aral\u0131k, y\u0131l 2009,<\/span><\/li>\n<li><span style=\"font-family: 'Palatino Linotype', 'Book Antiqua', Palatino, serif; font-size: 12pt;\">Yass\u0131ada\u2019daki Osmanl\u0131 ve Bizans D\u00f6nemine ait yap\u0131lar I. Derece tescilin eser, Yass\u0131ada Yarg\u0131lamalar\u0131yla an\u0131lan spor salonu 2. Derece tescilli eser olarak ilan edilir ve yap\u0131lacak her t\u00fcrl\u00fc in\u015faat ve fiziki \u00e7al\u0131\u015fmalarda koruma kurullar\u0131n\u0131n g\u00f6r\u00fc\u015f\u00fc ve izninin al\u0131nmas\u0131na, gerekli temizlik ve bak\u0131m hizmetlerinin acilen yap\u0131lmas\u0131 i\u00e7in ilgili kurumlar\u0131n harekete ge\u00e7irilmesine, alandaki k\u00fclt\u00fcr varl\u0131\u011f\u0131 niteli\u011fi ta\u015f\u0131mayan di\u011fer yap\u0131lara kurul g\u00f6r\u00fc\u015f\u00fc do\u011frultusunda i\u015flem yap\u0131labilece\u011fine karar verilir, aylardan May\u0131s, y\u0131l 2010,<\/span><\/li>\n<li><span style=\"font-family: 'Palatino Linotype', 'Book Antiqua', Palatino, serif; font-size: 12pt;\">Sivriada\u2019da bulunan Manast\u0131r, Kilise ve Sarn\u0131\u00e7 kal\u0131nt\u0131lar\u0131 I. Derece tescilin eser ilan edilir, aylardan Ocak, y\u0131l 2011,<\/span><\/li>\n<li><span style=\"font-family: 'Palatino Linotype', 'Book Antiqua', Palatino, serif; font-size: 12pt;\">Tarihi ve I. Derece Do\u011fal Sit Alan\u0131 olan Yass\u0131ada\u2019n\u0131n ayr\u0131ca III. Derece Arkeolojik Sit Alan\u0131 ilan edilmesine karar verilir, aylardan Mart, y\u0131l 2011,<\/span><\/li>\n<li><span style=\"font-family: 'Palatino Linotype', 'Book Antiqua', Palatino, serif; font-size: 12pt;\">Devlet hazinesi m\u00fclkiyetinde olan ve Askeri Alan olarak kullan\u0131lan Yass\u0131ada \u201cm\u00fcze olarak kullan\u0131lmak \u00fczere\u201d K\u00fclt\u00fcr ve Turizm Bakanl\u0131\u011f\u0131\u2019na tahsis edilir, aylardan Nisan, y\u0131l 2011,<\/span><\/li>\n<li><span style=\"font-family: 'Palatino Linotype', 'Book Antiqua', Palatino, serif; font-size: 12pt;\">D\u00f6nemin Ba\u015fbakan\u0131 Recep Tayyip Erdo\u011fan\u2019\u0131n Haziran 2011\u2019de \u201cT\u00fcrkiye Haz\u0131r Hedef 2023&#8243; temal\u0131 toplant\u0131da \u0130stanbul i\u00e7in a\u00e7\u0131klad\u0131\u011f\u0131 3 yeni projeden biri olarak \u201c<strong><em>Adalar Projesi<\/em><\/strong>\u201c kapsam\u0131nda Yass\u0131ada ve Sivriada&#8217;da kongre merkezleri, m\u00fcze, oteller, yat limanlar\u0131 yap\u0131laca\u011f\u0131n\u0131 duyurur,<\/span><\/li>\n<li><span style=\"font-family: 'Palatino Linotype', 'Book Antiqua', Palatino, serif; font-size: 12pt;\">Nihayet Adalar \u0130l\u00e7esi b\u00fct\u00fcn\u00fcnde kapsaml\u0131 bir fiziki plan y\u00fcr\u00fcrl\u00fc\u011fe girer, \u0130BB (\u0130stanbul B\u00fcy\u00fck\u015fehir Belediyesi) taraf\u0131ndan haz\u0131rlanan plan\u0131n ad\u0131 1\/5000 \u00f6l\u00e7ekli Adalar Koruma Ama\u00e7l\u0131 Naz\u0131m \u0130mar Plan\u0131\u2019d\u0131r, planda Yass\u0131ada I. Derece Do\u011fal Sit, Tarihi Sit ve 3. Derece Arkeolojik Sit Alan\u0131; Sivriada ise II. Derece Do\u011fal Sit ve 3. Derece Arkeolojik Sit Alan\u0131 olarak g\u00f6sterilmi\u015ftir ve her iki ada i\u00e7in de herhangi bir yap\u0131la\u015fma \u00f6nerilmez, aylardan Kas\u0131m, y\u0131l 2011,<\/span><\/li>\n<li><span style=\"font-family: 'Palatino Linotype', 'Book Antiqua', Palatino, serif; font-size: 12pt;\">Yass\u0131ada\u2019dan sonra Sivriada da K\u00fclt\u00fcr ve Turizm Bakanl\u0131\u011f\u0131\u2019na tahsis edilir, aylardan Ekim, y\u0131l 2012,<\/span><\/li>\n<li><span style=\"font-family: 'Palatino Linotype', 'Book Antiqua', Palatino, serif; font-size: 12pt;\">De\u011fi\u015ftirilen koruma y\u00f6netmeli\u011fi sonras\u0131nda Yass\u0131ada&#8217;n\u0131n I. Derece Do\u011fal Sit alan\u0131 olma \u00f6zelli\u011fi kald\u0131r\u0131larak &#8220;<strong><em>S\u00fcrd\u00fcr\u00fclebilir koruma ve kontroll\u00fc kullan\u0131m alan\u0131<\/em><\/strong>&#8220;na, yani yap\u0131la\u015fmaya imkan tan\u0131r hale getirilir ancak de\u011fi\u015fen y\u00f6netmeli\u011fin gerekli g\u00f6rd\u00fc\u011f\u00fc uzman ekip kurulmas\u0131 ve yerinde g\u00fcncel ara\u015ft\u0131rmalar\u0131n yap\u0131lmas\u0131 gibi ko\u015fullar sa\u011flanmad\u0131\u011f\u0131 halde bu de\u011fi\u015fiklik yap\u0131l\u0131r, aylardan Ekim, y\u0131l 2012,<\/span><\/li>\n<li><span style=\"font-family: 'Palatino Linotype', 'Book Antiqua', Palatino, serif; font-size: 12pt;\">Yass\u0131ada\u2019n\u0131n kamu yarar\u0131 da dikkate al\u0131narak <strong><em>tarihi sit stat\u00fcs\u00fcn\u00fcn kald\u0131r\u0131lmas\u0131na <\/em><\/strong>karar verilir, aylardan Kas\u0131m, y\u0131l 2012,<\/span><\/li>\n<li><span style=\"font-family: 'Palatino Linotype', 'Book Antiqua', Palatino, serif; font-size: 12pt;\">Ard\u0131ndan ilgili koruma kurulunca <strong><em>Sivriada\u2019n\u0131n da tarihi sit alan\u0131 olmad\u0131\u011f\u0131na <\/em><\/strong>karar verilir, aylardan Mart, y\u0131l 2013,<\/span><\/li>\n<li><span style=\"font-family: 'Palatino Linotype', 'Book Antiqua', Palatino, serif; font-size: 12pt;\">Ankara\u2019da, meclisten ge\u00e7irilen bir torba yasan\u0131n (6456 Say\u0131l\u0131) i\u00e7inde<strong><em> \u201cK\u00fclt\u00fcr ve Turizm Bakanl\u0131\u011f\u0131 taraf\u0131ndan yap-i\u015flet-devret modeli ile Yass\u0131ada ve Sivriada\u2019da k\u00fclt\u00fcrel ve turizm ama\u00e7l\u0131 yat\u0131r\u0131m ve hizmetler, 3621 say\u0131l\u0131 K\u0131y\u0131 Kanunu h\u00fck\u00fcmlerine ve di\u011fer mevzuatta yer alan k\u0131s\u0131tlama ve prosed\u00fcrlere tabi olmaks\u0131z\u0131n planlama, imar ve in\u015faat uygulamalar\u0131 bu kanun kapsam\u0131nda yapt\u0131r\u0131labilir\u201d <\/em><\/strong>h\u00fckm\u00fc getirilir. Bu durum, \u00fclkemizde yerel y\u00f6netimlerin, yerel halk\u0131n, kamu yarar\u0131n\u0131 g\u00f6zeten ilgili t\u00fcm mevzuat ve y\u00f6netmeliklerin, kanunlar\u0131n yok h\u00fckm\u00fcnde oldu\u011fu, do\u011frudan ve en \u00fcst d\u00fczeyde ayr\u0131cal\u0131k tan\u0131nan bir proje alan\u0131 yaratan belki de ilk \u00f6rnek d\u00fczenleme olarak tarihe ge\u00e7er, aylardan Nisan, y\u0131l 2013,<\/span><\/li>\n<li><span style=\"font-family: 'Palatino Linotype', 'Book Antiqua', Palatino, serif; font-size: 12pt;\">Giderek daha da savunmas\u0131z kalan Yass\u0131ada ve Sivri adaya ili\u015fkin, \u00c7evre ve \u015eehircilik Bakanl\u0131\u011f\u0131 taraf\u0131ndan uygulamadaki planlar\u0131 de\u011fi\u015ftiren bir \u201cplan revizyonu\u201d hamlesi gelir. Adalar ve \u0130stanbul B\u00fcy\u00fck\u015fehir Belediyeleri\u2019nin dahi haberi olmadan, alan ara\u015ft\u0131rmas\u0131 ve analizlerine gerek duyulmadan Ankara\u2019dan yap\u0131lan bu revizyonla Yass\u0131ada ve Sivriada\u2019n\u0131n \u201cTurizm+K\u00fclt\u00fcrel Tesis Alan\u0131\u201d kullan\u0131m\u0131na<\/span><br \/>\n<span style=\"font-family: 'Palatino Linotype', 'Book Antiqua', Palatino, serif; font-size: 12pt;\"> d\u00f6n\u00fc\u015ft\u00fcr\u00fclmesine imkan tan\u0131n\u0131r, aylardan Haziran y\u0131l 2013,<\/span><\/li>\n<li><span style=\"font-family: 'Palatino Linotype', 'Book Antiqua', Palatino, serif; font-size: 12pt;\">Bakanl\u0131k daha sonra kendi yapt\u0131\u011f\u0131 revizyonlar\u0131 da de\u011fi\u015ftirir, ayn\u0131 fonksiyonlar\u0131 koruyan bu yeni plan d\u00fczenlemelerinde Yass\u0131ada ve Sivriada\u2019n\u0131n kayal\u0131k ve iskele alanlar\u0131 da yap\u0131la\u015fabilir alana kat\u0131l\u0131r. Ayr\u0131ca her iki adada da, tapu kay\u0131tlar\u0131nda ger\u00e7ek y\u00fcz\u00f6l\u00e7\u00fcmlerinden daha b\u00fcy\u00fck alan b\u00fcy\u00fckl\u00fckleri yazd\u0131\u011f\u0131 i\u00e7in olsa gerek, tap<\/span><br \/>\n<span style=\"font-family: 'Palatino Linotype', 'Book Antiqua', Palatino, serif; font-size: 12pt;\"> kay\u0131tlar\u0131ndaki y\u00fcz\u00f6l\u00e7\u00fcm\u00fc de\u011ferleri dikkate al\u0131narak in\u015faat alan\u0131 belirlenecektir \u015feklinde bir h\u00fck\u00fcm getirilir, aylardan Ekim, y\u0131l 2013,<\/span><\/li>\n<li><span style=\"font-family: 'Palatino Linotype', 'Book Antiqua', Palatino, serif; font-size: 12pt;\">Plan revizyonlar\u0131yla turizm ve kongre merkezi \u00fcst ba\u015fl\u0131kl\u0131 her t\u00fcrden kullan\u0131ma a\u00e7\u0131k hale gelen Yass\u0131ada\u2019n\u0131n ad\u0131 \u00abDemokrasi ve \u00d6zg\u00fcrl\u00fck Adas\u0131\u00bb olarak de\u011fi\u015ftirilir, aylardan Kas\u0131m, y\u0131l 2013,<\/span><\/li>\n<li><span style=\"font-family: 'Palatino Linotype', 'Book Antiqua', Palatino, serif; font-size: 12pt;\">Bu plan m\u00fcdahaleleriyle imara a\u00e7\u0131lan Yass\u0131ada ve Sivriada\u2019da h\u00fck\u00fcmet\u00e7e yap\u0131m\u0131 d\u00fc\u015f\u00fcn\u00fclen projelerin in\u015faat temeli Ba\u015fbakan Ahmet Davuto\u011flu taraf\u0131ndan at\u0131l\u0131r, aylardan may\u0131s, y\u0131l 2015<\/span><\/li>\n<li><span style=\"font-family: 'Palatino Linotype', 'Book Antiqua', Palatino, serif; font-size: 12pt;\">Adalar Savunmas\u0131\u2019n\u0131n organize etti\u011fi, \u00e7ok say\u0131da \u0130BB Meclis \u00dcyesi, milletvekilleri, meslek odas\u0131 uzman\u0131, hukuk ve bas\u0131n mensuplar\u0131 ile Arkeolo\u011fun da yer ald\u0131\u011f\u0131 bir gezi d\u00fczenlenir, Yass\u0131ada\u2019da y\u00fcr\u00fct\u00fclen in\u015faat \u00e7al\u0131\u015fmalar\u0131 yerinde g\u00f6zlenerek foto\u011fraflan\u0131r. Bu geziyle 1. Derece tescilli eser niteli\u011findeki Bizans Zindanlar\u0131\u2019n\u0131n define aray\u0131\u015f\u0131na konu oldu\u011fu ve k\u0131smen y\u0131k\u0131ld\u0131\u011f\u0131, adadaki bitki \u00f6rt\u00fcs\u00fcn\u00fcn tan\u0131nmayacak duruma geldi\u011fi, baz\u0131 betonarme yap\u0131lar\u0131n y\u0131k\u0131ld\u0131\u011f\u0131 ve in\u015faat alan\u0131nda sa\u011fl\u0131kl\u0131 bir bilgi payla\u015f\u0131m\u0131 ve \u00e7al\u0131\u015fma d\u00fczeninin olmad\u0131\u011f\u0131 anla\u015f\u0131l\u0131r, aylardan A\u011fustos, y\u0131l 2015.<img loading=\"lazy\" class=\"alignleft wp-image-2726 size-full\" src=\"http:\/\/dokuzadabirdeniz.com\/wp-content\/uploads\/panaromik.jpg\" alt=\"panaromik\" width=\"750\" height=\"279\" srcset=\"https:\/\/dokuzadabirdeniz.com\/wp-content\/uploads\/panaromik.jpg 750w, https:\/\/dokuzadabirdeniz.com\/wp-content\/uploads\/panaromik-150x56.jpg 150w, https:\/\/dokuzadabirdeniz.com\/wp-content\/uploads\/panaromik-300x112.jpg 300w\" sizes=\"(max-width: 750px) 100vw, 750px\" \/><\/span><\/li>\n<\/ul>\n<p><span style=\"font-family: 'Palatino Linotype', 'Book Antiqua', Palatino, serif; font-size: 12pt;\">Bu \u00f6zet ak\u0131\u015fta yer verilmeyen \u00e7ok say\u0131da ad\u0131mlar, k\u0131r\u0131lmalar da var. Daha ilk yasal m\u00fcdahalelerin ba\u015flad\u0131\u011f\u0131 ve her iki adan\u0131n da koruma stat\u00fclerini de\u011fi\u015ftiren giri\u015fimler pe\u015fi s\u0131ra itirazlara ve davalara konu edilerek hukuki giri\u015fimlere ba\u015fvuruldu. Ard\u0131ndan yap\u0131lan t\u00fcm plan revizyon ve de\u011fi\u015fiklikleri hem Adalar Belediyesi, hem yerel dernek ve ki\u015filerin hem de ilgili meslek odalar\u0131n\u0131n a\u00e7t\u0131klar\u0131 davalarla hukuk zemininde durdurulmaya, iptal edilmeye \u00e7al\u0131\u015f\u0131ld\u0131. 2013\u2019ten bu yana da Adalar Savunmas\u0131 ve di\u011fer t\u00fcm kent savunmas\u0131 g\u00f6n\u00fcll\u00fcleri, destek\u00e7ileri ve belirli oranda medyadaki yans\u0131malarla kamuoyunda bir fark\u0131ndal\u0131k ve g\u00fcndem yarat\u0131lmaya \u00e7al\u0131\u015f\u0131ld\u0131. Adalarda ve \u0130stanbul ana karas\u0131nda \u00e7e\u015fitli eylemler d\u00fczenlendi, geni\u015f kat\u0131l\u0131ml\u0131 forumlar yap\u0131ld\u0131 ve her iki adan\u0131n da gelece\u011fi as\u0131l eyleyicilerle masaya yat\u0131r\u0131ld\u0131 ve inan\u0131n hi\u00e7bir \u00f6neri ya da yakla\u015f\u0131m, bug\u00fcn kurulan \u015fantiyeleri ve yap\u0131lmak istenen milyon dolarl\u0131k projeleri i\u00e7ermedi\u2026 Kimi davada bilirki\u015fi raporlar\u0131n\u0131n olumsuz g\u00f6r\u00fc\u015flerine ra\u011fmen mahkemeler projeler lehinde kararlar verdi, Bakanl\u0131k yap\u0131lan y\u00fczlerce itiraza kulak t\u0131kad\u0131, kimi dava nedeni bilinmeksizin nihayete erdirilmedi ve medyada ikili bir seyir izlendi: Bu projeleri, nas\u0131l geli\u015ftiklerini dikkate almadan salt kalk\u0131nmac\u0131, refah artt\u0131r\u0131c\u0131 birer yat\u0131r\u0131m g\u00f6z\u00fcyle g\u00f6ren, \u00f6z\u00fcnde ranta dayal\u0131 bir emlak projesi olan bu s\u00fcreci demokrasi tarihimizle y\u00fczle\u015fen bir methiye malzemesi yapanlar yan\u0131nda, projelerin olas\u0131 etkilerini, kat\u0131l\u0131mdan ve m\u00fczakereden uzak, Adalar\u2019\u0131n genel durumu ve sorunlar\u0131n\u0131 dikkate almadan giri\u015filen bir iktidar projesi olarak g\u00f6rebilenler de oldu. Yap\u0131lan son saha gezisi, korkulan\u0131n ger\u00e7ekle\u015fmekte oldu\u011funu, her iki adan\u0131n da mekan\u0131n d\u00f6n\u00fc\u015f\u00fcm\u00fc ile sa\u011flanacak rant u\u011fruna g\u00f6zden \u00e7\u0131kar\u0131ld\u0131\u011f\u0131 ve bu s\u00fcrecin neredeyse tamamen d\u0131\u015fa, bilgi ak\u0131\u015f\u0131na kapal\u0131, devam eden yarg\u0131 s\u00fcre\u00e7leri hi\u00e7e say\u0131larak, yerel halk\u0131n tepkisi \u00f6nemsenmeyerek s\u00fcrecek oldu\u011funu g\u00f6zler \u00f6n\u00fcne seriyor. Literat\u00fcrde de bu durumun bir kar\u015f\u0131l\u0131\u011f\u0131 var elbette: Neoliberal denilen g\u00fcn\u00fcm\u00fcz k\u00fcresel d\u00fcnyas\u0131nda planlaman\u0131n sermaye piyasas\u0131 i\u00e7in temel m\u00fcdahale arac\u0131 oldu\u011fu ve mekan \u00fczerinden sa\u011flad\u0131\u011f\u0131 d\u00f6n\u00fc\u015f\u00fcm ile yeni yat\u0131r\u0131m ve f\u0131rsatlar\u0131n kap\u0131s\u0131n\u0131 aralamaya muktedir oldu\u011fu!<\/span><\/p>\n<p><span style=\"font-family: 'Palatino Linotype', 'Book Antiqua', Palatino, serif; font-size: 12pt;\">Peki, planlama bu i\u015fe ne diyor? \u00c7\u00f6z\u00fcm\u00fc nerede buluyor? Bu sorular\u0131n tek, kesin bir do\u011frusu olaca\u011f\u0131n\u0131 d\u00fc\u015f\u00fcnmesem de neyi yapmamay\u0131 \u00f6nerece\u011fini ve nas\u0131l yap\u0131laca\u011f\u0131 konusundaki m\u00fc\u015fterek izlerin ad\u0131n\u0131 koyabilece\u011fine emin oldu\u011fumu s\u00f6yleyebilirim.<\/span><\/p>\n<p><span style=\"font-family: 'Palatino Linotype', 'Book Antiqua', Palatino, serif; font-size: 12pt;\">Her \u015feyden \u00f6nce buras\u0131 kentin bir il\u00e7esi, par\u00e7as\u0131 ve bu par\u00e7a \u00fczerinde ya\u015fayan ve adalara dair her yeni karar\u0131n, \u00f6nerinin do\u011frudan etkileyece\u011fi kullan\u0131c\u0131lar\u0131, sakinleri oldu\u011funu bilmekle ba\u015flamal\u0131 planlama kurum ve karar vericileri. Ad\u0131 ve i\u00e7eri\u011fi ne olursa olsun, yap\u0131lacak t\u00fcm planlama m\u00fcdahalelerinin yereli bar\u0131nd\u0131rmas\u0131, zorla de\u011fil, r\u0131za kurucu bir m\u00fczakere zemini ile konuyu payla\u015f\u0131p geli\u015ftirmesi ve bunu yaparken alternatifler sunabilmesi, yerellerden de bir \u015feyler \u00f6\u011frenebilece\u011fini bir kenarda tutmas\u0131 gerekir.<\/span><\/p>\n<p><span style=\"font-family: 'Palatino Linotype', 'Book Antiqua', Palatino, serif; font-size: 12pt;\">Yap\u0131lmak istenen i\u015f, her iki adada kongre ve turizm odakl\u0131 yeni yat\u0131r\u0131m sahalar\u0131 a\u00e7mak oldu\u011funa g\u00f6re bu kentte s\u00f6z konusu fonksiyonlar i\u00e7in bir ihtiya\u00e7 var m\u0131 diye sormak gerekir? Yap\u0131m\u0131 s\u00fcren ve belki de tamamlanmak \u00fczere olan \u0130stanbul Turizm Master Plan\u0131, 2009\u2019da uygulamaya konan \u0130stanbul\u2019un tamam\u0131n\u0131 kapsayan Kent Plan\u0131, \u0130stanbul\u2019un K\u0131y\u0131 ve Ula\u015f\u0131m Master Planlar\u0131, Adalar b\u00fct\u00fcn\u00fcndeki Yerel planlar bu iki ada i\u00e7in turizm ve kongre merkezi \u00f6nerisini i\u00e7eriyorlar m\u0131? Ben s\u00f6yleyeyim: \u0130\u00e7ermiyorlar! Peki, neden i\u00e7ermezler ve nerelerde bu ihtiya\u00e7lar\u0131 \u00e7\u00f6zebilece\u011fimize inan\u0131rlar? En az\u0131ndan bu sorular\u0131n pe\u015fine d\u00fc\u015f\u00fclmesi, buna ra\u011fmen ihtiyac\u0131n hala s\u00fcrd\u00fc\u011f\u00fcn\u00fcn kan\u0131tlanmas\u0131 ve tek se\u00e7ene\u011fin daha d\u00fczg\u00fcn bir altyap\u0131s\u0131 (elektrik, su, do\u011fal gaz) bile olmayan bu adalar\u0131n yap\u0131la\u015fmaya a\u00e7\u0131lmas\u0131 oldu\u011funun bilimsel dayana\u011f\u0131yla ortaya koyulmas\u0131 gerekmez mi? Planlama der ki gerekir!<\/span><\/p>\n<p><span style=\"font-family: 'Palatino Linotype', 'Book Antiqua', Palatino, serif; font-size: 12pt;\">Haliyle planlama bak\u0131m\u0131ndan daha b\u00f6ylesi bir niyetin en ba\u015f\u0131ndan bir ihtiya\u00e7 olmayaca\u011f\u0131 ortaya \u00e7\u0131kacakt\u0131r ve bu durumda halihaz\u0131rda devam eden in\u015faatlara hi\u00e7 mi hi\u00e7 giri\u015filmeyecektir. O halde ne yap\u0131lmal\u0131? Yass\u0131 ve Sivri adalar, bug\u00fcn nas\u0131llarsa \u00f6yle mi b\u0131rak\u0131lmal\u0131? Bu elbette bir se\u00e7enek, hat\u0131rlayanlar olacakt\u0131r, Adalar Savunmas\u0131\u2019n\u0131n kimi pankartlar\u0131nda \u201cb\u0131rak \u0131ss\u0131z kals\u0131n\u201d der! \u0130nsano\u011flu kendine g\u00fcvenini \u00f6ylesine yitirmi\u015f ki, gelin de uzman olarak, yat\u0131r\u0131mc\u0131 olarak bu s\u00f6yleme b\u00fct\u00fcn\u00fcyle kar\u015f\u0131 \u00e7\u0131k\u0131n. Daha \u00f6nce kat\u0131ld\u0131\u011f\u0131m bir\u00e7ok toplant\u0131n\u0131n konusu bir \u015fekilde bu adalar\u0131n gelece\u011fine de dairdi ve \u0131ss\u0131z b\u0131rak\u0131lmas\u0131 dahil, \u00e7ok\u00e7a fikir ortaya at\u0131lm\u0131\u015ft\u0131. Kendimi yak\u0131n hissetti\u011fim senaryo ise \u015fu \u015fekilde \u00e7al\u0131\u015f\u0131yordu: Konunun olas\u0131 t\u00fcm ilgililerinin (tek tek saymayaca\u011f\u0131m) yan yana gelece\u011fi, belki de tek bir g\u00fcne s\u0131\u011fd\u0131r\u0131lamayacak bir dizi m\u00fczakere toplant\u0131lar\u0131n\u0131n yap\u0131larak, \u00f6nerilerin tart\u0131\u015f\u0131lmas\u0131n\u0131n ilk ad\u0131m olarak anlaml\u0131 oldu\u011funu d\u00fc\u015f\u00fcn\u00fcyorum. Ancak bu ad\u0131mda mevcut ve bilimsel dayana\u011f\u0131 olan t\u00fcm karar ve planlar dikkate al\u0131nmal\u0131 elbette. Ard\u0131ndan bu iki adan\u0131n sorun ve hassasiyetleri, potansiyelleri \u00fczerinden bir de\u011ferlendirme yap\u0131larak \u00f6nerilerin, fikirlerin bir ad\u0131m \u00f6teye g\u00f6t\u00fcr\u00fclmesini, fikirlerin alternatif projelere d\u00f6n\u00fc\u015fece\u011fi bir ad\u0131m\u0131n at\u0131lmas\u0131n\u0131 anlaml\u0131 bulurum. Bu ad\u0131mda \u00f6nemli olan bu iki aday\u0131 kent ve adalar b\u00fct\u00fcn\u00fc i\u00e7inde d\u00fc\u015f\u00fcnebilmek diye de eklemeliyim. Bu b\u00fct\u00fcnc\u00fcll\u00fck ba\u015fta kurulamazsa geriye sadece izole birer karar par\u00e7as\u0131 hakk\u0131nda uzun vadeli ve etkile\u015fimli olmayan bir sonuca ula\u015f\u0131l\u0131r. Daha sonra, alternatif \u00f6neriler ve olas\u0131 etkileri \u00fczerinden gelecek \u00f6ng\u00f6r\u00fcleri tart\u0131\u015f\u0131l\u0131r ve \u00fczerinde ortakla\u015f\u0131labilen bir senaryoda karar k\u0131l\u0131n\u0131r. Bu karar belki adalar\u0131n \u0131ss\u0131zl\u0131\u011f\u0131 ve el de\u011fmeden do\u011fan\u0131n kendini bizlerin m\u00fcdahalesi olmaks\u0131z\u0131n bir \u015fekilde savunabilece\u011fini de i\u00e7erebilir, d\u00fc\u015f\u00fck dozda ve kullan\u0131mdan ziyade deneyim ve haf\u0131za mekanlar\u0131 i\u00e7eren s\u0131n\u0131rl\u0131 fonksiyon alanlar\u0131 da\u2026 Sonu\u00e7ta \u00f6nemli olan bir yerde \u00f6nemli bir karar verilecekse bu karar\u0131n ne denli kapsay\u0131c\u0131, ne denli do\u011frudan kat\u0131l\u0131mla ve m\u00fczakere ile var\u0131lan, temsil g\u00fcc\u00fc y\u00fcksek oldu\u011fudur ve bug\u00fcn pek \u00f6nemsenmese de ekolojiyi \u00f6nceleyen bir iradeyi ortaya koyabilmesidir.<\/span><\/p>\n<p><span style=\"font-family: 'Palatino Linotype', 'Book Antiqua', Palatino, serif; font-size: 12pt;\">Yukar\u0131da bahsetmi\u015ftim g\u00fcn\u00fcm\u00fcz ve yak\u0131n ge\u00e7mi\u015f literat\u00fcr\u00fcnde bu durumun nas\u0131l \u00f6zetlendi\u011fini ve planlaman\u0131n neye alet edildi\u011fini. S\u00f6z konusu projelerdeki ama\u00e7 ger\u00e7ekten Demokrasi M\u00fczesi yaparak tarihimizle y\u00fczle\u015fmek olsayd\u0131, bu konuda hi\u00e7 \u015f\u00fcphesiz Yass\u0131ada sorgulamalar\u0131\u0131n yap\u0131ld\u0131\u011f\u0131 spor salonundan \u00f6nce s\u0131rada bekleyen, d\u00fc\u015f\u00fck b\u00fct\u00e7eli ve yap\u0131m\u0131 kolay onlarca ba\u015fka mekan\u0131n ad\u0131 an\u0131l\u0131r, temeli at\u0131l\u0131r ve bug\u00fcn i\u00e7i gezilebilirdi. Ya da sadece m\u00fcze yap\u0131lacak mekan iyile\u015ftirilir, eri\u015fim imkanlar\u0131 artt\u0131r\u0131l\u0131r ve bir bellek mekan\u0131 yarat\u0131l\u0131rd\u0131. Bug\u00fcnk\u00fc gibi kongre ve turizm odakl\u0131 onlarca tesise, helikopter ve ara\u00e7 otopark alanlar\u0131na d\u00f6n\u00fc\u015fmez ve turizm uzmanlar\u0131n\u0131n 5 y\u0131ld\u0131zl\u0131 otellere doydu dedikleri \u0130stanbul\u2019a b\u00f6ylesi bir alanda yeni bir otel eklenmezdi\u2026<\/span><\/p>\n<p><span style=\"font-family: 'Palatino Linotype', 'Book Antiqua', Palatino, serif; font-size: 12pt;\">Planlaman\u0131n her zaman ideal \u00e7\u00f6z\u00fcmler geli\u015ftirmedi\u011fi do\u011frudur, t\u0131pk\u0131 ba\u015fka di\u011fer bir\u00e7ok disiplinde (mimarl\u0131k, in\u015faat, hukuk vb.) oldu\u011fu gibi ancak do\u011fru mekanizmalar ve kurallarla i\u015fletildi\u011fi takdirde g\u00fczel ve mutlu ya\u015famlar vaat edebilece\u011fi de do\u011frudur ve Adalar Savunmas\u0131 bu do\u011frunun pe\u015findedir bir yan\u0131yla\u2026 Ama s\u00f6z\u00fcn\u00fc etti\u011fimi iki adada olan bitene bak\u0131nca sadece \u015funu s\u00f6yleyebiliriz: Planlama Bu De\u011fil!<\/span><\/p>\n<p><span style=\"font-family: 'Palatino Linotype', 'Book Antiqua', Palatino, serif; font-size: 12pt;\">Bug\u00fcn gidip g\u00f6r\u00fcnce insan ger\u00e7ekten kahroluyor ve <em>b\u0131rak \u0131ss\u0131z kals\u0131n<\/em> diyesi geliyor \u015fantiye \u015fefine\u2026 Ke\u015fke o b\u0131rak deyince t\u00fcm makineler durabilse, bal\u0131klar rahat y\u00fczebilse\u2026 Ya da bir hakim \u00e7\u0131k\u0131p bu projenin durmas\u0131n\u0131 isteyebilse hakl\u0131 gerek\u00e7elerini \u00e7oktan bildi\u011fimiz bir kararla\u2026 Ya da Adalar\u0131 ve \u0130stanbul\u2019u savunanlar tepkisini daha g\u00fc\u00e7l\u00fc ortaya koyabilse\u2026 Eminim, kep\u00e7elerle kaz\u0131nan a\u011fa\u00e7lar ve bitkiler de yeniden ye\u015ferecek o zaman\u2026<\/span><\/p>\n","protected":false},"excerpt":{"rendered":"<p>\u00c7are Olgun \u00c7al\u0131\u015fkan &#8211; \u015eehir Planc\u0131lar\u0131 Odas\u0131 \u0130stanbul \u015eb. Y\u00f6netim Kurulu \u00dcyesi, Adalar Savunmas\u0131 Biri yass\u0131, di\u011feri sivri olan bu iki adan\u0131n adlar\u0131n\u0131, yerlerini, \u00fczerlerinde yap\u0131 olup olmad\u0131\u011f\u0131n\u0131, ge\u00e7mi\u015fte insan y\u00fcz\u00fc g\u00f6r\u00fcp g\u00f6rmediklerini, hangi hayvanlara-bitkilere yuva olduklar\u0131n\u0131, Karadeniz ile Marmara denizlerinin aras\u0131n\u0131 dolduran \u0130stanbul Bo\u011faz\u0131\u2019n\u0131n ak\u0131nt\u0131lar\u0131na durak olup olmad\u0131klar\u0131n\u0131, kent ve \u00fclke tarihinde adlar\u0131n\u0131n ge\u00e7ip &hellip;<\/p>\n","protected":false},"author":1,"featured_media":2424,"comment_status":"open","ping_status":"open","sticky":false,"template":"","format":"standard","meta":{"_monsterinsights_skip_tracking":false,"_monsterinsights_sitenote_active":false,"_monsterinsights_sitenote_note":"","_monsterinsights_sitenote_category":0},"categories":[45,102,20,113,16,44,1,19,8,83,9],"tags":[60],"_links":{"self":[{"href":"https:\/\/dokuzadabirdeniz.com\/index.php?rest_route=\/wp\/v2\/posts\/288"}],"collection":[{"href":"https:\/\/dokuzadabirdeniz.com\/index.php?rest_route=\/wp\/v2\/posts"}],"about":[{"href":"https:\/\/dokuzadabirdeniz.com\/index.php?rest_route=\/wp\/v2\/types\/post"}],"author":[{"embeddable":true,"href":"https:\/\/dokuzadabirdeniz.com\/index.php?rest_route=\/wp\/v2\/users\/1"}],"replies":[{"embeddable":true,"href":"https:\/\/dokuzadabirdeniz.com\/index.php?rest_route=%2Fwp%2Fv2%2Fcomments&post=288"}],"version-history":[{"count":3,"href":"https:\/\/dokuzadabirdeniz.com\/index.php?rest_route=\/wp\/v2\/posts\/288\/revisions"}],"predecessor-version":[{"id":3228,"href":"https:\/\/dokuzadabirdeniz.com\/index.php?rest_route=\/wp\/v2\/posts\/288\/revisions\/3228"}],"wp:featuredmedia":[{"embeddable":true,"href":"https:\/\/dokuzadabirdeniz.com\/index.php?rest_route=\/wp\/v2\/media\/2424"}],"wp:attachment":[{"href":"https:\/\/dokuzadabirdeniz.com\/index.php?rest_route=%2Fwp%2Fv2%2Fmedia&parent=288"}],"wp:term":[{"taxonomy":"category","embeddable":true,"href":"https:\/\/dokuzadabirdeniz.com\/index.php?rest_route=%2Fwp%2Fv2%2Fcategories&post=288"},{"taxonomy":"post_tag","embeddable":true,"href":"https:\/\/dokuzadabirdeniz.com\/index.php?rest_route=%2Fwp%2Fv2%2Ftags&post=288"}],"curies":[{"name":"wp","href":"https:\/\/api.w.org\/{rel}","templated":true}]}}