{"id":1639,"date":"2014-04-19T04:18:10","date_gmt":"2014-04-19T01:18:10","guid":{"rendered":"http:\/\/dokuzadabirdeniz.com\/?p=1639"},"modified":"2016-02-10T20:26:33","modified_gmt":"2016-02-10T18:26:33","slug":"duvari-yik-spor-ozgurluktur","status":"publish","type":"post","link":"https:\/\/dokuzadabirdeniz.com\/?p=1639","title":{"rendered":"Duvar\u0131 Y\u0131k, Spor \u00d6zg\u00fcrl\u00fckt\u00fcr!"},"content":{"rendered":"<p class=\"omc-post-heading-standard\"><span style=\"font-size: 12pt;\"><strong><a href=\"http:\/\/dokuzadabirdeniz.com\/wp-content\/uploads\/1391965_1546857552207322_437885011018654085_n.jpg\"><img loading=\"lazy\" class=\"alignnone wp-image-3367 size-full\" src=\"http:\/\/dokuzadabirdeniz.com\/wp-content\/uploads\/1391965_1546857552207322_437885011018654085_n.jpg\" alt=\"1391965_1546857552207322_437885011018654085_n\" width=\"960\" height=\"720\" srcset=\"https:\/\/dokuzadabirdeniz.com\/wp-content\/uploads\/1391965_1546857552207322_437885011018654085_n.jpg 960w, https:\/\/dokuzadabirdeniz.com\/wp-content\/uploads\/1391965_1546857552207322_437885011018654085_n-150x113.jpg 150w, https:\/\/dokuzadabirdeniz.com\/wp-content\/uploads\/1391965_1546857552207322_437885011018654085_n-300x225.jpg 300w\" sizes=\"(max-width: 960px) 100vw, 960px\" \/><\/a><\/strong><\/span><\/p>\n<p class=\"omc-post-heading-standard\"><span style=\"font-size: 12pt;\"><strong><span style=\"font-family: 'Palatino Linotype', 'Book Antiqua', Palatino, serif;\">Duvar\u0131 Y\u0131k, Spor \u00d6zg\u00fcrl\u00fckt\u00fcr!<\/span><\/strong><\/span><\/p>\n<p><span style=\"font-size: 12pt; font-family: 'Palatino Linotype', 'Book Antiqua', Palatino, serif;\">Heybeliada Kamuoyuna,<\/span><\/p>\n<p><span style=\"font-size: 12pt; font-family: 'Palatino Linotype', 'Book Antiqua', Palatino, serif;\">Heybeliada \u00c7am Liman\u0131\u2019nda se\u00e7im \u00f6ncesinde ba\u015flayan, t\u00fcm taleplerimize ra\u011fmen belediyeye ve ada halk\u0131na plan\u0131 ve projesi bildirilmeyen futbol sahas\u0131 in\u015faat\u0131 Heybeliadal\u0131lar taraf\u0131ndan merak ve heyecanla\u00a0takip ediliyordu.<\/span><\/p>\n<p><span style=\"font-size: 12pt; font-family: 'Palatino Linotype', 'Book Antiqua', Palatino, serif;\"><br \/>\n<a href=\"http:\/\/dokuzadabirdeniz.com\/wp-content\/uploads\/cam_liman_heybeli_ada.jpg\"><img loading=\"lazy\" class=\"alignnone wp-image-2419 size-large\" src=\"http:\/\/dokuzadabirdeniz.com\/wp-content\/uploads\/cam_liman_heybeli_ada-1024x682.jpg\" alt=\"cam_liman_heybeli_ada\" width=\"618\" height=\"412\" srcset=\"https:\/\/dokuzadabirdeniz.com\/wp-content\/uploads\/cam_liman_heybeli_ada-1024x682.jpg 1024w, https:\/\/dokuzadabirdeniz.com\/wp-content\/uploads\/cam_liman_heybeli_ada-150x100.jpg 150w, https:\/\/dokuzadabirdeniz.com\/wp-content\/uploads\/cam_liman_heybeli_ada-300x200.jpg 300w, https:\/\/dokuzadabirdeniz.com\/wp-content\/uploads\/cam_liman_heybeli_ada.jpg 1600w\" sizes=\"(max-width: 618px) 100vw, 618px\" \/><\/a>Futbol saham\u0131za son bir haftada eklenen 3 metrelik duvarlar, orman alan\u0131na yap\u0131lan tecav\u00fczler Adal\u0131lar\u0131n tepkisini \u00e7ekmekte ve adam\u0131z\u0131n g\u00f6zbebe\u011fi \u00c7am Liman\u0131\u2019nda bir yap\u0131la\u015fma olup olmad\u0131\u011f\u0131na dair \u015f\u00fcpheler yaratmaktayd\u0131.<\/span><\/p>\n<p><span style=\"font-size: 12pt; font-family: 'Palatino Linotype', 'Book Antiqua', Palatino, serif;\">Bu nedenle Heybeliada Forumu olarak saha in\u015faat\u0131n\u0131 1 ayd\u0131r yak\u0131ndan takip etmekteyiz. Bu s\u00fcre\u00e7te hem belediye, hem in\u015faat\u00e7\u0131 firma, hem de orman i\u015fletmeleri nezdinde \u00e7e\u015fitli uyar\u0131lar ve giri\u015fimlerde bulunduk.<\/span><br \/>\n<span style=\"font-size: 12pt; font-family: 'Palatino Linotype', 'Book Antiqua', Palatino, serif;\"> Son geli\u015fmelerle birlikte bir futbol sahas\u0131 in\u015faat\u0131 s\u0131n\u0131rlar\u0131n\u0131 a\u015farak, betonla\u015fmaya d\u00f6n\u00fc\u015fen \u015fantiyenin eski s\u0131n\u0131rlar\u0131n\u0131 a\u015fan, orman ve deniz alan\u0131na tecav\u00fcz eden b\u00f6l\u00fcmleri orman i\u015fletmeye ve belediyeye yapt\u0131\u011f\u0131m\u0131z itirazlar ve uyar\u0131lar sonucunda geriye \u00e7ekildi.<\/span><\/p>\n<p><a href=\"http:\/\/dokuzadabirdeniz.com\/wp-content\/uploads\/10169398_1546857838873960_6818890716772710719_n.jpg\"><img loading=\"lazy\" class=\"alignnone wp-image-3369 size-full\" src=\"http:\/\/dokuzadabirdeniz.com\/wp-content\/uploads\/10169398_1546857838873960_6818890716772710719_n.jpg\" alt=\"10169398_1546857838873960_6818890716772710719_n\" width=\"960\" height=\"720\" srcset=\"https:\/\/dokuzadabirdeniz.com\/wp-content\/uploads\/10169398_1546857838873960_6818890716772710719_n.jpg 960w, https:\/\/dokuzadabirdeniz.com\/wp-content\/uploads\/10169398_1546857838873960_6818890716772710719_n-150x113.jpg 150w, https:\/\/dokuzadabirdeniz.com\/wp-content\/uploads\/10169398_1546857838873960_6818890716772710719_n-300x225.jpg 300w\" sizes=\"(max-width: 960px) 100vw, 960px\" \/><\/a><\/p>\n<p>&nbsp;<\/p>\n<p><span style=\"font-size: 12pt; font-family: 'Palatino Linotype', 'Book Antiqua', Palatino, serif;\">Futbol sahas\u0131yla deniz ve orman alanlar\u0131n\u0131 ay\u0131ran, b\u00f6lgenin do\u011fal yap\u0131s\u0131n\u0131 bozan, g\u00f6r\u00fcnt\u00fc kirlili\u011fi yaratan duvar\u0131n 3 metreye ula\u015fmas\u0131 kar\u015f\u0131s\u0131nda yapt\u0131\u011f\u0131m\u0131z son itirazlar da sonu\u00e7 verdi.<\/span><\/p>\n<p><span style=\"font-size: 12pt; font-family: 'Palatino Linotype', 'Book Antiqua', Palatino, serif;\">18 Nisan Cuma g\u00fcn\u00fc belediye ve in\u015faat\u0131 y\u00fcr\u00fcten firma aras\u0131nda yap\u0131lan mutabakatla in\u015faat\u0131n durdurulmas\u0131na, duvar\u0131n belirli bir seviyeye indirilmesine ve projenin tadil edilmek \u00fczere acilen Adalar Belediyesi\u2019ne teslim edilmesine karar verildi.<\/span><\/p>\n<p><span style=\"font-size: 12pt; font-family: 'Palatino Linotype', 'Book Antiqua', Palatino, serif;\">Adam\u0131z\u0131n duvarlarla, tel\u00f6rg\u00fclerle, dolgu deniz alanlar\u0131yla kaplanmamas\u0131 i\u00e7in s\u00fcrecin takip\u00e7isi olaca\u011f\u0131z.<\/span><\/p>\n<p><span style=\"font-size: 12pt; font-family: 'Palatino Linotype', 'Book Antiqua', Palatino, serif;\">DUVARI YIK, SPOR \u00d6ZG\u00dcRL\u00dcKT\u00dcR!<\/span><\/p>\n<p><span style=\"font-size: 12pt; font-family: 'Palatino Linotype', 'Book Antiqua', Palatino, serif;\">HEYBEL\u0130ADA FORUMU \u2013 ADALAR SAVUNMASI<\/span><\/p>\n<p>&nbsp;<\/p>\n<p><span style=\"font-size: 12pt; font-family: 'Palatino Linotype', 'Book Antiqua', Palatino, serif;\">B\u0130LG\u0130 NOTU:<\/span><\/p>\n<p><span style=\"font-size: 12pt; font-family: 'Palatino Linotype', 'Book Antiqua', Palatino, serif;\">\u00d6nceki y\u0131llarda TMMOB Mimarlar Odas\u0131 \u0130stanbul B\u00fcy\u00fckkent \u015eubesi Heybeliada iskele Meydan\u0131 ve yak\u0131n \u00e7evresinde yap\u0131lan d\u00fczenleme nedeniyle \u00e7\u0131kan molozun \u00c7am Liman\u0131&#8217;na d\u00f6k\u00fclmesi su\u00e7u ile ilgili giri\u015fimlerde bulunmas\u0131 sonucu, Koruma Kurulu molozun kald\u0131r\u0131lmas\u0131 konusunda karar alm\u0131\u015f, fakat ilgililer bu karar\u0131 uygulamamak konusunda\u00a0direnmi\u015fti.<\/span><\/p>\n<p><span style=\"font-size: 12pt; font-family: 'Palatino Linotype', 'Book Antiqua', Palatino, serif;\">Belediye de Mimarlar Odas\u0131&#8217;na vermi\u015f oldu\u011fu yan\u0131tta k\u0131\u015f ko\u015fullar\u0131, ara\u00e7 mevzu, uygun zaman vs. gerek\u00e7elerle konuyu savsaklam\u0131\u015ft\u0131. Bunun \u00fczerine su\u00e7 duyurusunda bulunmu\u015f ancak \u0130\u00e7i\u015fleri Bakan\u0131 \u015fik\u00e2yetin i\u015fleme konulmamas\u0131 karar\u0131 vermi\u015fti.<\/span><\/p>\n<p align=\"justify\"><span style=\"font-size: 12pt; font-family: 'Palatino Linotype', 'Book Antiqua', Palatino, serif;\">\u0130\u00e7i\u015fleri bakanl\u0131\u011f\u0131n\u0131n bu karar\u0131n\u0131n iptali ve sorumlular hakk\u0131nda Soru\u015fturma a\u00e7\u0131lmas\u0131 i\u00e7in Dan\u0131\u015ftay&#8217;da 14.01.2008 tarih ve 2008\/762 dosya nosu ile dava a\u00e7\u0131lm\u0131\u015ft\u0131.<\/span><\/p>\n<p align=\"justify\"><span style=\"font-size: 12pt; font-family: 'Palatino Linotype', 'Book Antiqua', Palatino, serif;\">Dan\u0131\u015ftay Birinci Dairesi 11.04.2008 tarih 2008\/284 esas nolu, 2008\/411 say\u0131l\u0131 karar\u0131nda; \u0130\u00e7i\u015fleri Bakan\u0131 taraf\u0131ndan ihbar ve \u015fik\u00e2yetin isleme konulmamas\u0131na ili\u015fkin INS:07.34.1981 say\u0131l\u0131 karar\u0131n kald\u0131r\u0131lmas\u0131na karar vermi\u015f, s\u00f6z konusu karar 28.05.2008 tarihinde TMMOB Mimarlar Odas\u0131 \u0130stanbul B\u00fcy\u00fckkent \u015eubesine tebli\u011f edilmi\u015ftir.<\/span><\/p>\n<p align=\"justify\"><span style=\"font-size: 12pt; font-family: 'Palatino Linotype', 'Book Antiqua', Palatino, serif;\">Hakk\u0131nda soru\u015fturma izni istenilen yetkililer d\u00f6nemin Belediye ba\u015fkan\u0131 Co\u015fkun \u00d6zden ve di\u011fer belediye g\u00f6revlileridir.<\/span><\/p>\n<p align=\"justify\"><span style=\"font-size: 12pt; font-family: 'Palatino Linotype', 'Book Antiqua', Palatino, serif;\">Dan\u0131\u015ftaya A\u00e7\u0131lan Davan\u0131n Dilek\u00e7esi ise \u015fu \u015fekildeydi:<\/span><\/p>\n<p align=\"center\"><span style=\"font-size: 12pt; font-family: 'Palatino Linotype', 'Book Antiqua', Palatino, serif;\">DANI\u015eTAY 2. DA\u0130RES\u0130 BA\u015eKANLI\u011eINA<\/span><\/p>\n<p align=\"center\"><span style=\"font-size: 12pt; font-family: 'Palatino Linotype', 'Book Antiqua', Palatino, serif;\">Ula\u015ft\u0131r\u0131lmak \u00dczere<\/span><\/p>\n<p align=\"center\"><span style=\"font-size: 12pt; font-family: 'Palatino Linotype', 'Book Antiqua', Palatino, serif;\">\u0130STANBUL N\u00d6BET\u00c7\u0130 \u0130DARE MAHKEMES\u0130 SAYIN BA\u015eKANLI\u011eINA<\/span><\/p>\n<p align=\"right\"><span style=\"font-size: 12pt; font-family: 'Palatino Linotype', 'Book Antiqua', Palatino, serif;\">Dosya No: 2008\/762<\/span><\/p>\n<p align=\"right\"><span style=\"font-size: 12pt; font-family: 'Palatino Linotype', 'Book Antiqua', Palatino, serif;\">2008\/762 MUHABERE NO<\/span><\/p>\n<p align=\"right\"><span style=\"font-size: 12pt; font-family: 'Palatino Linotype', 'Book Antiqua', Palatino, serif;\">14.01.2008 Makbuz Trh.<\/span><\/p>\n<p><span style=\"font-size: 12pt; font-family: 'Palatino Linotype', 'Book Antiqua', Palatino, serif;\">TEBL\u0130\u011e TAR\u0130H\u0130 : 04.01.2008<\/span><\/p>\n<p align=\"justify\"><span style=\"font-size: 12pt; font-family: 'Palatino Linotype', 'Book Antiqua', Palatino, serif;\">KONU\u00a0 :\u00a0\u0130\u00e7i\u015fleri Bakanl\u0131\u011f\u0131 Mahalli \u0130dareler Genel M\u00fcd\u00fcrl\u00fc\u011f\u00fcn\u00fcn 11.09.2007 tarihli B050MAH00710003 tarihli i\u015fleme konulmama karar\u0131n\u0131n kald\u0131r\u0131lmas\u0131na ili\u015fkin itirazlar\u0131m\u0131z\u0131n sunulmas\u0131d\u0131r.<\/span><\/p>\n<p><span style=\"font-size: 12pt; font-family: 'Palatino Linotype', 'Book Antiqua', Palatino, serif;\">A\u00c7IKLAMALAR \u00a0:<\/span><\/p>\n<p><span style=\"font-size: 12pt; font-family: 'Palatino Linotype', 'Book Antiqua', Palatino, serif;\">I-\u00a0HEYBEL\u0130ADA \u00c7AM L\u0130MANI&#8217;NDA KIYIYA MOLOZ D\u00d6K\u00dcLMES\u0130 M\u00dcVEKK\u0130L\u0130N 05.02.2007 TAR\u0130HL\u0130 SU\u00c7 DUYURUSU VE YARGILAMA KONUSU \u0130DAR\u0130 \u0130\u015eLEM<\/span><\/p>\n<p align=\"justify\"><span style=\"font-size: 12pt; font-family: 'Palatino Linotype', 'Book Antiqua', Palatino, serif;\">M\u00fcvekkil TMMOB Mimarlar Odas\u0131 \u0130stanbul B\u00fcy\u00fckkent \u015eubesi taraf\u0131ndan 05.02.2007 tarihinde Ak Yap\u0131 T.A.\u015e. taraf\u0131ndan s\u00fcrd\u00fcr\u00fclen &#8220;<strong>Heybeliada<\/strong>\u00a0\u0130skele Meydan\u0131 ve Yak\u0131n \u00c7evresi D\u00fczenlemesi&#8221; \u00e7al\u0131\u015fmalar\u0131ndan \u00e7\u0131kan molozlar\u0131n\u00a0<strong>\u00c7am<\/strong>Liman\u0131na d\u00f6k\u00fclmesi nedeni ile hukuka ayk\u0131r\u0131 davranan ilgililer hakk\u0131nda kamu davas\u0131 a\u00e7\u0131lmas\u0131 amac\u0131 ile su\u00e7 duyurusunda bulunulmu\u015ftur. (Ek1)<\/span><\/p>\n<p align=\"justify\"><span style=\"font-size: 12pt; font-family: 'Palatino Linotype', 'Book Antiqua', Palatino, serif;\">\u0130stanbul Valilili\u011fi&#8217;nin 01.06.2007 tarih ve 17983 say\u0131l\u0131 yaz\u0131s\u0131 ile \u0130\u00e7i\u015fleri Bakanl\u0131\u011f\u0131na iletilen dosyay\u0131 \u0130\u00e7i\u015fleri Bakanl\u0131\u011f\u0131 Mahalli \u0130dareler Genel M\u00fcd\u00fcrl\u00fc\u011f\u00fc ise<\/span><\/p>\n<p align=\"justify\"><span style=\"font-size: 12pt; font-family: 'Palatino Linotype', 'Book Antiqua', Palatino, serif;\">&#8220;&#8230;&#8230;&#8230;&#8230;.<em>mezkur firman\u0131n in\u015faata 14.11.2006 tarihinde ba\u015flad\u0131\u011f\u0131, bu tarihten sonra at\u0131klar\u0131n ada d\u0131\u015f\u0131na ta\u015f\u0131nmas\u0131n\u0131n gerek gemi yetersizli\u011finin ve gerekse k\u0131\u015f \u015fartlar\u0131n\u0131n olumsuz etkilerinden\u00a0 dolay\u0131 yap\u0131lamad\u0131\u011f\u0131 hususunu ilgili belediyeye bildirmek suretiyle kendilerine at\u0131klar\u0131n ge\u00e7ici olarak depolanabilece\u011fi bir yer g\u00f6sterilmesini istemesi \u00fczerine belediye ba\u015fkanl\u0131\u011f\u0131nca kendilerine ait b\u00f6yle bir yerin olmad\u0131\u011f\u0131n\u0131 &#8230;&#8230;&#8230;&#8230;. 05.01.2007 tarihinde ilgili belediyeye tekrar ba\u015fvuruda bulunularak Nisan 2007 tarihi sonunda\u00a0 tamamen temizlenip eski haline getirilmesi ko\u015fulu ile\u00a0<strong>Heybeliada<\/strong>\u00a0<strong>\u00c7am<\/strong>\u00a0Liman\u0131n\u0131 at\u0131k depolama yeri olarak tahsis edilmesini istedi\u011fi, belediyesince s\u00f6z konusu\u00a0 talebe yaz\u0131l\u0131 olarak olumlu ya da olumsuz herhangi bir cevap verilmedi\u011fi, ancak, gerek ilgili firman\u0131n\u00a0<strong>Heybeliada<\/strong>\u00a0<strong>\u00c7am<\/strong>Liman\u0131n\u0131 at\u0131klar\u0131n tahliye edilmesinden sonra\u00a0<strong>eski haline getirece\u011fini taahh\u00fct etmesi<\/strong>\u00a0ve getirece\u011fini taahh\u00fct etmesi ve gerekse belediye yetkililerinin ihale edilen i\u015fin bitirilmesi i\u00e7in\u00a0<strong>Heybeliada<\/strong>\u00a0<strong>\u00c7am<\/strong>\u00a0Liman\u0131n\u0131 ge\u00e7ici at\u0131k toplama yeri olarak kulland\u0131rmalar\u0131n\u0131n\u00a0<strong>meri mevzuat a\u00e7\u0131s\u0131ndan m\u00fcmk\u00fcn olmamakla<\/strong>\u00a0birlikte sonu\u00e7 itibari ile burada toplanan at\u0131\u011f\u0131n Nisan 2007 sonuna kadar bertaraf edilmesine y\u00f6nelik faaliyetlerin devam etti\u011fi gecikmeli olarak da olsa devam edildi\u011finin \u00e7evre foto\u011fraflar\u0131n\u0131n incelenmesinden anla\u015f\u0131lmas\u0131 ile\u00a0<strong>Heybeliada<\/strong>\u00a0<strong>\u00c7am<\/strong>\u00a0Liman\u0131n\u0131n at\u0131klardan\u00a0 temizlenmesi ve halk\u0131n sa\u011fl\u0131\u011f\u0131 yan\u0131nda \u00e7evrenin olumsuz etkilenmesi durumunu ortadan kald\u0131rmaya y\u00f6nelik faaliyetlerin devam etti\u011fi,\u00a0<strong>Heybeliada<\/strong>\u00a0<strong>\u00c7am<\/strong>\u00a0Liman\u0131n\u0131n ge\u00e7ici at\u0131k yeri olarak kullan\u0131lmas\u0131nda<strong>, gemi yetersizli\u011fi ve hava \u015fartlar\u0131n\u0131n olumsuzlu\u011funun m\u00fccbir sebep olarak<\/strong>\u00a0de\u011ferlendirilebilece\u011fi<\/em>&#8230;.&#8221; gerek\u00e7esi ile iddialar\u0131n i\u015fleme konulmamas\u0131na karar\u0131 vermi\u015ftir. (Ek2)<\/span><\/p>\n<p><span style=\"font-size: 12pt; font-family: 'Palatino Linotype', 'Book Antiqua', Palatino, serif;\">II-\u00a0\u0130\u00c7\u0130\u015eLER\u0130 BAKANLI\u011eI&#8217;NIN \u0130T\u0130RAZA KONU 11.09.2007 G\u00dcNL\u00dc &#8220;\u0130\u015eLEME KONULMAMA&#8221; EKS\u0130K \u0130NCELEMEYE VE HUKUKA AYKIRI B\u0130R YORUMA DAYANARAK VER\u0130LM\u0130\u015eT\u0130R. KARAR HUKUKA AYKIRIDIR, KALDIRILMASI GEREKMEKTED\u0130R.<\/span><\/p>\n<p align=\"justify\"><span style=\"font-size: 12pt; font-family: 'Palatino Linotype', 'Book Antiqua', Palatino, serif;\">Daval\u0131 idare, yukar\u0131da ayr\u0131nt\u0131s\u0131 ile and\u0131\u011f\u0131m\u0131z gerek\u00e7eye dayanarak i\u015fleme an\u0131lan i\u015fleme konulmama karar\u0131n\u0131 vermi\u015ftir.<\/span><\/p>\n<p align=\"justify\"><span style=\"font-size: 12pt; font-family: 'Palatino Linotype', 'Book Antiqua', Palatino, serif;\">Daval\u0131 idare, yarg\u0131lama konusu karar metninde\u00a0<strong>Heybeliada<\/strong>\u00a0<strong>\u00c7am<\/strong>\u00a0Liman\u0131n ge\u00e7ici at\u0131k toplama yeri olarak kulland\u0131r\u0131lmas\u0131n\u0131n ilgili mevzuata a\u00e7\u0131k\u00e7a ayk\u0131r\u0131 oldu\u011funu belirtmekte ancak a\u015fa\u011f\u0131da ayr\u0131 ayr\u0131 ele alaca\u011f\u0131m\u0131z gerek\u00e7elerle bu ayk\u0131r\u0131l\u0131\u011f\u0131n\u00a0 &#8220;hukuka uygun&#8221; oldu\u011fu sonucuna varmaktad\u0131r.<\/span><\/p>\n<p><span style=\"font-size: 12pt; font-family: 'Palatino Linotype', 'Book Antiqua', Palatino, serif;\">Ge\u00e7ici At\u0131k Depolama Alan\u0131<\/span><\/p>\n<p align=\"justify\"><span style=\"font-size: 12pt; font-family: 'Palatino Linotype', 'Book Antiqua', Palatino, serif;\">Dava konusu idari i\u015flemde\u00a0<strong>Heybeliada<\/strong>\u00a0<strong>\u00c7am<\/strong>\u00a0Liman\u0131&#8217;n\u0131n &#8220;ge\u00e7ici&#8221; at\u0131k toplama yeri olarak kullan\u0131ld\u0131\u011f\u0131 \u00f6zellikle vurgulanmaktad\u0131r.<\/span><\/p>\n<p align=\"justify\"><span style=\"font-size: 12pt; font-family: 'Palatino Linotype', 'Book Antiqua', Palatino, serif;\">Ancak,\u00a0 at\u0131k depolama alanlar\u0131n\u0131n ge\u00e7ici ya da kal\u0131c\u0131 olmas\u0131na bak\u0131lmaks\u0131z\u0131n hangi ko\u015fullarda ve hangi alanlarda tesis edilebilece\u011fi, bu kararlar\u0131n hangi makamlarca verilebilece\u011fi\u00a0 yasalarca d\u00fczenlenmi\u015ftir. Yarg\u0131lama konusu idari i\u015flemin gerek\u00e7esinde de belirtildi\u011fi gibi bir arazinin depolama alan\u0131 olarak tahsis edilmesi i\u015fleminin ilgili belediye taraf\u0131ndan yap\u0131lmas\u0131 yasalara ayk\u0131r\u0131d\u0131r. Depolama i\u015fleminin s\u00fcresinin i\u015flemin yasalara ayk\u0131r\u0131 olmas\u0131 a\u00e7\u0131s\u0131ndan bir \u00f6nemi yoktur.<\/span><\/p>\n<p><span style=\"font-size: 12pt; font-family: 'Palatino Linotype', 'Book Antiqua', Palatino, serif;\">Arazinin Eski Hale Getirilmesi<\/span><\/p>\n<p align=\"justify\"><span style=\"font-size: 12pt; font-family: 'Palatino Linotype', 'Book Antiqua', Palatino, serif;\">Dava konusu idari i\u015flemde, s\u00f6z konusu arazinin eski hale getirilece\u011fi meselesi \u00fczerinde \u00e7e\u015fitli kereler durulmu\u015ftur. \u00d6nemle belirtmek isteriz ki, yarg\u0131lama konusu i\u015flemin gerek\u00e7esinde de belirtildi\u011fi gibi ilgili arazinin at\u0131k depolama alan\u0131 olarak tahsis edilmesi i\u015flemi hukuka ayk\u0131r\u0131d\u0131r ve hukuka ayk\u0131r\u0131 olarak yap\u0131lan bir i\u015flemin daha sonra ortadan kald\u0131r\u0131lacak olmas\u0131n\u0131n bir hukuka uygunluk nedeni olarak kabul\u00fc olanakl\u0131 de\u011fildir.<\/span><\/p>\n<p align=\"justify\"><span style=\"font-size: 12pt; font-family: 'Palatino Linotype', 'Book Antiqua', Palatino, serif;\">Di\u011fer bir s\u00f6yleyi\u015fle, yasalarca \u00f6ng\u00f6r\u00fclen usullere ayk\u0131r\u0131 olarak ger\u00e7ekle\u015ftirilen bir idari i\u015flem sonucunda ortaya \u00e7\u0131kan sonucun ileriki bir tarihte &#8220;eski hale getirilece\u011fi&#8221; gerek\u00e7esi ile kamu g\u00f6relilerin eyleminin hukuka uygun oldu\u011funun kabul edilemeyece\u011fi a\u00e7\u0131kt\u0131r.<\/span><\/p>\n<p><span style=\"font-size: 12pt; font-family: 'Palatino Linotype', 'Book Antiqua', Palatino, serif;\">Hava \u015eartlar\u0131 ve Gemi Eksikli\u011finin M\u00fccbir Sebep Olarak Kabul Edilmesi<\/span><\/p>\n<p align=\"justify\"><span style=\"font-size: 12pt; font-family: 'Palatino Linotype', 'Book Antiqua', Palatino, serif;\">Dava konusu idari i\u015flemin gerek\u00e7esinde gemi yetersizli\u011fi ve hava \u015fartlar\u0131n\u0131n olumsuzlu\u011funun m\u00fccbir sebep olarak kabul edilebilece\u011fi de\u011ferlendirmesine de dayan\u0131lm\u0131\u015ft\u0131r.<\/span><\/p>\n<p align=\"justify\"><span style=\"font-size: 12pt; font-family: 'Palatino Linotype', 'Book Antiqua', Palatino, serif;\">S\u00f6z konusu at\u0131klar\u0131n ortaya \u00e7\u0131kmas\u0131na neden olan i\u015fin planlanmas\u0131, ihale edilmesi ve in\u015faata ba\u015flan\u0131lmas\u0131 a\u015famalar\u0131n\u0131n t\u00fcm\u00fcnde \u00f6ng\u00f6r\u00fclmesi m\u00fcmk\u00fcn olan gemi yetersizli\u011fi ve hava \u015fartlar\u0131n\u0131n olumsuzlu\u011fu gibi hususlar\u0131n nas\u0131l olup da m\u00fccbir sebep olarak kabul edilebilece\u011fi taraf\u0131m\u0131zdan anla\u015f\u0131lamam\u0131\u015ft\u0131r.<\/span><\/p>\n<p align=\"justify\"><span style=\"font-size: 12pt; font-family: 'Palatino Linotype', 'Book Antiqua', Palatino, serif;\">Di\u011fer bir s\u00f6yleyi\u015fle, at\u0131klar\u0131n ortaya \u00e7\u0131kmas\u0131na neden olan i\u015fin planlanmas\u0131 ve ihale edilmesi a\u015famalar\u0131nda \u00f6ng\u00f6r\u00fclebilecek, yap\u0131lacak teknik haz\u0131rl\u0131klarla kolayca giderilmesi sa\u011flanabilecek sorunlar\u0131n &#8220;m\u00fccbir sebep&#8221; olarak nitelenmesi kan\u0131m\u0131zca olanaks\u0131zd\u0131r. \u0130lgili kamu g\u00f6revlilerinin g\u00f6revlerini \u2013en az\u0131ndan- savsaklamalar\u0131 nedeni ile ortaya \u00e7\u0131kan sorunlar\u0131n m\u00fccbir sebep olarak kabul edilmesi olanaks\u0131zd\u0131r.<\/span><\/p>\n<p align=\"justify\"><span style=\"font-size: 12pt; font-family: 'Palatino Linotype', 'Book Antiqua', Palatino, serif;\">\u00d6te yandan, dava konusu idari karar 11.09.2007 tarihini ta\u015f\u0131maktad\u0131r ve karar\u0131n gerek\u00e7esinde de belirtildi\u011fi gibi &#8220;eski hale getirme&#8221; \u00e7al\u0131\u015fmalar\u0131 karar tarihi itibar\u0131 ile hen\u00fcz tamamlanmam\u0131\u015ft\u0131r.<\/span><\/p>\n<p align=\"justify\"><span style=\"font-size: 12pt; font-family: 'Palatino Linotype', 'Book Antiqua', Palatino, serif;\">K\u00f6t\u00fc hava ko\u015fullar\u0131ndan s\u00f6z edilemeyecek bir yaz mevsimi s\u00fcresince gemi yetersizli\u011fi giderilememi\u015f ve\u00a0<strong>Heybeliada<\/strong><strong>\u00c7am<\/strong>\u00a0<strong>Liman\u0131<\/strong>&#8216;nda meydana gelen \u00e7evre kirlili\u011fi sonland\u0131r\u0131lamam\u0131\u015ft\u0131r.<\/span><\/p>\n<p align=\"justify\"><span style=\"font-size: 12pt; font-family: 'Palatino Linotype', 'Book Antiqua', Palatino, serif;\">Yukar\u0131da a\u00e7\u0131klad\u0131\u011f\u0131m\u0131z gerek\u00e7elerle ilgili &#8220;i\u015fleme konulmama&#8221; karar\u0131 hukuka ayk\u0131r\u0131d\u0131r.<\/span><\/p>\n<p align=\"justify\"><span style=\"font-size: 12pt; font-family: 'Palatino Linotype', 'Book Antiqua', Palatino, serif;\">KANITLAR\u00a0 :<\/span><\/p>\n<p align=\"justify\"><span style=\"font-size: 12pt; font-family: 'Palatino Linotype', 'Book Antiqua', Palatino, serif;\">\u0130\u00e7i\u015fleri Bakanl\u0131\u011f\u0131 Mahalli \u0130dareler Genel M\u00fcd\u00fcrl\u00fc\u011f\u00fc&#8217;n\u00fcn 11.09.2007 tarihli itiraza konu karar \u00f6rne\u011fi, Adalar Cumhuriyet Ba\u015fsavc\u0131l\u0131\u011f\u0131n\u0131n ilgili soru\u015fturma dosyas\u0131<\/span><\/p>\n<p align=\"justify\"><span style=\"font-size: 12pt; font-family: 'Palatino Linotype', 'Book Antiqua', Palatino, serif;\">SONU\u00c7 VE \u0130STEM:<\/span><\/p>\n<p align=\"justify\"><span style=\"font-size: 12pt; font-family: 'Palatino Linotype', 'Book Antiqua', Palatino, serif;\">Yukar\u0131da a\u00e7\u0131klanan ve resen g\u00f6zetilecek di\u011fer nedenlerle \u0130\u00e7i\u015fleri Bakanl\u0131\u011f\u0131 Mahalli \u0130dareler Genel M\u00fcd\u00fcrl\u00fc\u011f\u00fcn\u00fcn 11.09.2007 tarihli i\u015fleme konulmama karar\u0131n\u0131n kald\u0131r\u0131lmas\u0131na ili\u015fkin itirazlar\u0131m\u0131z\u0131n kabul edilerek an\u0131lan karar\u0131n kald\u0131r\u0131lmas\u0131na, yarg\u0131lama giderleri ve vekalet \u00fccretinin daval\u0131 idare \u00fczerinde b\u0131rak\u0131lmas\u0131na karar verilmesini talep ederiz. 14.01.2008<\/span><\/p>\n<p align=\"center\"><span style=\"font-size: 12pt; font-family: 'Palatino Linotype', 'Book Antiqua', Palatino, serif;\">\u00a0\u00a0\u00a0\u00a0\u00a0\u00a0\u00a0\u00a0\u00a0\u00a0\u00a0\u00a0\u00a0\u00a0\u00a0\u00a0\u00a0\u00a0\u00a0\u00a0\u00a0\u00a0\u00a0\u00a0\u00a0\u00a0\u00a0\u00a0\u00a0\u00a0\u00a0\u00a0\u00a0\u00a0\u00a0\u00a0\u00a0\u00a0\u00a0\u00a0\u00a0\u00a0\u00a0\u00a0\u00a0\u00a0\u00a0\u00a0\u00a0\u00a0\u00a0\u00a0\u00a0\u00a0\u00a0\u00a0\u00a0\u00a0\u00a0\u00a0 Davac\u0131<\/span><\/p>\n<p align=\"right\"><span style=\"font-size: 12pt; font-family: 'Palatino Linotype', 'Book Antiqua', Palatino, serif;\">TMMOB Mimarlar Odas\u0131<\/span><\/p>\n<p align=\"right\"><span style=\"font-size: 12pt; font-family: 'Palatino Linotype', 'Book Antiqua', Palatino, serif;\">\u0130stanbul B\u00fcy\u00fckkent \u015eubesi<\/span><\/p>\n","protected":false},"excerpt":{"rendered":"<p>Duvar\u0131 Y\u0131k, Spor \u00d6zg\u00fcrl\u00fckt\u00fcr! Heybeliada Kamuoyuna, Heybeliada \u00c7am Liman\u0131\u2019nda se\u00e7im \u00f6ncesinde ba\u015flayan, t\u00fcm taleplerimize ra\u011fmen belediyeye ve ada halk\u0131na plan\u0131 ve projesi bildirilmeyen futbol sahas\u0131 in\u015faat\u0131 Heybeliadal\u0131lar taraf\u0131ndan merak ve heyecanla\u00a0takip ediliyordu. Futbol saham\u0131za son bir haftada eklenen 3 metrelik duvarlar, orman alan\u0131na yap\u0131lan tecav\u00fczler Adal\u0131lar\u0131n tepkisini \u00e7ekmekte ve adam\u0131z\u0131n g\u00f6zbebe\u011fi \u00c7am Liman\u0131\u2019nda bir yap\u0131la\u015fma &hellip;<\/p>\n","protected":false},"author":1,"featured_media":3369,"comment_status":"open","ping_status":"open","sticky":false,"template":"","format":"standard","meta":{"_monsterinsights_skip_tracking":false,"_monsterinsights_sitenote_active":false,"_monsterinsights_sitenote_note":"","_monsterinsights_sitenote_category":0},"categories":[1,17,3,49],"tags":[57,99],"_links":{"self":[{"href":"https:\/\/dokuzadabirdeniz.com\/index.php?rest_route=\/wp\/v2\/posts\/1639"}],"collection":[{"href":"https:\/\/dokuzadabirdeniz.com\/index.php?rest_route=\/wp\/v2\/posts"}],"about":[{"href":"https:\/\/dokuzadabirdeniz.com\/index.php?rest_route=\/wp\/v2\/types\/post"}],"author":[{"embeddable":true,"href":"https:\/\/dokuzadabirdeniz.com\/index.php?rest_route=\/wp\/v2\/users\/1"}],"replies":[{"embeddable":true,"href":"https:\/\/dokuzadabirdeniz.com\/index.php?rest_route=%2Fwp%2Fv2%2Fcomments&post=1639"}],"version-history":[{"count":2,"href":"https:\/\/dokuzadabirdeniz.com\/index.php?rest_route=\/wp\/v2\/posts\/1639\/revisions"}],"predecessor-version":[{"id":3370,"href":"https:\/\/dokuzadabirdeniz.com\/index.php?rest_route=\/wp\/v2\/posts\/1639\/revisions\/3370"}],"wp:featuredmedia":[{"embeddable":true,"href":"https:\/\/dokuzadabirdeniz.com\/index.php?rest_route=\/wp\/v2\/media\/3369"}],"wp:attachment":[{"href":"https:\/\/dokuzadabirdeniz.com\/index.php?rest_route=%2Fwp%2Fv2%2Fmedia&parent=1639"}],"wp:term":[{"taxonomy":"category","embeddable":true,"href":"https:\/\/dokuzadabirdeniz.com\/index.php?rest_route=%2Fwp%2Fv2%2Fcategories&post=1639"},{"taxonomy":"post_tag","embeddable":true,"href":"https:\/\/dokuzadabirdeniz.com\/index.php?rest_route=%2Fwp%2Fv2%2Ftags&post=1639"}],"curies":[{"name":"wp","href":"https:\/\/api.w.org\/{rel}","templated":true}]}}