{"id":1596,"date":"2015-11-17T16:28:20","date_gmt":"2015-11-17T14:28:20","guid":{"rendered":"http:\/\/dokuzadabirdeniz.com\/?p=1596"},"modified":"2020-05-29T16:18:37","modified_gmt":"2020-05-29T13:18:37","slug":"suclular-ve-gucluler-bir-uzun-yassiada-sivriada-hikayesi","status":"publish","type":"post","link":"https:\/\/dokuzadabirdeniz.com\/?p=1596","title":{"rendered":"Su\u00e7lular ve G\u00fc\u00e7l\u00fcler: Bir Uzun Yass\u0131ada-Sivriada Hikayesi&#8230;"},"content":{"rendered":"<p><span style=\"font-family: 'Palatino Linotype', 'Book Antiqua', Palatino, serif; font-size: 12pt;\"><b><strong>\u00d6mer Suvari<\/strong><\/b>\u00a0&#8211;<i><i> Heybeliada<\/i><\/i><\/span><\/p>\n<p><span><b><span style=\"font-family: 'Palatino Linotype', 'Book Antiqua', Palatino, serif; font-size: medium;\">Yass\u0131ada ve Sivriada\u2019n\u0131n imara a\u00e7\u0131lmas\u0131 s\u00fcrecinin\u00a0gerisinde \u00e7e\u015fitli h\u00fck\u00fcmetler, bakanl\u0131klar, koruma\u00a0<\/span><span style=\"font-family: 'Palatino Linotype', 'Book Antiqua', Palatino, serif;\">kurullar\u0131<\/span><span><span style=\"font-family: 'Palatino Linotype', 'Book Antiqua', Palatino, serif; font-size: medium;\">\u00a0gibi resmi kurumlar\u0131n <\/span> <span style=\"font-family: 'Palatino Linotype', 'Book Antiqua', Palatino, serif; font-size: medium;\">yan\u0131 s\u0131ra gazetecilerden\u00a0in\u015faat \u015firketlerine, STK&#8217;lardan belediyelere, sermaye gruplar\u0131ndan koruma kurullar\u0131na, mimarlara,\u00a0yerel ve b\u00f6lgesel akt\u00f6rlere kadar uzanan tan\u0131d\u0131k tan\u0131mad\u0131k pek \u00e7ok de\u011fi\u015fik fig\u00fcr\u00fcn\u00a0yer ald\u0131\u011f\u0131 y\u0131llar s\u00fcren bir giri\u015fimler dizisi var. T\u00fcrkiye&#8217;nin\u00a0g\u00f6rd\u00fc\u011f\u00fc en b\u00fcy\u00fck ve en ak\u0131lalmaz, en f\u00fctursuz\u00a0do\u011fa ya\u011fmalar\u0131ndan birine\u00a0sahne olan Yass\u0131ada\u00a0ve Sivriada&#8217;n\u0131n\u00a0talan\u0131nda \u00e7ok say\u0131da \u201csu\u00e7lu\u201d ve \u201cg\u00fc\u00e7l\u00fc\u201d var. Belki bu adalar\u0131\u00a0korumak i\u00e7in yeteri kadar direnemedi\u011fimiz, direnmenin daha ba\u015fka ve daha etkili yollar\u0131n\u0131 bulamad\u0131\u011f\u0131m\u0131z i\u00e7in bizler de\u00a0su\u00e7luyuz. Ama bu b\u00fcy\u00fck kent ve do\u011fa ya\u011fmas\u0131n\u0131n\u00a0\u0130stanbul&#8217;da ve\u00a0Adalar&#8217;da tekrar edilmemesi i\u00e7in\u00a0su\u00e7lular da unutulmas\u0131n istiyoruz&#8230; Biraz uzunca bir yaz\u0131yla neredeyse 20 y\u0131ll\u0131k bir ge\u00e7mi\u015fi olan bu hikayeyi\u00a0dinlemek isterseniz, buradan buyurun&#8230;<\/span><\/span><\/b><\/span><\/p>\n<p><span style=\"font-family: 'Palatino Linotype', 'Book Antiqua', Palatino, serif; font-size: 12pt;\"><a href=\"http:\/\/dokuzadabirdeniz.com\/wp-content\/uploads\/foto\u011fraf-3-5.jpg\"><img loading=\"lazy\" class=\"alignleft wp-image-2439 \" src=\"http:\/\/dokuzadabirdeniz.com\/wp-content\/uploads\/foto\u011fraf-3-5-1024x765.jpg\" alt=\"foto\u011fraf-3-5\" width=\"426\" height=\"318\" srcset=\"https:\/\/dokuzadabirdeniz.com\/wp-content\/uploads\/foto\u011fraf-3-5-1024x765.jpg 1024w, https:\/\/dokuzadabirdeniz.com\/wp-content\/uploads\/foto\u011fraf-3-5-150x112.jpg 150w, https:\/\/dokuzadabirdeniz.com\/wp-content\/uploads\/foto\u011fraf-3-5-300x224.jpg 300w, https:\/\/dokuzadabirdeniz.com\/wp-content\/uploads\/foto\u011fraf-3-5.jpg 1280w\" sizes=\"(max-width: 426px) 100vw, 426px\" \/><\/a>Marmara Denizi&#8217;nin ortas\u0131nda 14 May\u0131s 2015\u00a0tarihinden\u00a0bu yana bir in\u015faat alan\u0131 var. T\u00fcrkiye&#8217;de b\u00fct\u00fcn bir adan\u0131n dev bir \u015fantiye haline getirildi\u011fi \u00a0ilk \u00f6rne\u011fin ad\u0131 <em>&#8220;Demokrasi ve \u00d6zg\u00fcrl\u00fck Adalar\u0131\u00a0Projesi&#8221;.<\/em> \u00a0B\u00fcy\u00fck \u0130stanbul depremine yol a\u00e7acak Kuzey Marmara Fay\u0131&#8217;n\u0131n bir ka\u00e7 y\u00fcz metre yan\u0131ba\u015f\u0131nda, muhtemel bir tsunam\u0131nin ilk dura\u011f\u0131nda, Marmara f\u0131rt\u0131nalar\u0131n\u0131n ve r\u00fczgarlar\u0131n\u0131n g\u00f6be\u011finde bir in\u015faat alan\u0131. Akla, bilime, mant\u0131\u011fa, ekonomik rasyonalitelere, ekolojik raporlara, tarihsel deneyime meydan okuyan ve hi\u00e7 bir itiraza\u00a0kulak asmayan AKP iktidar\u0131n\u0131n belki de en g\u00fczel \u00f6zeti olan dev bir f\u00fctursuzluk\u00a0simgesi:\u00a0Yass\u0131ada Demokrasi Adas\u0131 in\u015faat\u0131, Yass\u0131ada m\u00fczesi, Yass\u0131ada ve Sivriada otel, restoran, marina, tekne park, pastahane, d\u00fc\u011f\u00fcn salonu, kuaf\u00f6r, m\u00fcze, kongre salonu, bellek mekan\u0131, turizm merkezi ve otoparklar\u0131 in\u015faat\u0131&#8230;<\/span> <span style=\"font-family: 'Palatino Linotype', 'Book Antiqua', Palatino, serif; font-size: 12pt;\">Ku\u015fkusuz bu ak\u0131lalmaz in\u015faat s\u00fcreci bir g\u00fcnde geli\u015fmedi. Yass\u0131ada ve Sivriada\u2019n\u0131n imara a\u00e7\u0131lmas\u0131 ve merkezi h\u00fck\u00fcmetin kent ve do\u011fa ya\u011fmas\u0131 politikalar\u0131na konu olmas\u0131n\u0131n gerisinde, i\u00e7inde STK&#8217;lardan, belediyelere, koruma kurular\u0131ndan, gazetecilere, in\u015faat \u015firketlerinden mimarlara kadar uzanan tan\u0131d\u0131k tan\u0131mad\u0131k pek \u00e7ok de\u011fi\u015fik akt\u00f6r\u00fcn yer ald\u0131\u011f\u0131 y\u0131llar s\u00fcren bir giri\u015fimler dizisi var. T\u00fcrkiye\u2019nin g\u00f6rd\u00fc\u011f\u00fc en b\u00fcy\u00fck ve en f\u00fctursuz kent ve do\u011fa ya\u011fmalar\u0131ndan birine sahne olan Yass\u0131ada ve Sivriada\u2019n\u0131n talan\u0131nda g\u00f6r\u00fcnen g\u00f6r\u00fcnmeyen \u00e7ok say\u0131da \u201csu\u00e7lu\u201d ve \u201cg\u00fc\u00e7l\u00fc\u201d \u00a0var. Yass\u0131ada ve Sivriada\u2019daki s\u00fcrecin, bu b\u00fcy\u00fck kent ve do\u011fa ya\u011fmas\u0131n\u0131n di\u011fer Adalar\u2019a da yay\u0131lmas\u0131n\u0131 engellemek i\u00e7in hem bu su\u00e7lular\u0131, hem de malum g\u00fc\u00e7l\u00fcleri daha yak\u0131ndan tan\u0131mak, Adalar\u2019daki giri\u015fimlere ve tart\u0131\u015fmalara yak\u0131ndan bakmak \u00a0\u00e7oktan bir zorunluluk haline geldi. \u00c7\u00fcnk\u00fc bu tart\u0131\u015fmalar ve yakla\u015f\u0131mlar Adalar\u2019da\u00a0oldu\u011fu kadar,\u00a0\u0130stanbul\u2019daki sosyal ve siyasal hayat\u0131 da, kent hareketinin gelece\u011fini de etkilemeye\u00a0devam edecek\u2026<\/span><\/p>\n<figure id=\"attachment_3171\" aria-describedby=\"caption-attachment-3171\" style=\"width: 405px\" class=\"wp-caption alignleft\"><a href=\"http:\/\/dokuzadabirdeniz.com\/wp-content\/uploads\/140520151300351580880.jpg\"><img loading=\"lazy\" class=\"wp-image-3171 \" src=\"http:\/\/dokuzadabirdeniz.com\/wp-content\/uploads\/140520151300351580880.jpg\" alt=\"140520151300351580880\" width=\"405\" height=\"228\" srcset=\"https:\/\/dokuzadabirdeniz.com\/wp-content\/uploads\/140520151300351580880.jpg 720w, https:\/\/dokuzadabirdeniz.com\/wp-content\/uploads\/140520151300351580880-150x84.jpg 150w, https:\/\/dokuzadabirdeniz.com\/wp-content\/uploads\/140520151300351580880-300x169.jpg 300w\" sizes=\"(max-width: 405px) 100vw, 405px\" \/><\/a><figcaption id=\"caption-attachment-3171\" class=\"wp-caption-text\"><em>Ahmet Davuto\u011flu Yass\u0131ada temel atma t\u00f6reninde&#8230; (May\u0131s 2015)<\/em><\/figcaption><\/figure>\n<p><strong><span style=\"font-family: 'Palatino Linotype', 'Book Antiqua', Palatino, serif; font-size: 12pt;\">Yass\u0131ada ve Sivriada\u2019da ne yap\u0131l\u0131yor?<\/span><\/strong><\/p>\n<p><span style=\"font-family: 'Palatino Linotype', 'Book Antiqua', Palatino, serif; font-size: 12pt;\">D\u00f6nemin ba\u015fbakan\u0131 Ahmet Davuto\u011flu\u2019nun d\u00fczenledi\u011fi <em>\u201cDemokrasi ve \u00d6zg\u00fcrl\u00fck Adalar\u0131 Temel Atma T\u00f6reni\u201d<\/em>yle Yass\u0131ada ve Sivriada\u2019ya ilk kazma 14 May\u0131s 2015 tarihinde vuruldu. \u0130\u00e7inde bulundu\u011fumuz g\u00fcnlerde de (aksi y\u00f6nde mahkeme kararlar\u0131 olmas\u0131na ra\u011fmen) Sivriada\u2019da in\u015faat\u00e7\u0131 firmaya \u201cyer teslimi\u201d yap\u0131ld\u0131\u011f\u0131na ve \u00f6n\u00fcm\u00fczdeki aylarda in\u015faat\u0131n ba\u015flayaca\u011f\u0131na dair s\u00f6ylentiler dola\u015f\u0131yor.\u00a0<\/span><span style=\"font-family: 'Palatino Linotype', 'Book Antiqua', Palatino, serif; font-size: 12pt;\">B\u00f6ylece bu iki ada, Adal\u0131lar&#8217;\u0131n, Adalar\u2019\u0131n belediye de dahil olmak \u00fczere t\u00fcm yerel kurumlar\u0131n\u0131n, kent ve ya\u015fam hakk\u0131 savunucular\u0131n\u0131n itirazlar\u0131na ra\u011fmen kamu otoritesi eliyle yokolu\u015fun e\u015fi\u011fine s\u00fcr\u00fckleniyor.\u00a0<\/span><\/p>\n<p><span style=\"font-family: 'Palatino Linotype', 'Book Antiqua', Palatino, serif; font-size: 12pt;\">Yass\u0131ada (Plati) ve Sivriada (Oxia) ya da \u0130stanbul halk\u0131n\u0131n diline yerle\u015fmi\u015f ad\u0131yla Hay\u0131rs\u0131zadalar uzun y\u0131llar\u00a0boyunca\u00a0sadece Adal\u0131lar\u2019\u0131n, bal\u0131k\u00e7\u0131lar\u0131n, dalg\u0131\u00e7lar\u0131n ve yelkencilerin, k\u0131sacas\u0131 denizle akrabal\u0131\u011f\u0131 olanlar\u0131n ilgi g\u00f6sterdi\u011fi \u0130stanbul adalar\u0131yd\u0131. Yass\u0131ada 1960 askeri darbesi sonras\u0131nda d\u00f6nemin Ba\u015fbakan\u0131 Adnan Menderes ve h\u00fck\u00fcmet \u00fcyelerinin yarg\u0131lamalar\u0131n\u0131n yap\u0131ld\u0131\u011f\u0131 \u00fcnl\u00fc spor salonuyla hat\u0131rlan\u0131yor, Sivriada ise 1910 y\u0131l\u0131nda \u0130stanbul\u2019dan toplanan binlerce sokak k\u00f6pe\u011finin kaderine terkedildi\u011fi bir canl\u0131\u00a0katliam\u0131n\u0131n\u00a0simgesi\u00a0ve Haydarpa\u015fa mendire\u011finin kayalar\u0131n\u0131n getirildi\u011fi eski bir ta\u015foca\u011f\u0131 b\u00f6lgesi olarak d\u00fc\u015f\u00fcn\u00fcl\u00fcyordu.\u00a0 <\/span><\/p>\n<figure id=\"attachment_3172\" aria-describedby=\"caption-attachment-3172\" style=\"width: 493px\" class=\"wp-caption alignleft\"><a href=\"http:\/\/dokuzadabirdeniz.com\/wp-content\/uploads\/1280px-John_the_Orphanotrophos_exiles_Constantine_Dalassenos.jpg\"><img loading=\"lazy\" class=\"wp-image-3172 \" src=\"http:\/\/dokuzadabirdeniz.com\/wp-content\/uploads\/1280px-John_the_Orphanotrophos_exiles_Constantine_Dalassenos-1024x428.jpg\" alt=\"1280px-John_the_Orphanotrophos_exiles_Constantine_Dalassenos\" width=\"493\" height=\"206\" srcset=\"https:\/\/dokuzadabirdeniz.com\/wp-content\/uploads\/1280px-John_the_Orphanotrophos_exiles_Constantine_Dalassenos-1024x428.jpg 1024w, https:\/\/dokuzadabirdeniz.com\/wp-content\/uploads\/1280px-John_the_Orphanotrophos_exiles_Constantine_Dalassenos-150x63.jpg 150w, https:\/\/dokuzadabirdeniz.com\/wp-content\/uploads\/1280px-John_the_Orphanotrophos_exiles_Constantine_Dalassenos-300x125.jpg 300w, https:\/\/dokuzadabirdeniz.com\/wp-content\/uploads\/1280px-John_the_Orphanotrophos_exiles_Constantine_Dalassenos.jpg 1280w\" sizes=\"(max-width: 493px) 100vw, 493px\" \/><\/a><figcaption id=\"caption-attachment-3172\" class=\"wp-caption-text\"><em>Dalassenos&#8217;un Yass\u0131ada&#8217;ya S\u00fcrg\u00fcn\u00fc (Minyat\u00fcr, 13. y\u00fczy\u0131l)<\/em><\/figcaption><\/figure>\n<p><span style=\"font-family: 'Palatino Linotype', 'Book Antiqua', Palatino, serif; font-size: 12pt;\">Yass\u0131ada\u00a0ve Sivriada&#8217;n\u0131n\u00a0tarihini 1960 y\u0131l\u0131yla ba\u015flatanlar taraf\u0131ndan\u00a0\u0131srarla unutturulmaya \u00e7al\u0131\u015f\u0131lsa da bu iki ada Roma, Bizans ve Osmanl\u0131 d\u00f6nemleri boyunca s\u00fcrg\u00fcn yeri olarak kullan\u0131lan en zorlu hapis ve inziva yeri olarak tan\u0131n\u0131yordu.\u00a0<\/span><span style=\"font-family: 'Palatino Linotype', 'Book Antiqua', Palatino, serif; font-size: 12pt;\">\u0130stanbul\u2019un en olumsuz hava, r\u00fczgar ve deniz\u00a0ko\u015fullar\u0131n\u0131n h\u00fck\u00fcm s\u00fcrd\u00fc\u011f\u00fc b\u00f6lgeydi. Poyraz\u0131n, lodosun, papaz r\u00fczgar\u0131n\u0131n, karayelin, t\u00fcm g\u00fc\u00e7l\u00fc \u0130stanbul r\u00fczgarlar\u0131n\u0131n, Marmara f\u0131rt\u0131nalar\u0131n\u0131n ve g\u00fc\u00e7l\u00fc deniz ak\u0131nt\u0131lar\u0131n\u0131n g\u00f6be\u011findeki Yass\u0131ada ve Sivriada\u00a0yaln\u0131zca asla geri d\u00f6nememeleri\u00a0i\u00e7in adaya g\u00f6nderilen s\u00fcrg\u00fcnlerin de\u011fil,\u00a0\u0130stanbul\u2019a denizden yakla\u015fan sald\u0131rganlar\u0131n da ilk u\u011fra\u011f\u0131yd\u0131. Yass\u0131ada ve Sivriada\u00a0tarihin hi\u00e7 bir d\u00f6neminde kal\u0131c\u0131 bir yerle\u015fime izin vermemi\u015f, maceraperestler dahil yerli yabanc\u0131 t\u00fcm konuklar\u0131n\u0131 sert do\u011fa ko\u015fullar\u0131 nedeniyle k\u0131sa s\u00fcrede uzakla\u015ft\u0131rm\u0131\u015ft\u0131. Sir Henry Bulwer&#8217;in ve Hidiv \u0130smail Pa\u015fa&#8217;n\u0131n ge\u00e7en y\u00fczy\u0131ldaki ba\u015far\u0131s\u0131z adaya yerle\u015fme hikayeleri bug\u00fcn hala haf\u0131zalarda&#8230;<\/span><\/p>\n<p><span style=\"font-family: 'Palatino Linotype', 'Book Antiqua', Palatino, serif; font-size: 12pt;\">1947\u2019de Deniz Kuvvetleri Komutanl\u0131\u011f\u0131\u2019na e\u011fitim tesisi kurulmas\u0131\u00a0amac\u0131yla devredilen Yass\u0131ada ve uzun tarihi boyunca neredeyse tamamen \u0131ss\u0131z kalan\u00a0Sivriada 1970\u2019li y\u0131llar\u0131n sonlar\u0131ndan itibaren (1993 y\u0131l\u0131ndaki \u0130.\u00dc. Su \u00dcr\u00fcnleri Fak\u00fcltesi\u2019nin iki y\u0131l bile s\u00fcrmeyen \u00e7ok k\u0131sa maceras\u0131 say\u0131lmazsa), kal\u0131c\u0131 ve s\u00fcrekli bir insan trafi\u011finin bulunmad\u0131\u011f\u0131 \u0130stanbul adalar\u0131yd\u0131. Askeri kullan\u0131m\u00a0d\u00f6neminde yap\u0131lan\u00a0plans\u0131z restorasyon, kaz\u0131 ve \u00e7evre d\u00fczenlemesi giri\u015fimlerinin, adan\u0131n ekosisteminde yarat\u0131lan tahribat\u0131n\u00a0do\u011fa taraf\u0131ndan onar\u0131ld\u0131\u011f\u0131\u00a0bu adalar, insan m\u00fcdahalesinden uzak oldu\u011fu 30 y\u0131la yak\u0131n s\u00fcre boyunca\u00a0ada, k\u0131y\u0131 ve deniz eko-sistemini yeniden canland\u0131r\u0131yordu. Yass\u0131ada ve Sivriada san\u0131ld\u0131\u011f\u0131 gibi kaderine terkedilmi\u015f &#8220;i\u015fe yaramaz&#8221; toprak par\u00e7alar\u0131 de\u011fildi, iki ada da do\u011fal bir ekolojik restorasyon s\u00fcreci ya\u015f\u0131yordu.<\/span><\/p>\n<p><span style=\"font-family: 'Palatino Linotype', 'Book Antiqua', Palatino, serif; font-size: 12pt;\">\u0130stanbul\u2019a 12. km, di\u011fer adalara 5 km. uzakl\u0131ktaki Yass\u0131ada ve Sivriada\u2019da, di\u011fer adalar\u0131n evcille\u015ftirilmi\u015f do\u011fal ya\u015fam\u0131 i\u00e7inde\u00a0uzun zaman \u00f6nce yok olan ku\u015f, b\u00f6cek ve bitki t\u00fcrleri yeniden hayat buluyor, k\u0131y\u0131lar\u0131ndaki mercan ve gorgon yataklar\u0131, k\u0131y\u0131 ekosistemi bal\u0131klar ve deniz canl\u0131lar\u0131 i\u00e7in bir \u00fcreme alan\u0131 olarak geli\u015fiyordu. Adalar\u00a0ku\u015f g\u00f6\u00e7leri i\u00e7in bir s\u0131\u011f\u0131nak rol\u00fc oynuyor ve bo\u011faz ak\u0131nt\u0131lar\u0131n\u0131n getirdi\u011fi canl\u0131l\u0131k Marmara, Bo\u011fazlar ve Adalar ekosistemini ayakta tutmaya devam ediyordu. \u00dcstelik\u00a0her iki adada Roma, Bizans ve Osmanl\u0131 d\u00f6nemlerine ait \u00a0arkeolojik kal\u0131nt\u0131lar \u00a0incelenmeyi bekliyordu. Gerek Bulwer \u015fatosunun, gerekse de 1950&#8217;lerdeki askeri binalar\u0131n in\u015faatlar\u0131nda tarihi kal\u0131nt\u0131lar dolgu malzemesi olarak kullan\u0131lm\u0131\u015f, arkeolojik olarak <em>&#8220;neyi kaybetti\u011fimizi&#8221;<\/em> bilmek bile b\u00fcy\u00fck \u00f6nem kazanm\u0131\u015ft\u0131. <strong><em>Prof. Dr. E. \u00d6zbayo\u011flu<\/em><\/strong>\u2019nun y\u0131llar \u00f6nce yapt\u0131\u011f\u0131 bir y\u00fczey ara\u015ft\u0131rmas\u0131 d\u0131\u015f\u0131nda Yass\u0131ada ve Sivriada&#8217;da kaydede\u011fer bir envanter \u00e7al\u0131\u015fmas\u0131 bile\u00a0\u00a0yap\u0131lmam\u0131\u015ft\u0131.<\/span><\/p>\n<figure id=\"attachment_2853\" aria-describedby=\"caption-attachment-2853\" style=\"width: 465px\" class=\"wp-caption alignleft\"><a href=\"http:\/\/dokuzadabirdeniz.com\/wp-content\/uploads\/yassiada_1.jpg\"><img loading=\"lazy\" class=\"wp-image-2853 \" src=\"http:\/\/dokuzadabirdeniz.com\/wp-content\/uploads\/yassiada_1-e1454982096450.jpg\" alt=\"yassiada_1\" width=\"465\" height=\"304\" srcset=\"https:\/\/dokuzadabirdeniz.com\/wp-content\/uploads\/yassiada_1-e1454982096450.jpg 572w, https:\/\/dokuzadabirdeniz.com\/wp-content\/uploads\/yassiada_1-e1454982096450-150x98.jpg 150w, https:\/\/dokuzadabirdeniz.com\/wp-content\/uploads\/yassiada_1-e1454982096450-300x196.jpg 300w\" sizes=\"(max-width: 465px) 100vw, 465px\" \/><\/a><figcaption id=\"caption-attachment-2853\" class=\"wp-caption-text\"><em>1950&#8217;lerde Yass\u0131ada&#8217;n\u0131n askeri tahribat\u0131&#8230;<\/em><\/figcaption><\/figure>\n<p><span style=\"font-family: 'Palatino Linotype', 'Book Antiqua', Palatino, serif; font-size: 12pt;\">Ancak \u00a0Yass\u0131ada ve Sivriada 2000\u2019li y\u0131llarda metala\u015fmam\u0131\u015f do\u011fal mekanlar\u0131 emlak ve turizm piyasas\u0131na dahil etmeye dayanan h\u00fck\u00fcmet politikalar\u0131n\u0131n konusu haline geldi. T\u00fcm adalar\u0131 oldu\u011fu gibi Yass\u0131ada ve Sivriada\u2019y\u0131 da <strong>mali, politik ve simgesel yat\u0131r\u0131m alan\u0131<\/strong> olarak yeniden kurgulamaya ve turistikle\u015ftirmeye y\u00f6nelik projeler 2000\u2019li y\u0131llarda\u00a0olgunla\u015fmaya ba\u015flad\u0131.\u00a0<\/span><\/p>\n<p>&nbsp;<\/p>\n<p><span style=\"font-family: 'Palatino Linotype', 'Book Antiqua', Palatino, serif; font-size: 12pt;\"><b>Yass\u0131ada-Sivriada\u00a0i\u00e7in\u00a0&#8220;\u00c7\u0131lg\u0131n Proje&#8221; Y\u0131llar\u0131<\/b><\/span><\/p>\n<p><span style=\"font-family: 'Palatino Linotype', 'Book Antiqua', Palatino, serif; font-size: 12pt;\">Yass\u0131ada ve Sivriada\u2019ya y\u00f6nelik projelerin temeli ve kamuoyu alg\u0131s\u0131n\u0131 y\u00f6netecek arg\u00fcmanlar b\u00fcy\u00fck \u00f6l\u00e7\u00fcde 2000&#8217;li y\u0131llar\u0131n ba\u015f\u0131nda olu\u015fmaya ba\u015flad\u0131. Ekonomik krizin etkileri Adalar&#8217;\u0131n yerle\u015fik n\u00fcfusunun i\u00e7ine s\u00fcr\u00fcklendi\u011fi\u00a0yoksunluk ve ekonomik s\u0131k\u0131nt\u0131larla birle\u015fince adalar\u0131n &#8220;ekonomik de\u011feri&#8221; hat\u0131rlanmaya ba\u015fland\u0131. Adalar\u0131n &#8220;paraya d\u00f6n\u00fc\u015ft\u00fcr\u00fclebilecek k\u00fclt\u00fcrel, tarihsel zenginlikleri var&#8221;d\u0131, &#8220;do\u011fal ve kentsel zenginlikler adalar\u0131n ekonomisini canland\u0131rabilir&#8221;di vs.. Yass\u0131ada ve Sivriada s\u00f6zkonusu oldu\u011funda da <em>\u00a0\u201cOrada, uzakta bo\u015f bo\u015f duran iki ada mutlaka kullan\u0131lmal\u0131\u201d<\/em>yd\u0131. Dahas\u0131\u00a0<em>\u201cSivriada ve Yass\u0131ada\u2019y\u0131 ekonomiye ve turizme kazand\u0131rmak gerekiyor\u201d<\/em>du, <em>&#8220;Buradaki yat\u0131r\u0131mlar di\u011fer Adalar\u2019\u0131n ekonomisini\u00a0de canland\u0131racakt\u0131\u201d, \u201cDemokrasi ve darbeler tarihinin \u00f6nemli hat\u0131ralar\u0131na ev sahipli\u011fi yapan bu adalar bellek mekanlar\u0131 olabilirdi\u201d, &#8220;Maddi s\u0131k\u0131nt\u0131lar i\u00e7indeki Adalar Belediyesi de b\u00f6ylece bir kazan\u00e7 kap\u0131s\u0131na \u00a0kavu\u015fabilirdi&#8221;\u00a0<\/em>\u00a0vs\u2026 Her sosyal ve siyasal kesimin a\u011fz\u0131na bir parmak bal \u00e7alan bu arg\u00fcmanlar\u0131n arkas\u0131 \u00a0k\u0131sa zamanda geldi.<\/span><\/p>\n<figure id=\"attachment_2902\" aria-describedby=\"caption-attachment-2902\" style=\"width: 455px\" class=\"wp-caption alignright\"><img loading=\"lazy\" class=\"wp-image-2902 size-full\" src=\"http:\/\/dokuzadabirdeniz.com\/wp-content\/uploads\/igdas_adalar10.jpg\" alt=\"igdas_adalar10\" width=\"455\" height=\"318\" srcset=\"https:\/\/dokuzadabirdeniz.com\/wp-content\/uploads\/igdas_adalar10.jpg 455w, https:\/\/dokuzadabirdeniz.com\/wp-content\/uploads\/igdas_adalar10-150x105.jpg 150w, https:\/\/dokuzadabirdeniz.com\/wp-content\/uploads\/igdas_adalar10-300x210.jpg 300w\" sizes=\"(max-width: 455px) 100vw, 455px\" \/><figcaption id=\"caption-attachment-2902\" class=\"wp-caption-text\"><em>Kadir Topba\u015f ve Co\u015fkun \u00d6zden B\u00fcy\u00fckada&#8217;da&#8230;<\/em><\/figcaption><\/figure>\n<p><span style=\"font-family: 'Palatino Linotype', 'Book Antiqua', Palatino, serif; font-size: 12pt;\">\u0130lk i\u015faret fi\u015fe\u011fi 2001 y\u0131l\u0131nda d\u00f6nemin ANAP\u2019l\u0131 Adalar Belediye Ba\u015fkan\u0131 <strong><em>Co\u015fkun \u00d6zden<\/em><\/strong> taraf\u0131ndan at\u0131ld\u0131. Sonradan\u00a0AKP\u2019ye ge\u00e7en ve bug\u00fcne kadar her se\u00e7imde AKP&#8217;den aday olan, son yerel se\u00e7imde ise\u00a0\u00a0DSP&#8217;ye ge\u00e7erek tekrar belediye ba\u015fkan\u0131 olmaya \u00e7al\u0131\u015fan\u00a0\u00d6zden&#8221;e g\u00f6re\u00a0\u201cYass\u0131ada ve Sivriada ekonomiye kazand\u0131r\u0131lmal\u0131yd\u0131.\u201c Cesur giri\u015fimcilerin katk\u0131s\u0131 bekleniyor, projeler toplan\u0131yor, d\u00f6nemin maliye bakan\u0131\u00a0S\u00fcmer Oral&#8217;la\u00a0g\u00f6r\u00fc\u015f\u00fcl\u00fcyor\u201ddu. (<i>Sabah,<\/i> 5.08.2001)<\/span><\/p>\n<figure id=\"attachment_3173\" aria-describedby=\"caption-attachment-3173\" style=\"width: 356px\" class=\"wp-caption alignleft\"><a href=\"http:\/\/dokuzadabirdeniz.com\/wp-content\/uploads\/OTc2OTcxNz-2005-yilinda-kadir-topbasin-sivriada-projesi.jpg\"><img loading=\"lazy\" class=\"wp-image-3173 \" src=\"http:\/\/dokuzadabirdeniz.com\/wp-content\/uploads\/OTc2OTcxNz-2005-yilinda-kadir-topbasin-sivriada-projesi.jpg\" alt=\"OTc2OTcxNz-2005-yilinda-kadir-topbasin-sivriada-projesi\" width=\"356\" height=\"503\" srcset=\"https:\/\/dokuzadabirdeniz.com\/wp-content\/uploads\/OTc2OTcxNz-2005-yilinda-kadir-topbasin-sivriada-projesi.jpg 468w, https:\/\/dokuzadabirdeniz.com\/wp-content\/uploads\/OTc2OTcxNz-2005-yilinda-kadir-topbasin-sivriada-projesi-106x150.jpg 106w, https:\/\/dokuzadabirdeniz.com\/wp-content\/uploads\/OTc2OTcxNz-2005-yilinda-kadir-topbasin-sivriada-projesi-212x300.jpg 212w\" sizes=\"(max-width: 356px) 100vw, 356px\" \/><\/a><figcaption id=\"caption-attachment-3173\" class=\"wp-caption-text\"><em>Topba\u015f projesi: Sivriada&#8217;ya Semazen Heykeli, 2006<\/em><\/figcaption><\/figure>\n<p>&nbsp;<\/p>\n<p>&nbsp;<\/p>\n<p>&nbsp;<\/p>\n<p><span style=\"font-family: 'Palatino Linotype', 'Book Antiqua', Palatino, serif; font-size: 12pt;\">Adalar&#8217;da 1980&#8217;li y\u0131llarda h\u0131z kazanan ka\u00e7ak yap\u0131la\u015fman\u0131n, kent\u00a0ve\u00a0do\u011fa k\u0131y\u0131m\u0131n\u0131n\u00a0en b\u00fcy\u00fck sorumlusu ANAP-DYP iktidarlar\u0131 d\u00f6neminin kapanmas\u0131n\u0131n ard\u0131ndan Yass\u0131 ve Sivriadayla ilgili proje bayra\u011f\u0131n\u0131 neo-liberal d\u00f6n\u00fc\u015f\u00fcm\u00fcn yeni temsilcisi AKP devrald\u0131. Bu y\u0131llarda \u0130stanbul Adalar\u0131 zaten eski sayfiye niteli\u011fini, yazl\u0131k\u00e7\u0131-k\u0131\u015fl\u0131k\u00e7\u0131 ekonomisine dayanan niteliklerini h\u0131zla kaybediyor, b\u00fcy\u00fck bir turistikle\u015ftirme bask\u0131s\u0131 alt\u0131nda ezilmeye ba\u015fl\u0131yordu. M\u00fc\u015fterek orman ve k\u0131y\u0131 alanlar\u0131, kamu eliyle \u00f6zel ki\u015filere ihale edilirken, yoksulluk ve yoksunluk k\u0131skac\u0131 alt\u0131nda ezilen Adalar ahalisi ula\u015f\u0131mdan sa\u011fl\u0131\u011fa\u00a0pek \u00e7ok alanda sahip oldu\u011fu s\u0131n\u0131rl\u0131 olanaklar\u0131 da kaybederken,\u00a0yap\u0131la\u015fmadan ticarile\u015fmeye pek \u00e7ok alanda a\u011f\u0131r bir sald\u0131r\u0131yla y\u00fczy\u00fcze kald\u0131. <\/span><span style=\"font-family: 'Palatino Linotype', 'Book Antiqua', Palatino, serif; font-size: 12pt;\">Yass\u0131ada ve Sivriada da bu sald\u0131r\u0131 dalgas\u0131ndan pay\u0131n\u0131 alacak \u015fekilde yorumland\u0131. \u00a02005 y\u0131l\u0131nda \u0130stanbul B\u00fcy\u00fck\u015fehir Belediye Ba\u015fkan\u0131 <strong><em>Kadir Topba\u015f<\/em><\/strong> ge\u00e7mi\u015f d\u00f6nemin Yass\u0131ada ve Sivriada projelerinden \u00e7\u0131tay\u0131 y\u00fckselten ilk isim oldu.<\/span><\/p>\n<p><span style=\"font-family: 'Palatino Linotype', 'Book Antiqua', Palatino, serif; font-size: 12pt;\"> Topba\u015f, bir yandan bu iki aday\u0131 <strong>partisinin sembolik anlam d\u00fcnyas\u0131n\u0131n verimli bir yat\u0131r\u0131m alan\u0131<\/strong>\u00a0olarak kullan\u0131maya \u00e7al\u0131\u015f\u0131rken, di\u011fer yandan da oteller ve restoranlarla s\u00fcslemeyi hayal ediyordu: \u00a02005 y\u0131l\u0131nda\u00a0<b><i>\u201cKadir Topba\u015f \u0130stanbul\u2019a yakla\u015fan herkesin g\u00f6rebilece\u011fi dev bir Semazen heykeli yapmay\u0131 planlad\u0131klar\u0131n\u0131\u201d <\/i><\/b>duyurdu. <i>(Milliyet, 8 Ocak 2005) <\/i>Amerika\u2019daki \u00d6zg\u00fcrl\u00fck An\u0131t\u0131\u2019ndan daha y\u00fcksek olmas\u0131 planlanan 100 metreyi a\u015facak\u00a0dev heykelin i\u00e7ine \u00fc\u00e7 b\u00fcy\u00fck dinin ibadet mekanlar\u0131 yap\u0131lacak, ayr\u0131ca otel ve restoranlarla da ekonomik canl\u0131l\u0131k sa\u011flanacakt\u0131. O d\u00f6nem <strong><i>\u201cSivriada\u2019da kim ibadet edecek, kimin i\u00e7in ibadethane kuruyorsunuz?\u201d<\/i> <\/strong>diye soran Adal\u0131lar yan\u0131tlar\u0131n\u0131 izleyen d\u00f6nemde \u00c7aml\u0131ca tepesine yap\u0131lan camiyle alm\u0131\u015f oldular. Ancak neyse ki bu fantastik ekonomiye ve simgesel anlam d\u00fcnyam\u0131za \u201cada kazand\u0131rma projesi\u201d bir Kadir Topba\u015f fantezisi olarak kald\u0131 ve k\u0131sa s\u00fcrede unutuldu.<\/span><\/p>\n<figure id=\"attachment_2915\" aria-describedby=\"caption-attachment-2915\" style=\"width: 290px\" class=\"wp-caption alignleft\"><a href=\"http:\/\/dokuzadabirdeniz.com\/wp-content\/uploads\/832164_detay.jpg\"><img loading=\"lazy\" class=\"wp-image-2915 size-full\" src=\"http:\/\/dokuzadabirdeniz.com\/wp-content\/uploads\/832164_detay.jpg\" alt=\"832164_detay\" width=\"290\" height=\"298\" srcset=\"https:\/\/dokuzadabirdeniz.com\/wp-content\/uploads\/832164_detay.jpg 290w, https:\/\/dokuzadabirdeniz.com\/wp-content\/uploads\/832164_detay-146x150.jpg 146w\" sizes=\"(max-width: 290px) 100vw, 290px\" \/><\/a><figcaption id=\"caption-attachment-2915\" class=\"wp-caption-text\"><em>S\u0131k s\u0131k g\u00fcndeme gelen\u00a0Adalar&#8217;a k\u00f6pr\u00fc projelerinden biri&#8230;<\/em><\/figcaption><\/figure>\n<p><span style=\"font-family: 'Palatino Linotype', 'Book Antiqua', Palatino, serif; font-size: 12pt;\">Fakat\u00a0k\u0131sa zamanda T\u00fcrkiye\u2019de siyaset\u00e7ilerden mimarlara, kent bilimcilerden planlamac\u0131lara ve sivil toplum \u00f6rg\u00fctlerine kadar uzanan\u00a0yayg\u0131n hastal\u0131k k\u0131sa zamanda\u00a0tekrar n\u00fcksetti.\u00a0\u00a0Her\u00a0do\u011fal ya da kentsel alana bir proje geli\u015ftirme zorunlulu\u011fu hisseden bu yakla\u015f\u0131m \u00f6zellikle Adalar s\u00f6zkonusu oldu\u011fu s\u0131n\u0131rs\u0131z bir fantezi d\u00fcnyas\u0131 i\u00e7eriyordu. \u00a0Adalar i\u00e7in yap\u0131lan projeler giderek \u00e7o\u011fal\u0131rken, kimi ba\u015fkan adaylar\u0131, kaymakamlar vs. Adalar&#8217;\u0131 k\u00f6pr\u00fclerle, teleferiklerle, yollarla birbirine ya da \u0130stanbul\u2019a ba\u011flarken, kimileri in\u015faat hafriyatlar\u0131ndan yeni adalar kurmay\u0131, kimi Marmara\u2019n\u0131n de\u011fi\u015fik yakalar\u0131n\u0131 Adalar\u2019dan ge\u00e7en kaz\u0131kl\u0131 otoyollarla birle\u015ftirmeyi, denizleri doldurmay\u0131, karalar\u0131 yerinden oynatmay\u0131 planl\u0131yordu.\u00a0Yass\u0131ada ve Sivriada ise ta\u015f\u0131d\u0131klar\u0131 simgesel siyasi anlam nedeniyle hi\u00e7 unutulmuyordu.<\/span><\/p>\n<p><span style=\"font-family: 'Palatino Linotype', 'Book Antiqua', Palatino, serif; font-size: 12pt;\">CHP\u2019li Bak\u0131rk\u00f6y Belediye Ba\u015fkan\u0131 <strong><em>Ate\u015f \u00dcnal Erzen<\/em><\/strong> 2004 y\u0131l\u0131nda \u0130stanbul\u2019daki sokak \u00e7ocuklar\u0131n\u0131n toplanarak Yass\u0131ada\u2019ya kapat\u0131lmas\u0131n\u0131\u00a0\u00f6neriyor, eski \u0130stanbul Emniyet M\u00fcd\u00fcr\u00fc <strong><em>Necdit Menzir<\/em><\/strong> de 2007 y\u0131l\u0131nda Yass\u0131ada\u2019da bir \u00e7ocuk hapishanesi kurularak \u00e7ocuklar\u0131n g\u00f6zden uzakla\u015ft\u0131r\u0131lmas\u0131n\u0131 tavsiye ediyordu. Haleflerinden <strong><em>Celalettin Cerrah\u00a0<\/em><\/strong>da\u00a0bu projeyi onaylad\u0131. (<i>Birg\u00fcn,<\/i> 1 Aral\u0131k 2004 ve <i>Vatan,<\/i> 20 Mart 2007) Sokak \u00e7ocuklar\u0131n\u0131 g\u00f6zden uzak tutmak i\u00e7in Yass\u0131ada\u2019ya g\u00f6t\u00fcrmeyi \u00f6neren bu vicdans\u0131zl\u0131k izleyen y\u0131llarda daha \u201cestetik\u201d \u00f6nerilerle tekrar tekrar g\u00fcndeme gelecekti.<\/span><\/p>\n<p>&nbsp;<\/p>\n<p><span style=\"font-family: 'Palatino Linotype', 'Book Antiqua', Palatino, serif; font-size: 12pt;\"><b>Hapishane\u2019den &#8220;Demokrasi Adas\u0131&#8221;na&#8230;<\/b><\/span><\/p>\n<p><span style=\"font-family: 'Palatino Linotype', 'Book Antiqua', Palatino, serif; font-size: 12pt;\">Bu \u201cestetik\u201d \u00f6nerilerin ku\u015fkusuz en \u00e7ok kabul g\u00f6reni ve g\u00fcn\u00fcm\u00fcze kadar uzanan\u0131 &#8220;demokrasi m\u00fczesi&#8221;, &#8220;bellek mekan\u0131&#8221;\u00a0ve\u00a0&#8220;kent m\u00fczesi&#8221; ad\u0131 alt\u0131nda g\u00fcndeme getirilenler oldu.<\/span><\/p>\n<figure id=\"attachment_3038\" aria-describedby=\"caption-attachment-3038\" style=\"width: 300px\" class=\"wp-caption alignleft\"><a href=\"http:\/\/dokuzadabirdeniz.com\/wp-content\/uploads\/avni-a-zga\u00bcrel_3834.jpg\"><img loading=\"lazy\" class=\"wp-image-3038 size-full\" src=\"http:\/\/dokuzadabirdeniz.com\/wp-content\/uploads\/avni-a-zga\u00bcrel_3834.jpg\" alt=\"avni-a-zga\u00bcrel_3834\" width=\"300\" height=\"210\" srcset=\"https:\/\/dokuzadabirdeniz.com\/wp-content\/uploads\/avni-a-zga\u00bcrel_3834.jpg 300w, https:\/\/dokuzadabirdeniz.com\/wp-content\/uploads\/avni-a-zga\u00bcrel_3834-150x105.jpg 150w\" sizes=\"(max-width: 300px) 100vw, 300px\" \/><\/a><figcaption id=\"caption-attachment-3038\" class=\"wp-caption-text\"><em>Avni \u00d6zg\u00fcrel<\/em><\/figcaption><\/figure>\n<p><span style=\"font-family: 'Palatino Linotype', 'Book Antiqua', Palatino, serif; font-size: 12pt;\">2000\u2019lerin ortalar\u0131nda d\u00f6nemin Radikal Gazetesi yazarlar\u0131ndan ve d\u00fcn oldu\u011fu gibi bug\u00fcn de devlet televizyonlar\u0131nda boy g\u00f6stermeyi ba\u015faran ender isimlerden, \u00a0 gazeteci-yazar-TV yorumcusu-uzman\u00a0<strong><em>Avni \u00d6zg\u00fcrel<\/em><\/strong>, Yass\u0131ada ve Sivriada<\/span><span style=\"font-family: 'Palatino Linotype', 'Book Antiqua', Palatino, serif; font-size: 12pt;\">\u00a0konusunda ortal\u0131kta dola\u015fan \u00e7\u0131lg\u0131n\u00a0ve\u00a0vicdans\u0131z projeler sa\u011fana\u011f\u0131 i\u00e7inde en &#8220;\u00f6zg\u00fcn&#8221; katk\u0131lardan birini yaparak <strong><i>\u201cYass\u0131ada Demokrasi M\u00fczesi Olsun\u201d<\/i> <\/strong>g\u00f6r\u00fc\u015f\u00fcn\u00fc ilk kez dile getiren yazar olma <i>\u015ferefini<\/i>\u00a0kazand\u0131: <i>\u201cYass\u0131ada demokrasi tarihimizde ac\u0131 izler b\u0131rakan ama unutulmaz, unutulmamas\u0131 gereken bir mek\u00e2n&#8230; Orada 1960&#8217;tan geriye ne kald\u0131, ne kalmad\u0131 bilmiyorum. Lakin \u015fayet bir demokrasi m\u00fczesi yapmak gerekse Yass\u0131ada&#8217;dan daha uygun bir yer bulunamayaca\u011f\u0131ndan eminim&#8230; Sadece Demokrat Parti ve Yass\u0131ada ar\u015fivi de\u011fil b\u00fct\u00fcn demokrasi maceram\u0131z\u0131n hik\u00e2yesi ve objeleri orada toplansa fena m\u0131 olur?\u201d (<\/i><b><i>Radikal,<\/i><\/b><i> 17.09.2006)<\/i><\/span> <span style=\"font-family: 'Palatino Linotype', 'Book Antiqua', Palatino, serif; font-size: 12pt;\">&#8220;Orada ne var\u00a0bilmiyorum, ama bir demokrasi m\u00fczesi olsa \u00a0fena m\u0131 olurdu?&#8221; d\u00fc\u015f\u00fcncesi \u0130BB ve Tayyip Erdo\u011fan h\u00fck\u00fcmetleri i\u00e7in kolay kolay g\u00f6zard\u0131 edilemeyecek yeni d\u00f6nemin\u00a0projelerinden biri\u00a0haline geldi.<\/span><\/p>\n<p><span style=\"font-family: 'Palatino Linotype', 'Book Antiqua', Palatino, serif; font-size: 12pt;\">Ahmet \u015e\u0131k ve Nedim \u015eener\u2019i, Can D\u00fcndar, Erdem G\u00fcl gibi\u00a0pek \u00e7ok gazetecinin tutukland\u0131 ko\u015fullarda y\u00fcr\u00fct\u00fclen bu &#8220;demokrasi adas\u0131&#8221; projesi\u00a0\u00f6nemli bir kar\u015f\u0131 propaganda kayna\u011f\u0131 olarak i\u015fg\u00f6d\u00fc. Dahas\u0131 bu \u00f6neriye ekonomik boyutlar da kat\u0131labilirdi!<\/span> <span style=\"font-family: 'Palatino Linotype', 'Book Antiqua', Palatino, serif; font-size: 12pt;\">Bug\u00fcnden bak\u0131ld\u0131\u011f\u0131nda 2005-2008 d\u00f6neminde Sivriada ve Yass\u0131ada\u2019n\u0131n nas\u0131l kullan\u0131laca\u011f\u0131na dair H\u00fck\u00fcmet, Cemaat ve yak\u0131n \u00e7evresinde y\u00fcr\u00fcyen tart\u0131\u015fmalar\u0131n bu adalar\u0131n\u00a0kaderini nas\u0131l belirledi\u011fini\u00a0g\u00f6rebilmek m\u00fcmk\u00fcn. <\/span><\/p>\n<figure id=\"attachment_2420\" aria-describedby=\"caption-attachment-2420\" style=\"width: 485px\" class=\"wp-caption alignleft\"><a href=\"http:\/\/dokuzadabirdeniz.com\/wp-content\/uploads\/Ekran-Resmi-2015-07-27-18.58.20-e1454982606754.png\"><img loading=\"lazy\" class=\"wp-image-2420 \" src=\"http:\/\/dokuzadabirdeniz.com\/wp-content\/uploads\/Ekran-Resmi-2015-07-27-18.58.20-1024x640.png\" alt=\"Ekran-Resmi-2015-07-27-18.58.20\" width=\"485\" height=\"303\" \/><\/a><figcaption id=\"caption-attachment-2420\" class=\"wp-caption-text\"><em>Yass\u0131ada Talan\u0131nda bir ara halka: Gen\u00e7 Siviller<\/em><\/figcaption><\/figure>\n<p><span style=\"font-family: 'Palatino Linotype', 'Book Antiqua', Palatino, serif; font-size: 12pt;\">\u00d6zellikle 2006 sonras\u0131nda gerek AKP\u2019nin ak\u0131l hocalar\u0131n\u0131n, gerekse de AKP h\u00fck\u00fcmetlerinde T\u00fcrkiye\u2019nin demokratikle\u015ftirilmesini sa\u011flayacak bir demokratik devrimin temsilcilerini g\u00f6ren \u00e7e\u015fitli \u00e7evrelerin, bu adalar\u0131n ve \u00f6zellikle Yass\u0131ada\u2019n\u0131n ta\u015f\u0131d\u0131\u011f\u0131 simgesel anlama uygun \u015fekilde \u201cdemokrasi m\u00fczesi\u201d, \u201cbellek mekan\u0131\u201d, \u201cdemokrasi adas\u0131\u201d vs. olmas\u0131 y\u00f6n\u00fcnde yayg\u0131n ve etkin bir \u00e7al\u0131\u015fmaya y\u00f6neldiklerini g\u00f6rebiliyoruz&#8230;<\/span><\/p>\n<p>&nbsp;<\/p>\n<p><span style=\"font-size: 12pt; font-family: 'Palatino Linotype', 'Book Antiqua', Palatino, serif;\"><strong>Gen\u00e7 Siviller,\u00a0Cemaat, \u00a0STK&#8217;lar,\u00a0Belediyeler: Yass\u0131ada Hisseli\u00a0Demokrasi Kumpanyas\u0131&#8230;<\/strong><\/span><\/p>\n<p><span style=\"font-family: 'Palatino Linotype', 'Book Antiqua', Palatino, serif; font-size: 12pt;\">\u015eimdilerde \u201cParalel Ter\u00f6r \u00d6rg\u00fct\u00fc\u201dn\u00fcn yay\u0131n organ\u0131\u00a0olmakla su\u00e7lanan, 2000\u2019li y\u0131llarda ise h\u00fck\u00fcmet politikalar\u0131 \u00fczerinde b\u00fcy\u00fck bir itibar ve etki\u00a0g\u00fcc\u00fcne sahip olan <strong><em>Cihan Haber Ajans\u0131, Zaman <\/em><\/strong>ve <strong><em>Taraf<\/em> <\/strong>gazeteleri 2007-2008 d\u00f6neminde pe\u015fpe\u015fe Yass\u0131ada ve Sivriada\u2019n\u0131n durumuyla ilgili haberler yapmaya ba\u015flad\u0131lar.<i> \u201cCHA muhabiri <\/i><em><strong>Serta\u00e7 Dalgal\u0131dere<\/strong><\/em><i>&#8216;nin May\u0131s 2008&#8217;de bir bal\u0131k\u00e7\u0131 motoru kiralayarak uzun u\u011fra\u015flar sonucu \u00e7\u0131kt\u0131\u011f\u0131 Yass\u0131ada&#8217;da gizlice kaydetti\u011fi g\u00f6r\u00fcnt\u00fcler g\u00fcndeme bomba gibi d\u00fc\u015fm\u00fc\u015f\u201d<\/i>t\u00fc. Ada kaderine terkedilmi\u015fti, binalar harabeye d\u00f6nm\u00fc\u015ft\u00fc, duvarlarda T\u00fcrk\u00e7e, Rus\u00e7a ve \u00e7e\u015fitli anla\u015f\u0131lmayan dillerde &#8216;a\u015fk yaz\u0131lar\u0131&#8217; vard\u0131, &#8216;Adalar\u2019da fuhu\u015f alemleri&#8217; yap\u0131ld\u0131\u011f\u0131ndan endi\u015fe ediliyordu vs. <i>(<\/i><b><i>Zaman, CHA<\/i><\/b><i>, 28 May\u0131s 2011<\/i>)<\/span><\/p>\n<figure id=\"attachment_3174\" aria-describedby=\"caption-attachment-3174\" style=\"width: 266px\" class=\"wp-caption alignleft\"><img loading=\"lazy\" class=\"wp-image-3174 size-full\" src=\"http:\/\/dokuzadabirdeniz.com\/wp-content\/uploads\/47321229380.jpg\" alt=\"47321229380\" width=\"266\" height=\"255\" srcset=\"https:\/\/dokuzadabirdeniz.com\/wp-content\/uploads\/47321229380.jpg 266w, https:\/\/dokuzadabirdeniz.com\/wp-content\/uploads\/47321229380-150x144.jpg 150w\" sizes=\"(max-width: 266px) 100vw, 266px\" \/><figcaption id=\"caption-attachment-3174\" class=\"wp-caption-text\"><em>Nazl\u0131 Il\u0131cak Yass\u0131ada&#8217;da.<\/em><\/figcaption><\/figure>\n<p><span style=\"font-family: 'Palatino Linotype', 'Book Antiqua', Palatino, serif; font-size: 12pt;\">Ayn\u0131 g\u00fcnlerde Takvim Gazetesi muhabiri <strong><em>Sava\u015f Ay<\/em> <\/strong>da adan\u0131n mezbelelik halini ve ada k\u0131y\u0131lar\u0131nda g\u00fcne\u015flenen \u201cka\u00e7ak turistler\u201di foto\u011fraflam\u0131\u015ft\u0131..<\/span> <span style=\"font-family: 'Palatino Linotype', 'Book Antiqua', Palatino, serif; font-size: 12pt;\">Bu t\u00fcr haberlerin 2011 y\u0131l\u0131nda adan\u0131n K\u00fclt\u00fcr Bakanl\u0131\u011f\u0131&#8217;na devredilmesi i\u00e7in gereken ba\u015fvurular yap\u0131lana\u00a0kadar \u00a0\u00e7e\u015fitli defalar tekrar edildi\u011fini hat\u0131rlatal\u0131m.\u00a0Ancak Yass\u0131ada s\u00fcrecinde en \u00f6nemli ad\u0131mlardan birinin yine 2008 y\u0131l\u0131nda at\u0131ld\u0131\u011f\u0131n\u0131, Dalgal\u0131dere ve Ay\u2019\u0131n ilk\u00a0haberlerinin ard\u0131ndan, 10 g\u00fcn gibi k\u0131sa bir s\u00fcre sonra <i>&#8220;Yass\u0131ada Demokrasi Adas\u0131 Olsun&#8221;<\/i> kampanyas\u0131n\u0131n ba\u015flat\u0131ld\u0131\u011f\u0131n\u0131 ve Gen\u00e7 Siviller taraf\u0131ndan adaya ilk &#8216;demokrasi \u00e7\u0131karmas\u0131&#8217;n\u0131n yap\u0131ld\u0131\u011f\u0131n\u0131 da hat\u0131rlamak gerekir. 27 May\u0131s 2008 tarihinde yapt\u0131klar\u0131 bu ilk\u00a0\u00e7\u0131karmadan\u00a0itibaren 2013 y\u0131l\u0131na kadar her 27 May\u0131s\u2019ta Yass\u0131ada\u2019ya geziler d\u00fczenleyen ve<em> \u201cYass\u0131ada Demokrasi Adas\u0131 Olsun\u201d<\/em> slogan\u0131yla TRT\u2019nin naklen yay\u0131nlar\u0131 e\u015fli\u011finde kampanya y\u00fcr\u00fcten bu topluluklar aras\u0131nda tan\u0131d\u0131k isimler ve gruplar da vard\u0131.\u00a0\u00a0<\/span> <span style=\"font-family: 'Palatino Linotype', 'Book Antiqua', Palatino, serif; font-size: 12pt;\"><em><strong>Darbelere Kar\u015f\u0131 70 Milyon Giri\u015fimi, Gen\u00e7 Siviller, Mazlum Der,\u00a0Sivil Dayan\u0131\u015fma Platformu, \u00a0Demokrasi ve \u00d6zg\u00fcrl\u00fck Hareketi<\/strong> gibi irili ufakl\u0131 gruplar ve topluluklar\u0131n s\u00fcr\u00fckledi\u011fi kampanyada <strong>Ufuk Uras, Sacit Kayasu, Osman Can, Mete Tun\u00e7ay, Emine G\u00fcrsoy Naskali, S\u00fcleyman Soylu, Tatyos Bebek, Mahmut \u00d6v\u00fcr, Cahit \u0130leri, Rasim Cinisli, Ferhat Kentel, Roni Margulies,\u00a0Bekir Berat \u00d6zipek, Turgay O\u011fur, Ayhan Ogan, Ertu\u011frul G\u00fcnay<\/strong>,\u00a0<\/em><em><strong>Oral \u00c7al\u0131\u015flar, Derya Sazak, Nazl\u0131 Il\u0131cak, Korhan G\u00fcm\u00fc\u015f, Kezban Hatemi, Avni \u00d6zg\u00fcrel, H\u00fcsamettin Cindoruk<\/strong><\/em> gibi isimler Yass\u0131ada gezilerine kat\u0131l\u0131yor, gazetelerindeki k\u00f6\u015felerden \u00a0destek veriyordu. <em>(Bu isimlerin bir b\u00f6l\u00fcm\u00fcn\u00fcn daha sonraki d\u00f6nemde Cemaat h\u00fck\u00fcmet \u00e7at\u0131\u015fmalar\u0131 ve giderek sertle\u015fen politik iklim\u00a0sonucunda projenin &#8216;y\u00fcr\u00fct\u00fcl\u00fc\u015f \u015feklinden&#8217; \u00f6t\u00fcr\u00fc itiraz etmeye ve &#8216;bizi dinlemediler&#8217; demeye ba\u015flad\u0131.)<\/em><\/span><\/p>\n<p>&nbsp;<\/p>\n<figure id=\"attachment_3175\" aria-describedby=\"caption-attachment-3175\" style=\"width: 320px\" class=\"wp-caption alignleft\"><a href=\"http:\/\/dokuzadabirdeniz.com\/wp-content\/uploads\/81-2-2.jpg\"><img loading=\"lazy\" class=\"wp-image-3175 size-full\" src=\"http:\/\/dokuzadabirdeniz.com\/wp-content\/uploads\/81-2-2.jpg\" alt=\"81-2-2\" width=\"320\" height=\"160\" srcset=\"https:\/\/dokuzadabirdeniz.com\/wp-content\/uploads\/81-2-2.jpg 320w, https:\/\/dokuzadabirdeniz.com\/wp-content\/uploads\/81-2-2-150x75.jpg 150w, https:\/\/dokuzadabirdeniz.com\/wp-content\/uploads\/81-2-2-300x150.jpg 300w\" sizes=\"(max-width: 320px) 100vw, 320px\" \/><\/a><figcaption id=\"caption-attachment-3175\" class=\"wp-caption-text\"><em>Topba\u015f, G\u00fcnay, Farsako\u011flu. (May\u0131s 2011, Yass\u0131ada)<\/em><\/figcaption><\/figure>\n<p><span style=\"font-family: 'Palatino Linotype', 'Book Antiqua', Palatino, serif; font-size: 12pt;\">Ba\u015fta emlak ve turizm temal\u0131 dergi ve internet siteleri olmak \u00fczere\u00a0b\u00fct\u00fcn bir in\u015faat sekt\u00f6r\u00fcn\u00fcn \u00a0yak\u0131ndan izledi\u011fi 2008&#8217;de ba\u015flat\u0131lan bu &#8220;demokrasi m\u00fczesi kampanyas\u0131&#8221;, bir yandan \u015fimdilerde y\u00fczgeri\u00a0edilen Ergenekon davalar\u0131n\u0131n yaratt\u0131\u011f\u0131 iklimde darbecilik kar\u015f\u0131t\u0131 pop\u00fcler bir tema haline d\u00f6n\u00fc\u015ft\u00fcr\u00fcl\u00fcrken, di\u011fer yandan da\u00a0\u00a0Taksim Hill Otel\u2019de Yass\u0131ada konulu\u00a0bas\u0131n toplant\u0131lar\u0131 d\u00fczenleniyordu. \u00a0Projelere y\u00f6nelik yerel diren\u00e7lerin, kent ve ekoloji bilincinin t\u00f6rp\u00fclenmesinde bu kampanyan\u0131n \u00f6nemli bir rol\u00fc oldu\u011funu \u00f6nemle vurgulamak gerekir. \u00a0Yass\u0131ada ve Sivriada\u2019n\u0131n her ne bi\u00e7imde olursa olsun imara a\u00e7\u0131lmas\u0131n\u0131 ve Adalar b\u00fct\u00fcnl\u00fc\u011f\u00fcnden kopar\u0131lmas\u0131n\u0131 ele\u015ftiren t\u00fcm kesimleri d\u00f6nemin moda su\u00e7lamas\u0131 Ergenekoncu ya da darbeci vs. olmakla su\u00e7layan\u00a0bu kampanyan\u0131n y\u00fcr\u00fct\u00fcc\u00fcleri,\u00a0bir yandan da Adalar halk\u0131n\u0131 s\u00fcrecin t\u00fcm\u00fcyle d\u0131\u015f\u0131nda tutarak g\u00f6rmezden\u00a0gelirken, kent ve do\u011fa savunucular\u0131n\u0131 da darbecilerin oyununa gelmek gibi sa\u00e7ma su\u00e7lamalarla itham ediyorlard\u0131.\u00a0<\/span><\/p>\n<figure id=\"attachment_2801\" aria-describedby=\"caption-attachment-2801\" style=\"width: 414px\" class=\"wp-caption alignleft\"><a href=\"http:\/\/dokuzadabirdeniz.com\/wp-content\/uploads\/fft16_mf1509866.jpeg\"><img loading=\"lazy\" class=\"wp-image-2801 size-full\" src=\"http:\/\/dokuzadabirdeniz.com\/wp-content\/uploads\/fft16_mf1509866-e1454984440140.jpeg\" alt=\"fft16_mf1509866\" width=\"414\" height=\"205\" srcset=\"https:\/\/dokuzadabirdeniz.com\/wp-content\/uploads\/fft16_mf1509866-e1454984440140.jpeg 414w, https:\/\/dokuzadabirdeniz.com\/wp-content\/uploads\/fft16_mf1509866-e1454984440140-150x74.jpeg 150w, https:\/\/dokuzadabirdeniz.com\/wp-content\/uploads\/fft16_mf1509866-e1454984440140-300x149.jpeg 300w\" sizes=\"(max-width: 414px) 100vw, 414px\" \/><\/a><figcaption id=\"caption-attachment-2801\" class=\"wp-caption-text\"><em>\u00c7al\u0131\u015flar, G\u00fcnay, Sazak. Yass\u0131ada&#8217;da&#8230; (2011)<\/em><\/figcaption><\/figure>\n<p><span style=\"font-family: 'Palatino Linotype', 'Book Antiqua', Palatino, serif; font-size: 12pt;\">\u0130dari olarak Heybeliada\u2019n\u0131n bir mahallesi olan Yass\u0131ada ve Burgazada\u2019n\u0131n bir mahallesi olan Sivriada\u2019da ba\u015flayacak yap\u0131la\u015fma s\u00fcrecinin t\u00fcm Adalar i\u00e7in <em>emsal olu\u015fturaca\u011f\u0131n\u0131,<\/em> \u00e7ok k\u00fc\u00e7\u00fck y\u00fcz\u00f6l\u00e7\u00fcmlere sahip bu adalarda yarat\u0131lacak insan trafi\u011finin <em>do\u011fal hayat\u0131 ve arkeolojik kal\u0131nt\u0131lar\u0131\u00a0tahrip edece\u011fini<\/em>, ge\u00e7mi\u015fte askeriyenin bu adalarda yaratt\u0131\u011f\u0131 tahribat\u0131n \u00e7eyrek y\u00fczy\u0131l\u0131 a\u015fk\u0131n bir s\u00fcre ge\u00e7mesine ra\u011fmen hen\u00fcz tamamen onar\u0131lamad\u0131\u011f\u0131n\u0131 s\u00f6yleyen Adal\u0131lar\u0131n, ya\u015fam savunucular\u0131n\u0131n ve bilim insanlar\u0131n\u0131n sesi 2013 Gezi direni\u015fine kadar duyulmuyordu.<\/span><\/p>\n<figure id=\"attachment_3176\" aria-describedby=\"caption-attachment-3176\" style=\"width: 400px\" class=\"wp-caption alignright\"><a href=\"http:\/\/dokuzadabirdeniz.com\/wp-content\/uploads\/yassiada3-1.jpg\"><img loading=\"lazy\" class=\"wp-image-3176 \" src=\"http:\/\/dokuzadabirdeniz.com\/wp-content\/uploads\/yassiada3-1.jpg\" alt=\"Jpeg\" width=\"400\" height=\"712\" srcset=\"https:\/\/dokuzadabirdeniz.com\/wp-content\/uploads\/yassiada3-1.jpg 558w, https:\/\/dokuzadabirdeniz.com\/wp-content\/uploads\/yassiada3-1-84x150.jpg 84w, https:\/\/dokuzadabirdeniz.com\/wp-content\/uploads\/yassiada3-1-169x300.jpg 169w\" sizes=\"(max-width: 400px) 100vw, 400px\" \/><\/a><figcaption id=\"caption-attachment-3176\" class=\"wp-caption-text\"><em>Yass\u0131ada &#8211; \u0130n\u015faat s\u00fcrecinden \u00f6nce (Aral\u0131k 2014)<\/em><\/figcaption><\/figure>\n<p>&nbsp;<\/p>\n<p><span style=\"font-family: 'Palatino Linotype', 'Book Antiqua', Palatino, serif; font-size: 12pt;\">\u0130stanbul&#8217;daki iskan edilmemi\u015f her kara par\u00e7as\u0131n\u0131 bir rant d\u00f6ng\u00fcs\u00fc i\u00e7ine sokmay\u0131 hedefleyen\u00a0k\u00fclt\u00fcrel, mekansal, ticari\u00a0sermaye yaratma odakl\u0131 yakla\u015f\u0131mlar\u0131n, projecili\u011fin, kalk\u0131nma ve kullanma merkezli\u00a0bak\u0131\u015f a\u00e7\u0131lar\u0131n\u0131n\u00a0\u00a0terkedilmesini \u00f6neren g\u00f6r\u00fc\u015fler &#8220;romantizm&#8221;, &#8220;veganl\u0131k&#8221; vb. bi\u00e7imlerde su\u00e7lan\u0131yordu! Ancak t\u00fcm\u00a0Adalar&#8217;a ve \u00f6zellikle Yass\u0131ada ve Sivriada\u2019ya y\u00f6nelik olarak in\u015faat, imar, insan trafi\u011fi olu\u015fturacak\u00a0projeler de\u011fil, kapsaml\u0131 bir <i>ekolojik restorasyon program\u0131<\/i> uygulanmas\u0131 gerekti\u011fini \u0131srarla savunan <strong><em>Adalar Savunmas\u0131<\/em><\/strong>&#8216;n\u0131n ve forumlar\u0131n geli\u015ftirdi\u011fi yakla\u015f\u0131mlar Adalar&#8217;da\u00a0ekolojik y\u0131k\u0131ma do\u011fru geli\u015fen s\u00fcrece i\u015faret ediyordu.\u00a0<\/span><\/p>\n<p><strong>Ekolojik Restorasyon de\u011fil, Ekolojik Y\u0131k\u0131m!\u00a0<\/strong><\/p>\n<p><span style=\"font-family: 'Palatino Linotype', 'Book Antiqua', Palatino, serif; font-size: 12pt;\">Bu s\u00fcre\u00e7te\u00a0bir ba\u015fka parantezi ise CHP&#8217;nin yerel \u00f6rg\u00fct\u00fc i\u00e7in a\u00e7mak gerekli.\u00a0Adalar 1984 y\u0131l\u0131nda bir il\u00e7e belediyesi olduktan sonra 2009 y\u0131l\u0131nda ilk kez yerel se\u00e7imleri kazanan CHP\u2019nin Adalar belediye ba\u015fkan\u0131, eski Adalar Kaymakam\u0131 <em>Mustafa Farsako\u011flu<\/em> y\u00f6netiminin de o d\u00f6nemde Yass\u0131ada\u2019n\u0131n bir <em>&#8220;demokrasi m\u00fczesi&#8221;<\/em> olabilece\u011fini utanga\u00e7 bir \u015fekilde kabul etti\u011fini hat\u0131rlatmak zorunlu. Ancak kurulacak m\u00fczenin Adalar Belediyesi taraf\u0131ndan y\u00f6netilmesini\u00a0isteyen\u00a0Farsako\u011flu ve d\u00f6nemin CHP y\u00f6netimi\u00a0<\/span><span style=\"font-family: 'Palatino Linotype', 'Book Antiqua', Palatino, serif;\">(<\/span><em><span id=\"ctl00_ctl01_ctl00_lblHeaderText\">Infamous Yass\u0131ada Island &#8216;should host Democracy Museum&#8217;,\u00a0<\/span><\/em><span style=\"font-family: 'Palatino Linotype', 'Book Antiqua', Palatino, serif; font-size: 12pt;\">H\u00fcrriyet Daily News,18 Temmuz 2013) bu adalar i\u00e7in geni\u015f bir koruma ve restorasyon program\u0131 geli\u015ftirmek yerine Hazine\u2019den bu adalar \u00fczerindeki tasarruf haklar\u0131n\u0131 isteyerek m\u00fcze giri\u015fiminin \u00f6n\u00fcn\u00fc a\u00e7an bir rol oynad\u0131.\u00a0D\u00f6nemin belediye y\u00f6netimi, iki adaya y\u00f6nelik t\u00fcm tasarruflar\u0131n yerel belediyeye b\u0131rak\u0131lmas\u0131n\u0131 istiyor ve bu adalarda bir a\u00e7\u0131k hava m\u00fczesi kurulmas\u0131n\u0131 planl\u0131yordu. Farsako\u011flu y\u00f6netimi, izleyen d\u00f6nemde<i> (daha sonra ada forumlar\u0131n\u0131n bask\u0131s\u0131yla\u00a0bunun bir hata oldu\u011funu kabul etse de)<\/i> koruma kurulunda Yass\u0131ada\u2019n\u0131n tarihi sit stat\u00fcs\u00fcn\u00fcn d\u00fc\u015f\u00fcr\u00fclmesi karar\u0131n\u0131 onaylayarak, bu konudaki direncin k\u0131r\u0131lmas\u0131nda k\u0131smen etkili olan \u00f6nemli bir geri ad\u0131ma da imza att\u0131. Bu d\u00f6nemde Adalar Belediyesi\u2019nin, Avrupa K\u00fclt\u00fcr Ba\u015fkenti projeleri kapsam\u0131nda Kalk\u0131nma Ajans\u0131 ve \u00e7e\u015fitli STK\u2019larla birlikte y\u00fcr\u00fctt\u00fc\u011f\u00fc turizm odakl\u0131 \u00e7al\u0131\u015fmalar\u0131 Yass\u0131ada\u2019da da bir m\u00fcze kurarak geli\u015ftirmeyi planlad\u0131\u011f\u0131 ve kendi program\u0131n\u0131 a\u00e7\u0131klamaya haz\u0131rland\u0131\u011f\u0131 da Adalar&#8217;da y\u00fcr\u00fct\u00fclen tart\u0131\u015fmalar aras\u0131ndayd\u0131.\u00a0<\/span><\/p>\n<figure id=\"attachment_2526\" aria-describedby=\"caption-attachment-2526\" style=\"width: 427px\" class=\"wp-caption alignleft\"><a href=\"http:\/\/dokuzadabirdeniz.com\/wp-content\/uploads\/B42_DSC_02873.jpg\"><img loading=\"lazy\" class=\"wp-image-2526\" src=\"http:\/\/dokuzadabirdeniz.com\/wp-content\/uploads\/B42_DSC_02873.jpg\" alt=\"Ba\u015fkan Kadir Topba\u015f, Bakan Ertu\u011frul G\u00fcnay, Vali Avni Mutlu 2011 y\u0131l\u0131nda Yass\u0131ada'da.\" width=\"427\" height=\"286\" srcset=\"https:\/\/dokuzadabirdeniz.com\/wp-content\/uploads\/B42_DSC_02873.jpg 640w, https:\/\/dokuzadabirdeniz.com\/wp-content\/uploads\/B42_DSC_02873-150x101.jpg 150w, https:\/\/dokuzadabirdeniz.com\/wp-content\/uploads\/B42_DSC_02873-300x201.jpg 300w, https:\/\/dokuzadabirdeniz.com\/wp-content\/uploads\/B42_DSC_02873-110x75.jpg 110w\" sizes=\"(max-width: 427px) 100vw, 427px\" \/><\/a><figcaption id=\"caption-attachment-2526\" class=\"wp-caption-text\"><em>Ba\u015fkan Kadir Topba\u015f, Bakan Ertu\u011frul G\u00fcnay, Vali Avni Mutlu 2011 y\u0131l\u0131nda Yass\u0131ada&#8217;da&#8230;<\/em><\/figcaption><\/figure>\n<p><span style=\"font-family: 'Palatino Linotype', 'Book Antiqua', Palatino, serif; font-size: 12pt;\">Tekrar s\u00fcrecin geli\u015fimi a\u00e7\u0131s\u0131ndan kritik bir \u00f6nemi olan 2011 y\u0131l\u0131na d\u00f6nersek, 27 May\u0131s 2011 tarihinde d\u00f6nemin AKP h\u00fck\u00fcmetinin &#8220;ayd\u0131nl\u0131k y\u00fcz\u00fc&#8221; olarak\u00a0nitelenen <strong><em>K\u00fclt\u00fcr ve Turizm Bakan\u0131<\/em> <em>Ertu\u011frul G\u00fcnay, <\/em><\/strong>Gen\u00e7 Siviller ve d\u00f6nemin Valisi Avni Mutlu ve Kadir Topba\u015f&#8217;la birlikte demokrasi adas\u0131 kampanyas\u0131na destek veren ki\u015fi ve kurumlarla Yass\u0131ada\u2019ya gidiyor ve\u00a0<i>\u201dAc\u0131 an\u0131larla dolu aday\u0131 sosyal ya\u015fama kazand\u0131rmak i\u00e7in bir projelerinin oldu\u011funu ve adan\u0131n kendilerine devredilmesi i\u00e7in ba\u015fvuruda bulunduklar\u0131n\u0131\u201d<\/i> a\u00e7\u0131kl\u0131yordu. G\u00fcnay, Yass\u0131ada&#8217;y\u0131 d\u00fcnya \u00e7ap\u0131nda bir ibret merkezi ve demokrasi m\u00fczesi haline getireceklerini s\u00f6yl\u00fcyor,\u00a0Yass\u0131ada mahkeme salonunun da hologram sistemiyle teknik imkanlar kullanarak canland\u0131r\u0131lac\u0131\u011f\u0131n\u0131 belirtiyordu.\u00a0<i>(Zaman, CHA, 28 May\u0131s 2011)<\/i><\/span><\/p>\n<p><span style=\"font-family: 'Palatino Linotype', 'Book Antiqua', Palatino, serif; font-size: 12pt;\">\u015eimdilerde <em>&#8220;Yass\u0131ada&#8217;y\u0131 imara a\u00e7mak Demokrat Parti&#8217;ye sayg\u0131s\u0131zl\u0131kt\u0131r, bizim m\u00fcze projemize otel ve restoranlar eklenmesi yanl\u0131\u015ft\u0131r&#8221;<\/em> \u015feklinde\u00a0deme\u00e7ler verip, twitter&#8217;da kendini aklamaya \u00e7al\u0131\u015fan, yazd\u0131\u011f\u0131 yaz\u0131larla g\u00fcnah \u00e7\u0131karmaya u\u011fra\u015fan Ertu\u011frul G\u00fcnay, 2011 ve 2012 y\u0131llar\u0131nda\u00a0AKP&#8217;nin K\u00fclt\u00fcr Bakan\u0131\u00a0s\u0131fat\u0131yla\u00a0f\u0131rsat bulduk\u00e7a\u00a0Yass\u0131ada i\u00e7in\u00a0otelli, restoranl\u0131, vapurlu, holograml\u0131 bir konsept \u00fczerine \u00e7al\u0131\u015ft\u0131klar\u0131n\u0131 ve Tayyip Erdo\u011fan&#8217;a\u00a0sunduklar\u0131n\u0131 a\u00e7\u0131klamaktan geri durmuyordu. (t24,\u00a0<em>16 A\u011fustos 2012<\/em>)<\/span><\/p>\n<p><span style=\"font-family: 'Palatino Linotype', 'Book Antiqua', Palatino, serif; font-size: 12pt;\">Bu holograml\u0131 m\u00fcze merak\u0131 nereden geliyor diye bo\u015f yere d\u00fc\u015f\u00fcnmeyin, Yass\u0131ada projesinin Tayyip Erdo\u011fan&#8217;\u0131n \u00f6zel emirleriyle geli\u015fen bir proje oldu\u011fu <strong><em>Ertu\u011frul G\u00fcnay<\/em><\/strong>&#8216;\u0131n a\u00e7\u0131klamalar\u0131n\u0131n ard\u0131ndan k\u0131sa zamanda anla\u015f\u0131ld\u0131. Tayip Erdo\u011fan, Temmuz 2013 tarihinde Yass\u0131ada ve Sivriada i\u00e7in b\u00fcy\u00fck bir eylem yapan Adal\u0131lar&#8217;a <i>&#8220;Biz orada demokrasi m\u00fczesi yapaca\u011f\u0131z\u00a0siz kim oluyorsunuz?&#8221;<\/i> diye \u00e7\u0131k\u0131\u015fmaya devam edecekti. Daha sonra, 14 May\u0131s 2015&#8217;te Van&#8217;da yapt\u0131\u011f\u0131 bir konu\u015fmada bu iki adan\u0131n projesini kendisinin yapt\u0131rd\u0131\u011f\u0131n\u0131 ve AKP MKYK \u00fcyesi\u00a0<strong><em>\u00c7i\u011fdem Karaslan<\/em><\/strong>&#8216;a projeyi \u00e7izdirdi\u011fini a\u00e7\u0131klayan da yine Tayyip Erdo\u011fan olacakt\u0131r. (H\u00fcrriyet, <em>14 May\u0131s 2015<\/em>)<\/span><\/p>\n<figure id=\"attachment_3177\" aria-describedby=\"caption-attachment-3177\" style=\"width: 616px\" class=\"wp-caption alignnone\"><a href=\"http:\/\/dokuzadabirdeniz.com\/wp-content\/uploads\/1431630696140.jpg\"><img loading=\"lazy\" class=\"wp-image-3177 size-full\" src=\"http:\/\/dokuzadabirdeniz.com\/wp-content\/uploads\/1431630696140.jpg\" alt=\"1431630696140\" width=\"616\" height=\"275\" srcset=\"https:\/\/dokuzadabirdeniz.com\/wp-content\/uploads\/1431630696140.jpg 616w, https:\/\/dokuzadabirdeniz.com\/wp-content\/uploads\/1431630696140-150x67.jpg 150w, https:\/\/dokuzadabirdeniz.com\/wp-content\/uploads\/1431630696140-300x134.jpg 300w\" sizes=\"(max-width: 616px) 100vw, 616px\" \/><\/a><figcaption id=\"caption-attachment-3177\" class=\"wp-caption-text\"><em>Davuto\u011flu, Yass\u0131ada spor salonunda dua ederken. (14 May\u0131s 2015)<\/em><\/figcaption><\/figure>\n<p><span style=\"font-family: 'Palatino Linotype', 'Book Antiqua', Palatino, serif; font-size: 12pt;\">2011 y\u0131l\u0131nda yap\u0131lan Yass\u0131ada gezileri ve bas\u0131n a\u00e7\u0131klamalar\u0131n\u0131n ard\u0131ndan\u00a0bu sitedeki di\u011fer rapor ve bas\u0131n a\u00e7\u0131klamalar\u0131ndan da takip edebilece\u011finiz geli\u015fmeler b\u00fcy\u00fck bir h\u0131zla birbirini takip etmeye\u00a0ba\u015flad\u0131.\u00a0Yass\u0131ada ve Sivriada, Hazine\u2019den \u00f6nce K\u00fclt\u00fcr Bakanl\u0131\u011f\u0131\u2019na, oradan da AKP d\u00f6neminde ola\u011fan\u00fcst\u00fc yetkilerle donat\u0131lan\u00a0\u00c7evre ve \u015eehircilik Bakanl\u0131\u011f\u0131\u2019n\u0131n <strong><em>(\u00c7\u015eB)<\/em><\/strong> inisiyatifine devredilirken, 2013 Nisan ay\u0131nda, Gezi direni\u015finden k\u0131sa bir s\u00fcre \u00f6nce kamu ihaleleriyle ilgili bir torba yasaya eklenen tek bir maddeyle her t\u00fcrl\u00fc koruma \u015femsiyesinin, k\u0131y\u0131 kanunlar\u0131n\u0131n ve sit alan\u0131 koruma rejiminin\u00a0d\u0131\u015f\u0131na \u00e7\u0131kar\u0131ld\u0131. T\u00fcm ba\u011fl\u0131 yasalara, Anayasa&#8217;ya ve uluslararas\u0131 s\u00f6zle\u015fmelere bu derece a\u00e7\u0131k\u00e7a ayk\u0131r\u0131 bir yasal d\u00fczenlemenin e\u015fi tarihte g\u00f6r\u00fclmemi\u015fti. Y\u0131k\u0131m\u00a0s\u00fcrecinin hukuki altyap\u0131s\u0131 b\u00f6ylece haz\u0131rlanm\u0131\u015f oldu. <\/span><span style=\"font-family: 'Palatino Linotype', 'Book Antiqua', Palatino, serif; font-size: 12pt;\">Bu yasal d\u00fczenleme kar\u015f\u0131s\u0131nda parlamenter muhalefetin tutumu ise Yass\u0131ada ve Sivriada s\u00fcrecinde b\u00fcy\u00fck bir aymazl\u0131ktan ibaretti. \u00a0<\/span><\/p>\n<p><span style=\"font-family: 'Palatino Linotype', 'Book Antiqua', Palatino, serif; font-size: 12pt;\">CHP\u2019li TBMM Grup Ba\u015fkanl\u0131\u011f\u0131&#8217;n\u0131n Yass\u0131ada ve Sivriada\u2019y\u0131 t\u00fcm \u00e7evre ve k\u0131y\u0131 koruma yasalar\u0131ndan ayr\u0131 tutan ve Adalar b\u00fct\u00fcnl\u00fc\u011f\u00fcnden koparan Nisan 2013 tarihli yasay\u0131 kamuoyuna duyurmamas\u0131n\u0131n ve iptali i\u00e7in Anayasa Mahkemesi\u2019ne g\u00f6t\u00fcrmemesinin arkas\u0131nda bu Adalar&#8217;\u0131n &#8220;bellek mekan\u0131&#8221; yap\u0131lmas\u0131na\u00a0 y\u00f6nelik, Adalar Belediyesi&#8217;yle payla\u015ft\u0131klar\u0131 utanga\u00e7 bir kabul yat\u0131yordu. <i>\u201cAdalar 2009&#8217;dan beri zaten CHP\u2019li belediyenin y\u00f6netimindeydi, o y\u00fczden\u00a0<\/i><i>Yass\u0131ada ve Sivriada\u2019n\u0131n kendilerine verilece\u011fini d\u00fc\u015f\u00fcnm\u00fc\u015flerdi<\/i>\u201d, <em>\u201cTorba yasadaki Sivriada ve Yass\u0131ada maddelerinin \u00f6nemini anlamam\u0131\u015flard\u0131\u201d,<\/em> <i>\u201cTorba yasadaki maddeleri farketmemi\u015flerdi\u2026\u201d vs..\u00a0<\/i><\/span><\/p>\n<p><span style=\"font-family: 'Palatino Linotype', 'Book Antiqua', Palatino, serif; font-size: 12pt;\">Bu t\u00fcr &#8216;<em>masum&#8217;<\/em>\u00a0gerek\u00e7elerin Yass\u0131ada ve Sivriada\u2019n\u0131n talan\u0131 s\u00fcrecindeki rol\u00fcn\u00fcn az\u0131msanamayacak kadar b\u00fcy\u00fck oldu\u011fu bug\u00fcn Adalar&#8217;da genel olarak\u00a0kabul g\u00f6r\u00fcyor. CHP&#8217;li milletvekillerinin b\u00fcy\u00fck \u00f6l\u00e7\u00fcde o d\u00f6nemki Adalar Belediyesi&#8217;nin m\u00fcze ve demokrasi adas\u0131 projelerine destek oldu\u011funu da biliyoruz. Nitekim benzer bir proje ve &#8220;yerel ortakl\u0131 A\u015e giri\u015fimi&#8221; daha sonra Heybeliada Sanatoryumu&#8217;nun yerinde kurulmas\u0131 planlanan bir &#8220;\u00f6zel sa\u011fl\u0131k tesisi&#8221; i\u00e7in de g\u00fcndeme gelecek, i\u00e7inde milletvekillerinden i\u015fadamlar\u0131na, STK y\u00f6neticilerinden &#8216;giri\u015fimci&#8217; vatanda\u015flara kadar uzanan bir ortakl\u0131k,\u00a0Heybeliada Forumu&#8217;nun \u00e7abalar\u0131 ve ada halk\u0131n\u0131n sa\u011fl\u0131k hakk\u0131 talep eden eylemleri sonucunda rafa kald\u0131r\u0131lacakt\u0131.<\/span><\/p>\n<p><span style=\"font-family: 'Palatino Linotype', 'Book Antiqua', Palatino, serif; font-size: 12pt;\">2013 y\u0131l\u0131\u00a0ortalar\u0131na\u00a0gelindi\u011finde, AKP h\u00fck\u00fcmetinin ve \u0130BB&#8217;nin simgesel siyasal de\u011fer\u00a0atfetti\u011fi\u00a0Yass\u0131ada ve Sivriada&#8217;ya y\u00f6nelik projeleri yerel belediyeye ve onun ortaklar\u0131na b\u0131rakmayaca\u011f\u0131 b\u00fcy\u00fck \u00f6l\u00e7\u00fcde\u00a0anla\u015f\u0131lm\u0131\u015f bulunuyordu.<\/span><\/p>\n<p><a href=\"http:\/\/dokuzadabirdeniz.com\/wp-content\/uploads\/turizmyetkiYassiada72-e1590669932944.jpg\"><img loading=\"lazy\" class=\"size-full wp-image-2532 alignleft\" src=\"http:\/\/dokuzadabirdeniz.com\/wp-content\/uploads\/turizmyetkiYassiada72-e1590669932944.jpg\" alt=\"turizmyetkiYassiada72\" width=\"370\" height=\"500\" \/><\/a><\/p>\n<p><span style=\"font-family: 'Palatino Linotype', 'Book Antiqua', Palatino, serif; font-size: 12pt;\">2013 y\u0131l\u0131nda, gereken mevzuat de\u011fi\u015fikliklerinin yap\u0131lmas\u0131n\u0131n ard\u0131ndan ge\u00e7en 3 y\u0131ll\u0131k s\u00fcre\u00e7te, karma\u015f\u0131k bir teknik ve hukuki s\u00fcre\u00e7 i\u015fledi. Adalar\u0131n tarihsel isimleri de\u011fi\u015ftirildi, ihaleler, projeler, \u00c7\u015eB taraf\u0131ndan haz\u0131rlanan hatalarla dolu 1\/1000\u2019lik uygulama planlar\u0131, defalarca g\u00fcndeme gelen plan revizyonlar\u0131, adalar\u0131n y\u00fcz\u00f6l\u00e7\u00fcm\u00fcn\u00fc ve co\u011frafi \u00f6zelliklerini bilmeyen &#8216;uzmanlar&#8217;\u0131n hesap hatalar\u0131, pazarl\u0131klar, davalar, y\u00fcr\u00fctmeyi durdurma kararlar\u0131, bu kararlar\u0131 veren\u00a0idari mahkeme heyetlerinin g\u00f6revden al\u0131nmas\u0131, bilirki\u015fi raporlar\u0131n\u0131n g\u00f6zard\u0131 edilmesi, iki ada i\u00e7in otel, restoran ve otoparklar\u0131n yerald\u0131\u011f\u0131 turizm yat\u0131r\u0131m izinleri verilmesi bu s\u00fcre\u00e7te geli\u015fti. Her a\u015famas\u0131nda hukuksuzlu\u011fun ve bilgisizli\u011fin hakim oldu\u011fu bu s\u00fcre\u00e7, b\u00fcy\u00fck bir ibret vesikas\u0131 olarak hukuk ve kent hareketi tarihinde yerini ald\u0131.<\/span><\/p>\n<p><span style=\"font-family: 'Palatino Linotype', 'Book Antiqua', Palatino, serif; font-size: 12pt;\">\u00d6te yandan 2013 Gezi eylemleri sonras\u0131nda\u00a0Adalar\u2019da yay\u0131lan forumlar ve kent savunma bilinci, \u00e7e\u015fitli eylemlerle Yass\u0131ada ve Sivriada&#8217;da\u00a0projelerin uygulanmas\u0131n\u0131 uzun s\u00fcre\u00a0geciktirebilecek \u00f6nemli bir kamuoyu direnci olu\u015fturdu. Bu diren\u00e7 sonucunda Adalar halk\u0131n\u0131n b\u00fcy\u00fck bir b\u00f6l\u00fcm\u00fc Yass\u0131ada ve Sivriada\u2019n\u0131n imara a\u00e7\u0131lmas\u0131na ve bu s\u00fcrecin di\u011fer adalara yay\u0131lmas\u0131na kar\u015f\u0131 oldu\u011funu a\u00e7\u0131klamas\u0131na ra\u011fmen, 7 Haziran 2015 se\u00e7imlerinin hemen \u00f6ncesinde AKP taraf\u0131ndan gizlilik i\u00e7inde planlanan\u00a0 Demokrasi ve \u00d6zg\u00fcrl\u00fck Adalar\u0131 temel atma t\u00f6reni engellenemedi. AKP i\u00e7in simgesel anlam\u0131 b\u00fcy\u00fck olan bir g\u00fcnde, Demokrat Parti\u2019nin 1950 y\u0131l\u0131nda se\u00e7im kazand\u0131\u011f\u0131 tarih olan 14 May\u0131s\u2019ta alelacele yap\u0131lan bir a\u00e7\u0131l\u0131\u015f t\u00f6reniyle adaya ilk kazma vuruldu.<\/span> <span style=\"font-family: 'Palatino Linotype', 'Book Antiqua', Palatino, serif; font-size: 12pt;\">B\u00f6ylece binlerce y\u0131ll\u0131k bir tarihe ve zengin bir do\u011fal ya\u015fama ev sahipli\u011fi yapan Yass\u0131ada&#8217;n\u0131n y\u0131k\u0131m\u0131nda son ad\u0131m da at\u0131lm\u0131\u015f oldu.<\/span><\/p>\n<p>&nbsp;<\/p>\n<p><span style=\"font-family: 'Palatino Linotype', 'Book Antiqua', Palatino, serif; font-size: 12pt;\"><b>Bug\u00fcn\u2026<\/b><\/span><\/p>\n<p><span style=\"font-family: 'Palatino Linotype', 'Book Antiqua', Palatino, serif; font-size: 12pt;\">2015\u2019in May\u0131s ay\u0131nda verilen in\u015faat ruhsat\u0131n\u0131n hemen ard\u0131ndan ba\u015flayan in\u015faat s\u00fcrecinin uzun s\u00fcre gizli ve kapal\u0131 kap\u0131lar ard\u0131ndaki pazarl\u0131klarda sakl\u0131 kalan m\u00fcellifleri bug\u00fcn art\u0131k biliniyor. Proje 150 milyon dolara yak\u0131n bir b\u00fct\u00e7eyle <strong><em>\u00c7evre ve \u015eehircilik Bakanl\u0131\u011f<\/em><\/strong>\u0131 taraf\u0131ndan, 2000&#8217;li y\u0131llarda h\u00fck\u00fcmete ve \u0130BB&#8217;ye ba\u011fl\u0131 bir in\u015faat \u015firketi gibi \u00e7al\u0131\u015fan <strong><em>T\u00fcrkiye Odalar ve Borsalar Birli\u011fi<\/em><\/strong>&#8216;ne verildi. Cumhurba\u015fkan\u0131 Tayyip Erdo\u011fan\u2019a bir <i>\u201cdemokrasi adas\u0131\u201d<\/i> arma\u011fan edeceklerini a\u00e7\u0131klayan TOBB Ba\u015fkan\u0131 <strong><em>R\u0131fat Hisarc\u0131kl\u0131o\u011flu<\/em><\/strong>\u00a0projeyi yine\u00a0TOBB&#8217;a ba\u011fl\u0131\u00a0<strong><em>G\u00fcmr\u00fck ve Turizm A\u015e<\/em><\/strong> (GT\u0130) eliyle y\u00fcr\u00fctmeye ba\u015flad\u0131. Yass\u0131ada Projesi \u00a0GT\u0130 taraf\u0131ndan\u00a0<strong><em>MESA Holding<\/em><\/strong>\u2019e ba\u011fl\u0131 <em><strong>Mesa \u0130n\u015faat<\/strong><\/em> &#8216;a ta\u015fere edilirken, projenin mimari haz\u0131rl\u0131klar\u0131 da AKP Samsun Milletvekili ve ge\u00e7mi\u015fte AKP&#8217;nin gen\u00e7lik \u00e7al\u0131\u015fmalar\u0131ndan sorumlu MYK \u00fcyesi <strong><em>\u00c7i\u011fdem Karaarslan<\/em><\/strong>&#8216;\u0131n sahibi oldu\u011fu Arme Concept taraf\u0131ndan y\u00fcr\u00fct\u00fcl\u00fcyor. \u00a0MESA projenin her a\u015famas\u0131nda &#8220;hukuki&#8221; risk almamak i\u00e7in GT\u0130 Genel M\u00fcd\u00fcr\u00fc \u00d6mer Gebe\u015f&#8217;in talimatlar\u0131yla hareket ediyor.\u00a0<\/span><\/p>\n<figure id=\"attachment_3022\" aria-describedby=\"caption-attachment-3022\" style=\"width: 300px\" class=\"wp-caption alignleft\"><a href=\"http:\/\/dokuzadabirdeniz.com\/wp-content\/uploads\/cigdemh1.jpg\"><img loading=\"lazy\" class=\"wp-image-3022 size-full\" src=\"http:\/\/dokuzadabirdeniz.com\/wp-content\/uploads\/cigdemh1.jpg\" alt=\"cigdemh1\" width=\"300\" height=\"210\" srcset=\"https:\/\/dokuzadabirdeniz.com\/wp-content\/uploads\/cigdemh1.jpg 300w, https:\/\/dokuzadabirdeniz.com\/wp-content\/uploads\/cigdemh1-150x105.jpg 150w\" sizes=\"(max-width: 300px) 100vw, 300px\" \/><\/a><figcaption id=\"caption-attachment-3022\" class=\"wp-caption-text\"><em>\u00c7i\u011fdem Karaaslan, AKP Samsun Milletvekili, AKP eski MKYK \u00fcyesi Yass\u0131ada projesinin y\u00fcr\u00fct\u00fcc\u00fclerinden Arme Concept\u00a0Mimarl\u0131k&#8217;\u0131n\u00a0orta\u011f\u0131.<\/em><\/figcaption><\/figure>\n<p><span style=\"font-family: 'Palatino Linotype', 'Book Antiqua', Palatino, serif; font-size: 12pt;\">T\u00fcm bu s\u00fcre\u00e7lerde tahmin edilebilece\u011fi gibi us\u00fclen de olsa herhangi bir ihale yap\u0131lmad\u0131, herhangi bir denetim s\u00f6zkonusu olmad\u0131, m\u00fc\u015favir firmalar\u0131n s\u00fcrekli de\u011fi\u015fti\u011fi, in\u015faat\u0131n s\u0131k s\u0131k durma noktas\u0131na geldi\u011fi, proje revizyonlar\u0131n\u0131n devam etti\u011fi bu \u00e7al\u0131\u015fmalar sonucunda Yass\u0131ada k\u0131sa bir s\u00fcrede Marmara Denizi\u2019nin ortas\u0131nda ya\u015fam\u0131n yok edildi\u011fi bir\u00a0hafriyat adas\u0131 haline getirildi.\u00a0Birka\u00e7 hafta i\u00e7inde de Yass\u0131ada\u2019daki do\u011fal ya\u015fam ve k\u0131y\u0131 ekosistemi tamamen yokedildi. Herhangi bir protestoya ve in\u015faat\u0131 engelleme giri\u015fimine kar\u015f\u0131 bu s\u00fcre\u00e7te adaya ula\u015f\u0131m engellendi, Adalar u\u00e7u\u015fa yasak b\u00f6lge ilan edildi, ada k\u0131y\u0131lar\u0131ndaki mercan ve gorgon yataklar\u0131, bal\u0131k \u00fcreme alanlar\u0131 betonla dolduruldu, a\u011fa\u00e7lar kesildi, arkeolojik kal\u0131nt\u0131lar tahrip edildi. \u00a0Proje defalarca de\u011fi\u015ftirildi, yan\u0131\u015f mimari hesaplar, hatal\u0131 projelendirmeler sonucu y\u00fcklenici firma temsilcileri, m\u00fc\u015favirler, dan\u0131\u015fmanlar de\u011fi\u015fti, adan\u0131n topografyas\u0131 yap\u0131lan dolgular sonucunda bamba\u015fka bir hale b\u00fcr\u00fcnd\u00fc. \u00a0<\/span>Bug\u00fcn\u00a0<span style=\"font-family: 'Palatino Linotype', 'Book Antiqua', Palatino, serif; font-size: 12pt;\">Yass\u0131ada\u2019da do\u011faya, tarihe ve insanl\u0131\u011fa kar\u015f\u0131 i\u015flenen su\u00e7lar halen\u00a0devam ediyor.\u00a0<\/span><span style=\"font-family: 'Palatino Linotype', 'Book Antiqua', Palatino, serif; font-size: 12pt;\">T\u00fcm bu s\u00fcre\u00e7 boyunca Adalar Savunmas\u0131\u2019n\u0131n tepkileri, eylemleri ve a\u00e7\u0131klamalar\u0131 kamuoyunda yayg\u0131n bir tart\u0131\u015fma olu\u015fmas\u0131n\u0131 sa\u011flad\u0131. <\/span><\/p>\n<p><span style=\"font-family: 'Palatino Linotype', 'Book Antiqua', Palatino, serif; font-size: 12pt;\">Ancak \u00fcz\u00fclerek belirtmek gerekir ki Adalar\u2019daki b\u00fct\u00fcn resmi ya da sivil kurumlar, Adalar&#8217;daki\u00a0siyasi partilerin yerel \u00f6rg\u00fctleri bu b\u00fcy\u00fck kent ve do\u011fa su\u00e7unu izlemekle\u00a0yetindi. Pek \u00e7ok kurum ve yerel otorite\u00a0\u0130BB ve AKP&#8217;yle ya da birbirleriyle olan ili\u015fkilerini kollamakla ve \u201cge\u00e7mi\u015f d\u00f6nemde a\u00e7\u0131lm\u0131\u015f davalar var, ba\u015fka bir\u015fey yap\u0131lamaz\u201d demekle yetindi.\u00a0\u201cYass\u0131ada\u2019dan yeni bir Gezi \u00e7\u0131kmaz!\u201d, \u201cBu adalar\u0131n \u0131ss\u0131z, ba\u015f\u0131bo\u015f kalmas\u0131 do\u011fru de\u011fil!\u201d t\u00fcr\u00fc kendinden menkul gerek\u00e7elerin arkas\u0131na s\u0131\u011f\u0131nmay\u0131 da ihmal etmeyen Adalar&#8217;\u0131n \u00e7e\u015fitli sivil\u00a0akt\u00f6rlerine\u00a0kar\u015f\u0131 Adalar\u2019daki kent ve ya\u015fam hakk\u0131 savunucular\u0131n\u0131n, Adalar Savunmas\u0131\u2019n\u0131n, meslek odalar\u0131n\u0131n, demokrat mimar, m\u00fchendis ve \u015fehir planc\u0131lar\u0131n\u0131n, \u00a0\u0130stanbul B\u00fcy\u00fck\u015fehir Belediyesi&#8217;nde g\u00f6rev yapan az say\u0131daki \u00a0meclis \u00fcyesinin\u00a0ve\u00a0\u00a0milletvekilinin,\u00a0arkeologlar\u0131n ve bilim insanlar\u0131n\u0131n dayan\u0131\u015fmas\u0131 Yass\u0131ada ve Sivriada i\u00e7in \u201cB\u0131rak Iss\u0131z Kals\u0131n!\u201d d\u00fc\u015f\u00fcncesinin ve Adalar i\u00e7in ta\u015f\u0131d\u0131\u011f\u0131m\u0131z umudun canl\u0131 kalmas\u0131nda \u00f6nemli rol oynad\u0131. \u00a0<\/span>Bug\u00fcn \u00fczerindeki t\u00fcm yaban hayat\u0131, y\u00fczlerce y\u0131ll\u0131k tarihi yok say\u0131larak\u00a0dev bir beton blok haline getirilen Yass\u0131ada, inan\u0131yoruz ki gelecekte yeniden do\u011fan\u0131n ve ya\u015fam\u0131n bir par\u00e7as\u0131 haline gelecek.<\/p>\n<p><span style=\"font-family: 'Palatino Linotype', 'Book Antiqua', Palatino, serif; font-size: 12pt;\">Hikaye de hen\u00fcz sona ermi\u015f\u00a0de\u011fil ve su\u00e7lar\u0131n\u0131n unutulmas\u0131n\u0131, art\u0131k hat\u0131rlanmayaca\u011f\u0131 g\u00fcnlerin gelece\u011fini bekleyen b\u00fcy\u00fck bir su\u00e7lular ve g\u00fc\u00e7l\u00fcler denizinin i\u00e7inde ya\u015f\u0131yoruz. Ama hay\u0131r su\u00e7lular\u0131 unutmayaca\u011f\u0131z, her f\u0131rsatta masum olmad\u0131klar\u0131n\u0131 hat\u0131rlataca\u011f\u0131z ve hi\u00e7bir \u015feyin bitmedi\u011fini, daha yeni ba\u015flad\u0131\u011f\u0131n\u0131 s\u00f6yledi\u011fimiz Haziran g\u00fcnlerinin \u00e7ok uzakta olmad\u0131\u011f\u0131n\u0131 biliyoruz. \u0130nan\u0131yoruz ki, Yass\u0131ada ve Sivriada i\u00e7in y\u00fcr\u00fctt\u00fckleri projeler biz &#8220;pes&#8221; demedik\u00e7e\u00a0tamamlanmayacak, kapal\u0131 kap\u0131lar arkas\u0131nda yap\u0131lan pazarl\u0131klar, hesaplar, rant ve \u00e7\u0131kar oyunlar\u0131 \u00e7\u00f6z\u00fcl\u00fcp gidecek, betonlar dikildikleri yerlerden s\u00f6k\u00fclecek, do\u011fa ve ya\u015fam kendisinden kopar\u0131lan her \u015feyi er ya da ge\u00e7\u00a0geri alacak.\u00a0Bu b\u00fcy\u00fck su\u00e7u i\u015fleyenler, bu su\u00e7a katk\u0131s\u0131 olanlar da tarih ve insanl\u0131k \u00f6n\u00fcnde mahkum edilecekler.<\/span><\/p>\n<p><span style=\"font-family: 'Palatino Linotype', 'Book Antiqua', Palatino, serif; font-size: 12pt;\">Sait Faik&#8217;in y\u0131llar \u00f6nce \u00a0Sivriada Geceleri \u00f6yk\u00fcs\u00fcnde s\u00f6yledi\u011fi gibi,\u00a0hayat\u0131m\u0131zda\u00a0f\u0131rt\u0131na bulutuna benzer bir sis var, ama bir g\u00fcndo\u011fusu r\u00fczgar\u0131 bu sisi aniden temizleyecek, inan\u0131yoruz&#8230;<\/span><\/p>\n<p><a href=\"http:\/\/dokuzadabirdeniz.com\/wp-content\/uploads\/1418376215073701.jpg\"><img loading=\"lazy\" class=\"wp-image-2696 size-full aligncenter\" src=\"http:\/\/dokuzadabirdeniz.com\/wp-content\/uploads\/1418376215073701.jpg\" alt=\"1418376215073701\" width=\"810\" height=\"540\" srcset=\"https:\/\/dokuzadabirdeniz.com\/wp-content\/uploads\/1418376215073701.jpg 810w, https:\/\/dokuzadabirdeniz.com\/wp-content\/uploads\/1418376215073701-150x100.jpg 150w, https:\/\/dokuzadabirdeniz.com\/wp-content\/uploads\/1418376215073701-300x200.jpg 300w\" sizes=\"(max-width: 810px) 100vw, 810px\" \/><\/a><\/p>\n","protected":false},"excerpt":{"rendered":"<p>\u00d6mer Suvari\u00a0&#8211; Heybeliada Yass\u0131ada ve Sivriada\u2019n\u0131n imara a\u00e7\u0131lmas\u0131 s\u00fcrecinin\u00a0gerisinde \u00e7e\u015fitli h\u00fck\u00fcmetler, bakanl\u0131klar, koruma\u00a0kurullar\u0131\u00a0gibi resmi kurumlar\u0131n yan\u0131 s\u0131ra gazetecilerden\u00a0in\u015faat \u015firketlerine, STK&#8217;lardan belediyelere, sermaye gruplar\u0131ndan koruma kurullar\u0131na, mimarlara,\u00a0yerel ve b\u00f6lgesel akt\u00f6rlere kadar uzanan tan\u0131d\u0131k tan\u0131mad\u0131k pek \u00e7ok de\u011fi\u015fik fig\u00fcr\u00fcn\u00a0yer ald\u0131\u011f\u0131 y\u0131llar s\u00fcren bir giri\u015fimler dizisi var. T\u00fcrkiye&#8217;nin\u00a0g\u00f6rd\u00fc\u011f\u00fc en b\u00fcy\u00fck ve en ak\u0131lalmaz, en f\u00fctursuz\u00a0do\u011fa ya\u011fmalar\u0131ndan birine\u00a0sahne olan &hellip;<\/p>\n","protected":false},"author":1,"featured_media":2374,"comment_status":"open","ping_status":"open","sticky":false,"template":"","format":"standard","meta":{"_monsterinsights_skip_tracking":false,"_monsterinsights_sitenote_active":false,"_monsterinsights_sitenote_note":"","_monsterinsights_sitenote_category":0},"categories":[102,46,44,1,8,83,9],"tags":[111],"_links":{"self":[{"href":"https:\/\/dokuzadabirdeniz.com\/index.php?rest_route=\/wp\/v2\/posts\/1596"}],"collection":[{"href":"https:\/\/dokuzadabirdeniz.com\/index.php?rest_route=\/wp\/v2\/posts"}],"about":[{"href":"https:\/\/dokuzadabirdeniz.com\/index.php?rest_route=\/wp\/v2\/types\/post"}],"author":[{"embeddable":true,"href":"https:\/\/dokuzadabirdeniz.com\/index.php?rest_route=\/wp\/v2\/users\/1"}],"replies":[{"embeddable":true,"href":"https:\/\/dokuzadabirdeniz.com\/index.php?rest_route=%2Fwp%2Fv2%2Fcomments&post=1596"}],"version-history":[{"count":11,"href":"https:\/\/dokuzadabirdeniz.com\/index.php?rest_route=\/wp\/v2\/posts\/1596\/revisions"}],"predecessor-version":[{"id":5086,"href":"https:\/\/dokuzadabirdeniz.com\/index.php?rest_route=\/wp\/v2\/posts\/1596\/revisions\/5086"}],"wp:featuredmedia":[{"embeddable":true,"href":"https:\/\/dokuzadabirdeniz.com\/index.php?rest_route=\/wp\/v2\/media\/2374"}],"wp:attachment":[{"href":"https:\/\/dokuzadabirdeniz.com\/index.php?rest_route=%2Fwp%2Fv2%2Fmedia&parent=1596"}],"wp:term":[{"taxonomy":"category","embeddable":true,"href":"https:\/\/dokuzadabirdeniz.com\/index.php?rest_route=%2Fwp%2Fv2%2Fcategories&post=1596"},{"taxonomy":"post_tag","embeddable":true,"href":"https:\/\/dokuzadabirdeniz.com\/index.php?rest_route=%2Fwp%2Fv2%2Ftags&post=1596"}],"curies":[{"name":"wp","href":"https:\/\/api.w.org\/{rel}","templated":true}]}}