{"id":1581,"date":"2015-03-12T17:06:30","date_gmt":"2015-03-12T15:06:30","guid":{"rendered":"http:\/\/dokuzadabirdeniz.com\/?p=1581"},"modified":"2016-02-09T18:33:07","modified_gmt":"2016-02-09T16:33:07","slug":"adalarin-taseron-iscileri","status":"publish","type":"post","link":"https:\/\/dokuzadabirdeniz.com\/?p=1581","title":{"rendered":"Adalar&#8217;\u0131n &#8220;Ta\u015feron \u0130\u015f\u00e7ileri&#8221;"},"content":{"rendered":"<p><span style=\"font-family: 'Palatino Linotype', 'Book Antiqua', Palatino, serif; font-size: 12pt;\"><strong>Huysuz \u0130htiyar <\/strong><em><strong>&#8211;<\/strong> Heybeliada<\/em><\/span><\/p>\n<p><span style=\"font-family: 'Palatino Linotype', 'Book Antiqua', Palatino, serif; font-size: 12pt;\">\u00d6zel sekt\u00f6rde c\u0131lk\u0131 \u00e7\u0131kan &#8220;ta\u015feron i\u015f\u00e7ilik&#8221; sorununun boyutlar\u0131 \u00e7ok \u00e7ok b\u00fcy\u00fck. Baz\u0131 \u00e7al\u0131\u015fanlar fiilen \u00e7al\u0131\u015ft\u0131klar\u0131 \u015firketin de\u011fil de ad\u0131n\u0131 bile bilmedikleri bir ta\u015feron \u015firketin i\u015f\u00e7ileri oldu\u011fundan bile habersiz olabiliyor. Ta\u015feron i\u015f\u00e7ilik \u00f6nce g\u00fcvenlik, temizlik gibi alanlarda ba\u015flad\u0131. Hep bildi\u011fimiz gibi can g\u00fcvenli\u011fi riskli olan i\u015fkollar\u0131nda, en ba\u015fta da tersanelerde tavan yapt\u0131.<\/span><\/p>\n<p><span style=\"font-family: 'Palatino Linotype', 'Book Antiqua', Palatino, serif; font-size: 12pt;\">\u015eimdilerde uluslara\u015f\u0131r\u0131 d\u00fcnya devi \u015firketler de dahil her yerde var. \u00dcstelik \u00fcniversite mezunu, ge\u00e7erli meslek sahipleri bile b\u00f6yle \u00e7al\u0131\u015ft\u0131r\u0131l\u0131yor. Bu insanlar resmen \u00e7al\u0131\u015f\u0131yor g\u00f6r\u00fcnd\u00fckleri \u015firketin ad\u0131n\u0131, adresini bile bilmiyorlar \u00e7o\u011fu zaman. Sigorta pirimlerinin \u00f6denip \u00f6denmedi\u011fini de. \u00d6deniyorsa hangi \u00fccret \u00fczerinden \u00f6dendi\u011fini de.<\/span><\/p>\n<p><span style=\"font-family: 'Palatino Linotype', 'Book Antiqua', Palatino, serif; font-size: 12pt;\">Fiilen \u00e7al\u0131\u015ft\u0131klar\u0131 \u015firket birg\u00fcn onlar\u0131 kap\u0131n\u0131n \u00f6n\u00fcne koyuveriyor. Ne ihbar tazminat\u0131 var ne de k\u0131dem tazminat\u0131. Ta\u015feron \u015firketi ara ki bulas\u0131n, bulsan da hakk\u0131n\u0131 almak aslan\u0131n a\u011fz\u0131ndan ekme\u011fini almaktan zor.<\/span><\/p>\n<p><span style=\"font-family: 'Palatino Linotype', 'Book Antiqua', Palatino, serif; font-size: 12pt;\">Bizim Adalar&#8217;da var m\u0131 peki b\u00f6yle &#8220;yaban burjuvalar&#8221; ? <em>(*)<\/em><\/span><\/p>\n<p><span style=\"font-family: 'Palatino Linotype', 'Book Antiqua', Palatino, serif; font-size: 12pt;\">\u0130n\u015faat, yol-kald\u0131r\u0131m m\u00fctahitlerinin i\u015f\u00e7ileri i\u00e7in ayr\u0131ca ta\u015ferona da gerek yok. Onlar zaten modern k\u00f6leler! Kay\u0131t kuyuk hak getire&#8230;<\/span><\/p>\n<p><span style=\"font-family: 'Palatino Linotype', 'Book Antiqua', Palatino, serif; font-size: 12pt;\">\u015eimdi Yaban (Vah\u015fi) burjuvalar\u0131n yerini kamusal nitelik ta\u015f\u0131yan kurumlar ald\u0131. En ba\u015fta da belediyeler!<\/span><\/p>\n<p><span style=\"font-family: 'Palatino Linotype', 'Book Antiqua', Palatino, serif; font-size: 12pt;\">Peki, emekten yana olmas\u0131 gereken -ve kendilerini \u00f6yle tan\u0131tan- &#8220;Sosyal Demokrat (!)&#8221; belediyeler buna kar\u015f\u0131 \u00e7\u0131k\u0131yorlar m\u0131? Yoo, ne gezer&#8230;<\/span><\/p>\n<p><span style=\"font-family: 'Palatino Linotype', 'Book Antiqua', Palatino, serif; font-size: 12pt;\"><br \/>\n<a href=\"http:\/\/dokuzadabirdeniz.com\/wp-content\/uploads\/taseron4.jpg\"><img loading=\"lazy\" class=\"alignleft wp-image-2954 size-medium\" src=\"http:\/\/dokuzadabirdeniz.com\/wp-content\/uploads\/taseron4-300x216.jpg\" alt=\"taseron4\" width=\"300\" height=\"216\" srcset=\"https:\/\/dokuzadabirdeniz.com\/wp-content\/uploads\/taseron4-300x216.jpg 300w, https:\/\/dokuzadabirdeniz.com\/wp-content\/uploads\/taseron4-150x108.jpg 150w, https:\/\/dokuzadabirdeniz.com\/wp-content\/uploads\/taseron4.jpg 333w\" sizes=\"(max-width: 300px) 100vw, 300px\" \/><\/a>Mebzul miktarda bulunan sosyal demokrat ba\u015fkan adaylar\u0131ndan bu konuda tek bir s\u00f6z duyduk mu? Ben duymad\u0131m. Bro\u015f\u00fcrler, dergi k\u0131l\u0131g\u0131nda da\u011f\u0131t\u0131lan propaganda malzemeleri, web sayfalar\u0131 ve habire g\u00f6nderilen e-postalarda var m\u0131? Ben okumad\u0131m.<\/span><\/p>\n<p><span style=\"font-family: 'Palatino Linotype', 'Book Antiqua', Palatino, serif; font-size: 12pt;\">Duyan ya da g\u00f6ren varsa rak\u0131 \u0131smarlayabilirim \u00f6d\u00fcl olarak. <em>(Bu yaz\u0131n\u0131n yay\u0131nlanmas\u0131ndan sonrakiler say\u0131lmaz, ona g\u00f6re.)<\/em><\/span><\/p>\n<p><span style=\"font-family: 'Palatino Linotype', 'Book Antiqua', Palatino, serif; font-size: 12pt;\">Gelelim bizim Adalar Belediyesi&#8217;ne; en zor i\u015flerden birini yapan modernle\u015ftirilmi\u015f (!) ad\u0131yla temizlik i\u015f\u00e7ileri yani bildi\u011fimiz \u00e7\u00f6p\u00e7\u00fc karde\u015flerimiz daha \u00f6nceki d\u00f6nemde de ta\u015feron i\u015f\u00e7ileriydi, \u015fimdiki belediye y\u00f6netimi d\u00f6neminde de. Belediye ba\u015fkan\u0131n\u0131n partisi ya da \u015fahs\u0131 ayn\u0131 kalsa da, de\u011fi\u015fse de onlar i\u00e7in de\u011fi\u015fen bir\u015fey olmayaca\u011f\u0131ndan da eminim.<\/span><\/p>\n<p><span style=\"font-family: 'Palatino Linotype', 'Book Antiqua', Palatino, serif; font-size: 12pt;\">At yar\u0131\u015f\u0131 oynamay\u0131 bilmem, piyango bileti almam, kahvelerde kumar oynamad\u0131m hi\u00e7. Ama bu sefer oynayaca\u011f\u0131m k\u00fc\u00e7\u00fck bir kumar: VAR MI BAHSE G\u0130REN?<\/span><\/p>\n<p>&nbsp;<\/p>\n<p><span style=\"font-family: 'Palatino Linotype', 'Book Antiqua', Palatino, serif; font-size: 12pt;\"><strong><em>Notlar:<\/em><\/strong><\/span><\/p>\n<p><span style=\"font-family: 'Palatino Linotype', 'Book Antiqua', Palatino, serif; font-size: 12pt;\"><em><strong>*<\/strong> Buna Koca sakall\u0131 Marx &#8216;Va\u015fi burjuva&#8217; diyor. &#8216;Yaban burjuva&#8217; Dr. Hikmet K\u0131v\u0131lc\u0131ml\u0131&#8217;n\u0131n bulu\u015fu.<\/em><\/span><\/p>\n<p><span style=\"font-family: 'Palatino Linotype', 'Book Antiqua', Palatino, serif; font-size: 12pt;\"><em><strong>** <\/strong>Bir not da cabadan koyal\u0131m: T\u00fcrk Dil Kurumu&#8217;nun T\u00fcrk\u00e7e S\u00f6zl\u00fck&#8217;\u00fcnde ta\u015feron \u015f\u00f6yle tan\u0131mlanm\u0131\u015f: (Frans\u0131zca&#8217;dan diiimize girmi\u015f. Frans\u0131zca&#8217;da &#8216;t\u00e2cheron&#8217; olarak yaz\u0131l\u0131yormu\u015f.) B\u00fcy\u00fck bir i\u015fin bir b\u00f6l\u00fcm\u00fcn\u00fc yapt\u0131rmay\u0131, as\u0131l m\u00fcteahhitten \u00fczerine alan ikinci m\u00fcteahhit.\u00a0Bu tan\u0131ma g\u00f6re konumun birinci m\u00fcteahhiti bal gibi Belediye oluyor. Var m\u0131 bir itiraz\u0131n\u0131z?<\/em><\/span><\/p>\n","protected":false},"excerpt":{"rendered":"<p>Huysuz \u0130htiyar &#8211; Heybeliada \u00d6zel sekt\u00f6rde c\u0131lk\u0131 \u00e7\u0131kan &#8220;ta\u015feron i\u015f\u00e7ilik&#8221; sorununun boyutlar\u0131 \u00e7ok \u00e7ok b\u00fcy\u00fck. Baz\u0131 \u00e7al\u0131\u015fanlar fiilen \u00e7al\u0131\u015ft\u0131klar\u0131 \u015firketin de\u011fil de ad\u0131n\u0131 bile bilmedikleri bir ta\u015feron \u015firketin i\u015f\u00e7ileri oldu\u011fundan bile habersiz olabiliyor. Ta\u015feron i\u015f\u00e7ilik \u00f6nce g\u00fcvenlik, temizlik gibi alanlarda ba\u015flad\u0131. Hep bildi\u011fimiz gibi can g\u00fcvenli\u011fi riskli olan i\u015fkollar\u0131nda, en ba\u015fta da tersanelerde tavan yapt\u0131. &hellip;<\/p>\n","protected":false},"author":1,"featured_media":2611,"comment_status":"open","ping_status":"open","sticky":false,"template":"","format":"standard","meta":{"_monsterinsights_skip_tracking":false,"_monsterinsights_sitenote_active":false,"_monsterinsights_sitenote_note":"","_monsterinsights_sitenote_category":0},"categories":[1,3],"tags":[107],"_links":{"self":[{"href":"https:\/\/dokuzadabirdeniz.com\/index.php?rest_route=\/wp\/v2\/posts\/1581"}],"collection":[{"href":"https:\/\/dokuzadabirdeniz.com\/index.php?rest_route=\/wp\/v2\/posts"}],"about":[{"href":"https:\/\/dokuzadabirdeniz.com\/index.php?rest_route=\/wp\/v2\/types\/post"}],"author":[{"embeddable":true,"href":"https:\/\/dokuzadabirdeniz.com\/index.php?rest_route=\/wp\/v2\/users\/1"}],"replies":[{"embeddable":true,"href":"https:\/\/dokuzadabirdeniz.com\/index.php?rest_route=%2Fwp%2Fv2%2Fcomments&post=1581"}],"version-history":[{"count":1,"href":"https:\/\/dokuzadabirdeniz.com\/index.php?rest_route=\/wp\/v2\/posts\/1581\/revisions"}],"predecessor-version":[{"id":3264,"href":"https:\/\/dokuzadabirdeniz.com\/index.php?rest_route=\/wp\/v2\/posts\/1581\/revisions\/3264"}],"wp:featuredmedia":[{"embeddable":true,"href":"https:\/\/dokuzadabirdeniz.com\/index.php?rest_route=\/wp\/v2\/media\/2611"}],"wp:attachment":[{"href":"https:\/\/dokuzadabirdeniz.com\/index.php?rest_route=%2Fwp%2Fv2%2Fmedia&parent=1581"}],"wp:term":[{"taxonomy":"category","embeddable":true,"href":"https:\/\/dokuzadabirdeniz.com\/index.php?rest_route=%2Fwp%2Fv2%2Fcategories&post=1581"},{"taxonomy":"post_tag","embeddable":true,"href":"https:\/\/dokuzadabirdeniz.com\/index.php?rest_route=%2Fwp%2Fv2%2Ftags&post=1581"}],"curies":[{"name":"wp","href":"https:\/\/api.w.org\/{rel}","templated":true}]}}