{"id":1443,"date":"2015-11-05T01:23:20","date_gmt":"2015-11-04T22:23:20","guid":{"rendered":"http:\/\/dokuzadabirdeniz.com\/?p=1443"},"modified":"2016-02-10T20:22:45","modified_gmt":"2016-02-10T18:22:45","slug":"sivriada-projesi-iptal","status":"publish","type":"post","link":"https:\/\/dokuzadabirdeniz.com\/?p=1443","title":{"rendered":"Sivriada projesine mahkemeden iptal!"},"content":{"rendered":"<p>&nbsp;<\/p>\n<p><span style=\"font-family: 'Palatino Linotype', 'Book Antiqua', Palatino, serif; font-size: 12pt;\"><em>(dokuzadabirdeniz.com- 1 Kas\u0131m 2015)<\/em><br \/>\nSivriada&#8217;ya turistik tesis ve kongre merkezi yap\u0131lmas\u0131na y\u00f6nelik \u00c7\u015eB ve h\u00fck\u00fcmet uygulamalar\u0131 idari mahkeme taraf\u0131ndan iptal edildi. Adalar Savunmas\u0131&#8217;n\u0131n konuyla ilgili yay\u0131nlad\u0131\u011f\u0131 <img loading=\"lazy\" class=\"size-medium wp-image-2504 alignright\" src=\"http:\/\/dokuzadabirdeniz.com\/wp-content\/uploads\/turizmyetkiSivriada72-221x300.jpg\" alt=\"turizmyetkiSivriada72\" width=\"221\" height=\"300\" srcset=\"https:\/\/dokuzadabirdeniz.com\/wp-content\/uploads\/turizmyetkiSivriada72-221x300.jpg 221w, https:\/\/dokuzadabirdeniz.com\/wp-content\/uploads\/turizmyetkiSivriada72-110x150.jpg 110w, https:\/\/dokuzadabirdeniz.com\/wp-content\/uploads\/turizmyetkiSivriada72.jpg 591w\" sizes=\"(max-width: 221px) 100vw, 221px\" \/>a\u00e7\u0131klama \u015f\u00f6yle:<\/span><\/p>\n<p><span style=\"font-family: 'Palatino Linotype', 'Book Antiqua', Palatino, serif; font-size: 12pt;\">&#8221; H\u00fck\u00fcmetin Sivriada&#8217;ya turistik tesis ve otel projeleri ve planlar\u0131 idari mahkeme taraf\u0131ndan hukuksuz bulunarak iptal edildi!<\/span><\/p>\n<p><span style=\"font-family: 'Palatino Linotype', 'Book Antiqua', Palatino, serif; font-size: 12pt;\"><a href=\"http:\/\/dokuzadabirdeniz.com\/wp-content\/uploads\/1660249977552989.jpg\"><img loading=\"lazy\" class=\"wp-image-2798  alignleft\" src=\"http:\/\/dokuzadabirdeniz.com\/wp-content\/uploads\/1660249977552989.jpg\" alt=\"1660249977552989\" width=\"258\" height=\"258\" srcset=\"https:\/\/dokuzadabirdeniz.com\/wp-content\/uploads\/1660249977552989.jpg 600w, https:\/\/dokuzadabirdeniz.com\/wp-content\/uploads\/1660249977552989-150x150.jpg 150w, https:\/\/dokuzadabirdeniz.com\/wp-content\/uploads\/1660249977552989-300x300.jpg 300w\" sizes=\"(max-width: 258px) 100vw, 258px\" \/><\/a>Yass\u0131ada ve Sivriada i\u00e7in a\u00e7t\u0131\u011f\u0131m\u0131z davalardan birinde \u0130stanbul 3 Numaral\u0131 B\u00f6lge \u0130dare Mahkemesi Sivriada&#8217;da ba\u015flat\u0131lmas\u0131 planlanan kongre ve turizm merkezi in\u015faat\u0131 hakk\u0131nda bilirki\u015fi raporu do\u011frultusunda iptal karar\u0131 verdi! K\u00fclt\u00fcrel, ekolojik ve arkeolojik a\u00e7\u0131dan geri d\u00f6n\u00fclmesi m\u00fcmk\u00fcn olmayan zararlar do\u011furaca\u011f\u0131 gerek\u00e7esiyle verilen kararla Sivriada i\u00e7in yap\u0131lan t\u00fcm plan de\u011fi\u015fiklikleri iptal edildi! <a href=\"http:\/\/dokuzadabirdeniz.com\/wp-content\/uploads\/1585521698359151.jpg\"><img loading=\"lazy\" class=\"alignleft wp-image-2802\" src=\"http:\/\/dokuzadabirdeniz.com\/wp-content\/uploads\/1585521698359151.jpg\" alt=\"1585521698359151\" width=\"259\" height=\"259\" srcset=\"https:\/\/dokuzadabirdeniz.com\/wp-content\/uploads\/1585521698359151.jpg 600w, https:\/\/dokuzadabirdeniz.com\/wp-content\/uploads\/1585521698359151-150x150.jpg 150w, https:\/\/dokuzadabirdeniz.com\/wp-content\/uploads\/1585521698359151-300x300.jpg 300w\" sizes=\"(max-width: 259px) 100vw, 259px\" \/><\/a>Sivriada&#8217;yla ayn\u0131 niteliklere sahip sit alan\u0131 Yass\u0131ada&#8217;da ba\u015flat\u0131lan in\u015faat\u0131n da derhal durdurulmas\u0131n\u0131 istiyoruz!<\/span><\/p>\n<p><span style=\"font-family: 'Palatino Linotype', 'Book Antiqua', Palatino, serif; font-size: 12pt;\">M\u00fccadeleye devam&#8230;<\/span><\/p>\n<p><span style=\"font-family: 'Palatino Linotype', 'Book Antiqua', Palatino, serif; font-size: 12pt;\">Yass\u0131ada ve Sivriada&#8217;dan elinizi \u00e7ekin, B\u0131rak Iss\u0131z Kals\u0131n! <\/span><\/p>\n<p><span style=\"font-family: 'Palatino Linotype', 'Book Antiqua', Palatino, serif; font-size: 12pt;\">#dirensivriada #direnyass\u0131ada #birakissizkalsin<\/span><\/p>\n<p>Adalar Savunmas\u0131<a href=\"http:\/\/dokuzadabirdeniz.com\/wp-content\/uploads\/1660249967552990.jpg\"><img loading=\"lazy\" class=\"aligncenter wp-image-2838 size-full\" src=\"http:\/\/dokuzadabirdeniz.com\/wp-content\/uploads\/1660249967552990.jpg\" alt=\"1660249967552990\" width=\"720\" height=\"480\" srcset=\"https:\/\/dokuzadabirdeniz.com\/wp-content\/uploads\/1660249967552990.jpg 720w, https:\/\/dokuzadabirdeniz.com\/wp-content\/uploads\/1660249967552990-150x100.jpg 150w, https:\/\/dokuzadabirdeniz.com\/wp-content\/uploads\/1660249967552990-300x200.jpg 300w\" sizes=\"(max-width: 720px) 100vw, 720px\" \/><\/a><\/p>\n<p>&nbsp;<\/p>\n","protected":false},"excerpt":{"rendered":"<p>&nbsp; (dokuzadabirdeniz.com- 1 Kas\u0131m 2015) Sivriada&#8217;ya turistik tesis ve kongre merkezi yap\u0131lmas\u0131na y\u00f6nelik \u00c7\u015eB ve h\u00fck\u00fcmet uygulamalar\u0131 idari mahkeme taraf\u0131ndan iptal edildi. Adalar Savunmas\u0131&#8217;n\u0131n konuyla ilgili yay\u0131nlad\u0131\u011f\u0131 a\u00e7\u0131klama \u015f\u00f6yle: &#8221; H\u00fck\u00fcmetin Sivriada&#8217;ya turistik tesis ve otel projeleri ve planlar\u0131 idari mahkeme taraf\u0131ndan hukuksuz bulunarak iptal edildi! Yass\u0131ada ve Sivriada i\u00e7in a\u00e7t\u0131\u011f\u0131m\u0131z davalardan birinde \u0130stanbul 3 &hellip;<\/p>\n","protected":false},"author":1,"featured_media":2838,"comment_status":"open","ping_status":"open","sticky":false,"template":"","format":"standard","meta":{"_monsterinsights_skip_tracking":false,"_monsterinsights_sitenote_active":false,"_monsterinsights_sitenote_note":"","_monsterinsights_sitenote_category":0},"categories":[44,17,8,83,9],"tags":[57],"_links":{"self":[{"href":"https:\/\/dokuzadabirdeniz.com\/index.php?rest_route=\/wp\/v2\/posts\/1443"}],"collection":[{"href":"https:\/\/dokuzadabirdeniz.com\/index.php?rest_route=\/wp\/v2\/posts"}],"about":[{"href":"https:\/\/dokuzadabirdeniz.com\/index.php?rest_route=\/wp\/v2\/types\/post"}],"author":[{"embeddable":true,"href":"https:\/\/dokuzadabirdeniz.com\/index.php?rest_route=\/wp\/v2\/users\/1"}],"replies":[{"embeddable":true,"href":"https:\/\/dokuzadabirdeniz.com\/index.php?rest_route=%2Fwp%2Fv2%2Fcomments&post=1443"}],"version-history":[{"count":2,"href":"https:\/\/dokuzadabirdeniz.com\/index.php?rest_route=\/wp\/v2\/posts\/1443\/revisions"}],"predecessor-version":[{"id":3182,"href":"https:\/\/dokuzadabirdeniz.com\/index.php?rest_route=\/wp\/v2\/posts\/1443\/revisions\/3182"}],"wp:featuredmedia":[{"embeddable":true,"href":"https:\/\/dokuzadabirdeniz.com\/index.php?rest_route=\/wp\/v2\/media\/2838"}],"wp:attachment":[{"href":"https:\/\/dokuzadabirdeniz.com\/index.php?rest_route=%2Fwp%2Fv2%2Fmedia&parent=1443"}],"wp:term":[{"taxonomy":"category","embeddable":true,"href":"https:\/\/dokuzadabirdeniz.com\/index.php?rest_route=%2Fwp%2Fv2%2Fcategories&post=1443"},{"taxonomy":"post_tag","embeddable":true,"href":"https:\/\/dokuzadabirdeniz.com\/index.php?rest_route=%2Fwp%2Fv2%2Ftags&post=1443"}],"curies":[{"name":"wp","href":"https:\/\/api.w.org\/{rel}","templated":true}]}}