{"id":1441,"date":"2015-08-23T01:16:00","date_gmt":"2015-08-22T22:16:00","guid":{"rendered":"http:\/\/dokuzadabirdeniz.com\/?p=1441"},"modified":"2016-02-10T19:25:06","modified_gmt":"2016-02-10T17:25:06","slug":"adalari-savunmak-hayati-savunmaktir","status":"publish","type":"post","link":"https:\/\/dokuzadabirdeniz.com\/?p=1441","title":{"rendered":"Adalar\u0131 savunmak, hayat\u0131 savunmakt\u0131r&#8230;"},"content":{"rendered":"<p><span style=\"font-family: 'Palatino Linotype', 'Book Antiqua', Palatino, serif; font-size: 12pt;\"><strong>Adalar\u0131 savunal\u0131m, Adalar\u0131 savunmak \u0130stanbul&#8217;da leyle\u011fi, mercan\u0131, bal\u0131\u011f\u0131, orman\u0131, ya\u015fam\u0131 savunmakt\u0131r!<\/strong><\/span><\/p>\n<p><span style=\"font-family: 'Palatino Linotype', 'Book Antiqua', Palatino, serif; font-size: 12pt;\">Bug\u00fcn g\u00f6\u00e7 yolundaki foto\u011fraflar\u0131n\u0131 \u00e7ekti\u011finiz ve payla\u015ft\u0131\u011f\u0131n\u0131z, \u015fimdilerde say\u0131lar\u0131 azalan leylekler Yass\u0131ada ve Sivriada imara a\u00e7\u0131ld\u0131\u011f\u0131nda ve Kuzey Ormanlar\u0131 yokedildi\u011finde bir daha \u0130stanbul&#8217;a gelemeyecek. Bu ormanlar\u0131n ve Adalar\u0131n \u00fczerinden u\u00e7amayacaklar! Son leylek de gitti\u011finde art\u0131k anlayaca\u011f\u0131z ki Adalar da, ormanlar da yok, ya\u015fam da yok! 2012 y\u0131l\u0131n\u0131n ba\u015f\u0131nda BBC &#8220;Earthflight&#8221; belgeselinin \u00fc\u00e7\u00fcnc\u00fcs\u00fcn\u00fc, Avrupa aya\u011f\u0131n\u0131 yay\u0131nlad\u0131. A\u00e7\u0131l\u0131\u015f, leyleklerin istanbul&#8217;a geli\u015fini g\u00f6steriyor. 1000 milden fazla u\u00e7uyorlar Afrika&#8217;dan Avrupa&#8217;ya ula\u015fabilmek i\u00e7in. Akdeniz&#8217;i, ard\u0131ndan Marmara&#8217;y\u0131 ge\u00e7iyorlar. Marmara&#8217;n\u0131n sonu, yolculu\u011fun en zor k\u0131sm\u0131. <a href=\"http:\/\/dokuzadabirdeniz.com\/wp-content\/uploads\/maxresdefault-1.jpg\" rel=\"attachment wp-att-3615\"><img loading=\"lazy\" class=\"aligncenter size-full wp-image-3615\" src=\"http:\/\/dokuzadabirdeniz.com\/wp-content\/uploads\/maxresdefault-1.jpg\" alt=\"maxresdefault\" width=\"1920\" height=\"1080\" srcset=\"https:\/\/dokuzadabirdeniz.com\/wp-content\/uploads\/maxresdefault-1.jpg 1920w, https:\/\/dokuzadabirdeniz.com\/wp-content\/uploads\/maxresdefault-1-150x84.jpg 150w, https:\/\/dokuzadabirdeniz.com\/wp-content\/uploads\/maxresdefault-1-300x169.jpg 300w, https:\/\/dokuzadabirdeniz.com\/wp-content\/uploads\/maxresdefault-1-1024x576.jpg 1024w\" sizes=\"(max-width: 1920px) 100vw, 1920px\" \/><\/a>Art\u0131k yorgunlar. S\u00fcrekli suyun \u00fcst\u00fcnde u\u00e7mak tehlikeli.<br \/>\nKanatlar\u0131 suya de\u011fdi\u011fi anda u\u00e7am\u0131yor, d\u00fc\u015f\u00fcp bo\u011fuluyorlar. Ama \u0130stanbul&#8217;un kap\u0131s\u0131nda, onlar\u0131 bu tehlikeden kurtaran iki can simitleri var. Yass\u0131ada ve Sivriada. \u0130nsans\u0131z, \u0131ss\u0131z, do\u011fal kalabilmi\u015f bu iki ada, \u0131s\u0131nan kayalardan y\u00fckselen s\u0131cak havayla leylekleri kucakl\u0131yor, karaya sa\u011f salim ula\u015fmalar\u0131n\u0131 sa\u011fl\u0131yor. \u0130ki adan\u0131n yap\u0131la\u015fmaya a\u00e7\u0131lmas\u0131 leyleklerin y\u00fczy\u0131llard\u0131r kulland\u0131\u011f\u0131 yolun art\u0131k g\u00fcvenli olmayaca\u011f\u0131 anlam\u0131na geliyor. <strong>Yass\u0131ada ve Sivriada&#8217;dan elinizi \u00e7ekin! B\u0131rak Iss\u0131z Kals\u0131n!<\/strong><\/span><\/p>\n<p><span style=\"font-family: 'Palatino Linotype', 'Book Antiqua', Palatino, serif; font-size: 12pt;\">Belgeselin tamam\u0131 :<\/span><\/p>\n<p><iframe loading=\"lazy\" width=\"618\" height=\"348\" src=\"https:\/\/www.youtube.com\/embed\/62-F5PyEEck?feature=oembed\" frameborder=\"0\" allowfullscreen><\/iframe><\/p>\n<p><span style=\"font-family: 'Palatino Linotype', 'Book Antiqua', Palatino, serif; font-size: 12pt;\">Tamam\u0131n\u0131 seyretmek istemeyenler\u00a0i\u00e7in\u00a0ilk 4 dakika,\u00a0<\/span><span style=\"font-family: 'Palatino Linotype', 'Book Antiqua', Palatino, serif; font-size: 12pt;\">\u0130stanbul i\u00e7in k\u0131sa bir \u00e7ekim hikayesi&#8230;<\/span><\/p>\n<p><iframe loading=\"lazy\" width=\"618\" height=\"348\" src=\"https:\/\/www.youtube.com\/embed\/fCFtXDvEbqQ?feature=oembed\" frameborder=\"0\" allowfullscreen><\/iframe><\/p>\n","protected":false},"excerpt":{"rendered":"<p>Adalar\u0131 savunal\u0131m, Adalar\u0131 savunmak \u0130stanbul&#8217;da leyle\u011fi, mercan\u0131, bal\u0131\u011f\u0131, orman\u0131, ya\u015fam\u0131 savunmakt\u0131r! Bug\u00fcn g\u00f6\u00e7 yolundaki foto\u011fraflar\u0131n\u0131 \u00e7ekti\u011finiz ve payla\u015ft\u0131\u011f\u0131n\u0131z, \u015fimdilerde say\u0131lar\u0131 azalan leylekler Yass\u0131ada ve Sivriada imara a\u00e7\u0131ld\u0131\u011f\u0131nda ve Kuzey Ormanlar\u0131 yokedildi\u011finde bir daha \u0130stanbul&#8217;a gelemeyecek. Bu ormanlar\u0131n ve Adalar\u0131n \u00fczerinden u\u00e7amayacaklar! Son leylek de gitti\u011finde art\u0131k anlayaca\u011f\u0131z ki Adalar da, ormanlar da yok, ya\u015fam da &hellip;<\/p>\n","protected":false},"author":1,"featured_media":3615,"comment_status":"open","ping_status":"open","sticky":false,"template":"","format":"standard","meta":{"_monsterinsights_skip_tracking":false,"_monsterinsights_sitenote_active":false,"_monsterinsights_sitenote_note":"","_monsterinsights_sitenote_category":0},"categories":[44,8,9],"tags":[57],"_links":{"self":[{"href":"https:\/\/dokuzadabirdeniz.com\/index.php?rest_route=\/wp\/v2\/posts\/1441"}],"collection":[{"href":"https:\/\/dokuzadabirdeniz.com\/index.php?rest_route=\/wp\/v2\/posts"}],"about":[{"href":"https:\/\/dokuzadabirdeniz.com\/index.php?rest_route=\/wp\/v2\/types\/post"}],"author":[{"embeddable":true,"href":"https:\/\/dokuzadabirdeniz.com\/index.php?rest_route=\/wp\/v2\/users\/1"}],"replies":[{"embeddable":true,"href":"https:\/\/dokuzadabirdeniz.com\/index.php?rest_route=%2Fwp%2Fv2%2Fcomments&post=1441"}],"version-history":[{"count":1,"href":"https:\/\/dokuzadabirdeniz.com\/index.php?rest_route=\/wp\/v2\/posts\/1441\/revisions"}],"predecessor-version":[{"id":3616,"href":"https:\/\/dokuzadabirdeniz.com\/index.php?rest_route=\/wp\/v2\/posts\/1441\/revisions\/3616"}],"wp:featuredmedia":[{"embeddable":true,"href":"https:\/\/dokuzadabirdeniz.com\/index.php?rest_route=\/wp\/v2\/media\/3615"}],"wp:attachment":[{"href":"https:\/\/dokuzadabirdeniz.com\/index.php?rest_route=%2Fwp%2Fv2%2Fmedia&parent=1441"}],"wp:term":[{"taxonomy":"category","embeddable":true,"href":"https:\/\/dokuzadabirdeniz.com\/index.php?rest_route=%2Fwp%2Fv2%2Fcategories&post=1441"},{"taxonomy":"post_tag","embeddable":true,"href":"https:\/\/dokuzadabirdeniz.com\/index.php?rest_route=%2Fwp%2Fv2%2Ftags&post=1441"}],"curies":[{"name":"wp","href":"https:\/\/api.w.org\/{rel}","templated":true}]}}