{"id":1376,"date":"2015-07-27T19:51:38","date_gmt":"2015-07-27T16:51:38","guid":{"rendered":"http:\/\/dokuzadabirdeniz.com\/?p=1376"},"modified":"2016-02-10T20:24:31","modified_gmt":"2016-02-10T18:24:31","slug":"yassiadada-tarih-kultur-ve-yasam-katlediliyor","status":"publish","type":"post","link":"https:\/\/dokuzadabirdeniz.com\/?p=1376","title":{"rendered":"Yass\u0131ada\u2019da tarih, k\u00fclt\u00fcr ve ya\u015fam katlediliyor&#8230;"},"content":{"rendered":"<p><span style=\"font-family: 'Palatino Linotype', 'Book Antiqua', Palatino, serif; font-size: 12pt;\">Yass\u0131ada&#8217;daki arkeolojik kal\u0131nt\u0131lar\u0131n tahrip edilmesi \u00fczerine Adalar Savunmas\u0131 27 Temmuz 2015 tarihinde bir bas\u0131n a\u00e7\u0131klamas\u0131 yay\u0131nlad\u0131&#8230;<\/span><\/p>\n<p><a href=\"http:\/\/dokuzadabirdeniz.com\/wp-content\/uploads\/1640455756199078.jpg\"><img loading=\"lazy\" class=\"wp-image-2836  alignleft\" src=\"http:\/\/dokuzadabirdeniz.com\/wp-content\/uploads\/1640455756199078-225x300.jpg\" alt=\"1640455756199078\" width=\"247\" height=\"329\" srcset=\"https:\/\/dokuzadabirdeniz.com\/wp-content\/uploads\/1640455756199078-225x300.jpg 225w, https:\/\/dokuzadabirdeniz.com\/wp-content\/uploads\/1640455756199078-113x150.jpg 113w, https:\/\/dokuzadabirdeniz.com\/wp-content\/uploads\/1640455756199078.jpg 450w\" sizes=\"(max-width: 247px) 100vw, 247px\" \/><\/a><\/p>\n<p>&nbsp;<\/p>\n<p><span style=\"font-family: 'Palatino Linotype', 'Book Antiqua', Palatino, serif; font-size: 12pt;\">BASINA ve KAMUOYUNA,<\/span><\/p>\n<p><span style=\"font-family: 'Palatino Linotype', 'Book Antiqua', Palatino, serif; font-size: 12pt;\">Yalan s\u00f6yl\u00fcyorlar, Yass\u0131ada\u2019da tarih, k\u00fclt\u00fcr ve ya\u015fam katlediliyor! Yass\u0131ada\u2019da arkeolojik ve k\u00fclt\u00fcrel kal\u0131nt\u0131lar tahrip ediliyor, bu k\u00fclt\u00fcr katliam\u0131 Yass\u0131ada yasak b\u00f6lge ilan edilerek gizlenmeye \u00e7al\u0131\u015f\u0131l\u0131yor!<\/span><\/p>\n<p><span style=\"font-family: 'Palatino Linotype', 'Book Antiqua', Palatino, serif; font-size: 12pt;\">AKP ve T\u00fcrkiye Odalar ve Borsalar Birli\u011fi eliyle MESA Holding\u2019e ba\u011fl\u0131 MESA \u0130n\u015faat taraf\u0131ndan yokolu\u015fa s\u00fcr\u00fcklenen Yass\u0131ada\u2019n\u0131n y\u0131k\u0131m\u0131 devam ediyor, arkeolojik kal\u0131nt\u0131lar tahrip ediliyor. Defalarca vurgulad\u0131\u011f\u0131m\u0131z gibi Yass\u0131ada&#8217;da hi\u00e7 bir arkeolojik ve \u00e7evresel et\u00fcd yap\u0131lmadan, siyasi ve ticari rant amac\u0131yla ba\u015flat\u0131lan in\u015faat\u0131n do\u011faya, insanl\u0131\u011fa, tarihe ve k\u00fclt\u00fcre kar\u015f\u0131 i\u015flenen bir su\u00e7 oldu\u011fu tekrar ortaya \u00e7\u0131kt\u0131. Yass\u0131ada\u2019daki Bizans d\u00f6nemine tarihlenen arkeolojik eserler, korunmas\u0131 gereken k\u00fclt\u00fcr varl\u0131\u011f\u0131 olarak tescillenen 1. Grup Arkeolojik eserler, Bizans d\u00f6nemi zindan, sarn\u0131\u00e7 ve h\u00fccre kal\u0131nt\u0131lar\u0131 MESA \u0130n\u015faata ba\u011fl\u0131 \u015fantiye ekipleri taraf\u0131ndan tahrip edildi. TOBB\u2019a ba\u011fl\u0131 G\u00fcmr\u00fck Turizm \u0130\u015fletmeleri A.\u015e Genel M\u00fcd\u00fcr\u00fc \u00d6mer Gebe\u015f\u2019in bug\u00fcn bas\u0131na yans\u0131yan \u201cYass\u0131ada\u2019daki tescilli yap\u0131lar\u0131n itinayla korundu\u011fu\u201d y\u00f6n\u00fcndeki a\u00e7\u0131klamalar\u0131 ger\u00e7e\u011fi yans\u0131tm\u0131yor.<\/span><\/p>\n<p><span style=\"font-family: 'Palatino Linotype', 'Book Antiqua', Palatino, serif; font-size: 12pt;\"><br \/>\n<img loading=\"lazy\" class=\"size-medium wp-image-2744 alignnone\" src=\"http:\/\/dokuzadabirdeniz.com\/wp-content\/uploads\/1640455849532402-300x200.jpg\" alt=\"1640455849532402\" width=\"300\" height=\"200\" srcset=\"https:\/\/dokuzadabirdeniz.com\/wp-content\/uploads\/1640455849532402-300x200.jpg 300w, https:\/\/dokuzadabirdeniz.com\/wp-content\/uploads\/1640455849532402-150x100.jpg 150w, https:\/\/dokuzadabirdeniz.com\/wp-content\/uploads\/1640455849532402.jpg 809w\" sizes=\"(max-width: 300px) 100vw, 300px\" \/> <img loading=\"lazy\" class=\"size-medium wp-image-2995 alignnone\" src=\"http:\/\/dokuzadabirdeniz.com\/wp-content\/uploads\/1640455916199062-300x200-1-300x200.jpg\" alt=\"1640455916199062-300x200\" width=\"300\" height=\"200\" srcset=\"https:\/\/dokuzadabirdeniz.com\/wp-content\/uploads\/1640455916199062-300x200-1.jpg 300w, https:\/\/dokuzadabirdeniz.com\/wp-content\/uploads\/1640455916199062-300x200-1-150x100.jpg 150w\" sizes=\"(max-width: 300px) 100vw, 300px\" \/><\/span><\/p>\n<p><span style=\"font-family: 'Palatino Linotype', 'Book Antiqua', Palatino, serif; font-size: 12pt;\">Ekte sundu\u011fumuz foto\u011fraflarla bir kez daha kan\u0131tlanan bu tahribat hakk\u0131nda t\u00fcm yetkili kurumlar\u0131, arkeologlar\u0131, koruma kurullar\u0131n\u0131 ve savc\u0131lar\u0131 harekete ge\u00e7meye \u00e7a\u011f\u0131r\u0131yoruz! \u0130n\u015faat\u0131n ba\u015flad\u0131\u011f\u0131 14 May\u0131s tarihinden bu yana deniz yoluyla adaya gitme ve in\u015faat\u0131n durdurulmas\u0131n\u0131 talep etme y\u00f6n\u00fcndeki t\u00fcm giri\u015fimlerimizi engelleyen, havadan aday\u0131 foto\u011fraflama giri\u015fimlerimizi \u201cNOTAM uyar\u0131s\u0131yla\u201d durdurmaya \u00e7al\u0131\u015fan h\u00fck\u00fcmet kurumlar\u0131, TOBB ve MESA Holding do\u011faya ve tarihe kar\u015f\u0131 su\u00e7 i\u015flemeye devam ediyor. 6 May\u0131s 2015 tarihinde TOBB\u2019a ba\u011fl\u0131 \u015firketlere ve MESA \u0130n\u015faat\u2019a ruhsat verilmesiyle yeni bir a\u015famaya gelen ve 14 May\u0131s 2015 tarihinde se\u00e7imler \u00f6ncesinde alelacele d\u00fczenlenen bir t\u00f6renle adaya kep\u00e7e vuran do\u011fa ve k\u00fclt\u00fcr katillerine kar\u015f\u0131 bir kez daha duyuruyoruz:<\/span><\/p>\n<p><span style=\"font-family: 'Palatino Linotype', 'Book Antiqua', Palatino, serif; font-size: 12pt;\">&#8211; Sivriada ve Yass\u0131ada hakk\u0131nda Adalar halk\u0131n\u0131n takip\u00e7isi oldu\u011fu davalar ve hukuki s\u00fcre\u00e7 devam etmesine ra\u011fmen i\u00e7ine Yass\u0131ada ve Sivriada\u2019da ba\u015flat\u0131lan in\u015faat s\u00fcreci yasad\u0131\u015f\u0131d\u0131r,<\/span><\/p>\n<p><span style=\"font-family: 'Palatino Linotype', 'Book Antiqua', Palatino, serif; font-size: 12pt;\">&#8211; Yass\u0131ada ve Sivriada\u2019n\u0131n imara a\u00e7\u0131lmas\u0131n\u0131n do\u011fal ve k\u00fclt\u00fcrel ya\u015fam i\u00e7in geri d\u00f6n\u00fclmesi m\u00fcmk\u00fcn olmayan sonu\u00e7lar\u0131 oldu\u011fu mahkemelere sunulan \u00e7e\u015fitli bilirki\u015fi raporlar\u0131yla g\u00f6sterilmesine ragmen, bilirki\u015fi raporlar\u0131n\u0131 ve uzman g\u00f6r\u00fc\u015flerini yoksayan bu in\u015faat s\u00fcreci bir do\u011fal hayat ve k\u00fclt\u00fcr katliam\u0131d\u0131r,<\/span><\/p>\n<p><span style=\"font-family: 'Palatino Linotype', 'Book Antiqua', Palatino, serif; font-size: 12pt;\">&#8211; Yass\u0131ada ve Sivriada\u2019n\u0131n k\u00fclt\u00fcrel ve arkeolojik varl\u0131klar\u0131 i\u00e7in hi\u00e7 bir koruma plan\u0131 yap\u0131lmadan imar ve turizme a\u00e7\u0131lmas\u0131, adalarda delici ve vin\u00e7lerle \u00e7al\u0131\u015fma yap\u0131lmas\u0131 bu adalar\u0131n Bizans, Osmanl\u0131 ve Cumhuriyet d\u00f6nemlerinden bug\u00fcne uzanan tarihi varl\u0131klar\u0131n\u0131n yokedilmesi demektir. \u0130stanbul 5 numaral\u0131 KVKBK iki adadaki in\u015fai faaliyetler s\u0131ras\u0131nda 8.5.2014 tarih ve 154 say\u0131l\u0131 karar\u0131yla m\u00fcze m\u00fcd\u00fcrl\u00fc\u011f\u00fc denetimini \u015fart ko\u015fmu\u015f olmas\u0131na ra\u011fmen in\u015faat hi\u00e7 bir denetim olmadan devam etmektedir.<\/span><\/p>\n<p><span style=\"font-family: 'Palatino Linotype', 'Book Antiqua', Palatino, serif; font-size: 12pt;\">\u00a0<a href=\"http:\/\/dokuzadabirdeniz.com\/wp-content\/uploads\/1642859489292038.jpg\"><img loading=\"lazy\" class=\"wp-image-3439  alignleft\" src=\"http:\/\/dokuzadabirdeniz.com\/wp-content\/uploads\/1642859489292038.jpg\" alt=\"1642859489292038\" width=\"298\" height=\"398\" srcset=\"https:\/\/dokuzadabirdeniz.com\/wp-content\/uploads\/1642859489292038.jpg 450w, https:\/\/dokuzadabirdeniz.com\/wp-content\/uploads\/1642859489292038-113x150.jpg 113w, https:\/\/dokuzadabirdeniz.com\/wp-content\/uploads\/1642859489292038-225x300.jpg 225w\" sizes=\"(max-width: 298px) 100vw, 298px\" \/><\/a><br \/>\n<\/span><\/p>\n<p><span style=\"font-family: 'Palatino Linotype', 'Book Antiqua', Palatino, serif; font-size: 12pt;\">&#8211; Verilen in\u015faat ruhsatlar\u0131 ve turizm yetki belgeleri yasal ve teknik a\u00e7\u0131dan usuls\u00fczl\u00fck, yolsuzluk ve su\u00e7 unsurlar\u0131yla doludur. Bu nedenle defalarca talep edilmesine ra\u011fmen in\u015faat ruhsatlar\u0131 taraf\u0131m\u0131za verilmemekte, her t\u00fcr d\u00fczenleme ve belge gizlenmeye \u00e7al\u0131\u015f\u0131lmaktad\u0131r.<\/span><\/p>\n<p><span style=\"font-family: 'Palatino Linotype', 'Book Antiqua', Palatino, serif; font-size: 12pt;\">1.Derece Do\u011fal Sit, Tarihi Sit ve 3. Derece Arkeolojik Sit Alan\u0131 olarak koruma alt\u0131nda olan Yass\u0131ada ve ayn\u0131 \u015fekilde 2. Derece Do\u011fal Sit ve 3. Arkeolojik Sit alan\u0131 olarak korunan Sivriada\u2019daki in\u015faat s\u00fcreci derhal durdurulmal\u0131d\u0131r. Siyaset ve in\u015faat rant\u0131 i\u00e7in ku\u015fa, bal\u0131\u011fa, denize, g\u00f6ky\u00fcz\u00fcne, a\u011faca, ormana, tarihe, k\u00fclt\u00fcre ve insana kar\u015f\u0131 a\u00e7\u0131lan sava\u015f son bulmal\u0131d\u0131r. Adalar\u0131m\u0131z\u0131 \u201cdemokrasi ve \u00f6zg\u00fcrl\u00fck adas\u0131\u201d yap\u0131yoruz g\u00f6r\u00fcnt\u00fcs\u00fc alt\u0131nda 5 y\u0131ld\u0131zl\u0131 oteller, marinalar, lokantalar, pasta salonlar\u0131, kafeteryalar, gece kul\u00fcpleri, kuaf\u00f6rler, helikopter pistleri, e\u011flence salonlar\u0131 ve otoparklarla doldurmay\u0131 hedefleyenler, tarihimizi ve k\u00fclt\u00fcr\u00fcm\u00fcz\u00fc yokedenler, arkeolojik de\u011ferlerimizi talan edenler tarih ve insanl\u0131k \u00f6n\u00fcnde su\u00e7 i\u015fliyorlar. Adalar ve Marmara ekosistemi, bal\u0131k yumurtlama alanlar\u0131, ku\u015f g\u00f6\u00e7 yollar\u0131 ve tarihi arkeolojik de\u011ferleriyle korunmas\u0131 gereken Yass\u0131ada ve Sivriada i\u00e7in Adalar halk\u0131 ve Marmara ahalisi olarak bir kez daha sesleniyoruz:<\/span><\/p>\n<p><span style=\"font-family: 'Palatino Linotype', 'Book Antiqua', Palatino, serif; font-size: 12pt;\">Yass\u0131ada ve Sivriada\u2019dan Elinizi \u00c7ekin! Deniz, Orman, \u00d6zg\u00fcrl\u00fck, B\u0131rak Iss\u0131z Kals\u0131n!<\/span><\/p>\n<p><span style=\"font-family: 'Palatino Linotype', 'Book Antiqua', Palatino, serif; font-size: 12pt;\"><strong>ADALAR SAVUNMASI<\/strong> 27 Temmuz 2015<\/span><\/p>\n<p><span style=\"font-family: 'Palatino Linotype', 'Book Antiqua', Palatino, serif; font-size: 12pt;\">mail: adalarsavunmasi@gmail.com fb: facebook.com\/adalarsavunmasi tw: @adalarsavunmasi<\/span><\/p>\n","protected":false},"excerpt":{"rendered":"<p>Yass\u0131ada&#8217;daki arkeolojik kal\u0131nt\u0131lar\u0131n tahrip edilmesi \u00fczerine Adalar Savunmas\u0131 27 Temmuz 2015 tarihinde bir bas\u0131n a\u00e7\u0131klamas\u0131 yay\u0131nlad\u0131&#8230; &nbsp; BASINA ve KAMUOYUNA, Yalan s\u00f6yl\u00fcyorlar, Yass\u0131ada\u2019da tarih, k\u00fclt\u00fcr ve ya\u015fam katlediliyor! Yass\u0131ada\u2019da arkeolojik ve k\u00fclt\u00fcrel kal\u0131nt\u0131lar tahrip ediliyor, bu k\u00fclt\u00fcr katliam\u0131 Yass\u0131ada yasak b\u00f6lge ilan edilerek gizlenmeye \u00e7al\u0131\u015f\u0131l\u0131yor! AKP ve T\u00fcrkiye Odalar ve Borsalar Birli\u011fi eliyle MESA Holding\u2019e &hellip;<\/p>\n","protected":false},"author":1,"featured_media":2744,"comment_status":"open","ping_status":"open","sticky":false,"template":"","format":"standard","meta":{"_monsterinsights_skip_tracking":false,"_monsterinsights_sitenote_active":false,"_monsterinsights_sitenote_note":"","_monsterinsights_sitenote_category":0},"categories":[44,17,8,9],"tags":[57],"_links":{"self":[{"href":"https:\/\/dokuzadabirdeniz.com\/index.php?rest_route=\/wp\/v2\/posts\/1376"}],"collection":[{"href":"https:\/\/dokuzadabirdeniz.com\/index.php?rest_route=\/wp\/v2\/posts"}],"about":[{"href":"https:\/\/dokuzadabirdeniz.com\/index.php?rest_route=\/wp\/v2\/types\/post"}],"author":[{"embeddable":true,"href":"https:\/\/dokuzadabirdeniz.com\/index.php?rest_route=\/wp\/v2\/users\/1"}],"replies":[{"embeddable":true,"href":"https:\/\/dokuzadabirdeniz.com\/index.php?rest_route=%2Fwp%2Fv2%2Fcomments&post=1376"}],"version-history":[{"count":2,"href":"https:\/\/dokuzadabirdeniz.com\/index.php?rest_route=\/wp\/v2\/posts\/1376\/revisions"}],"predecessor-version":[{"id":3440,"href":"https:\/\/dokuzadabirdeniz.com\/index.php?rest_route=\/wp\/v2\/posts\/1376\/revisions\/3440"}],"wp:featuredmedia":[{"embeddable":true,"href":"https:\/\/dokuzadabirdeniz.com\/index.php?rest_route=\/wp\/v2\/media\/2744"}],"wp:attachment":[{"href":"https:\/\/dokuzadabirdeniz.com\/index.php?rest_route=%2Fwp%2Fv2%2Fmedia&parent=1376"}],"wp:term":[{"taxonomy":"category","embeddable":true,"href":"https:\/\/dokuzadabirdeniz.com\/index.php?rest_route=%2Fwp%2Fv2%2Fcategories&post=1376"},{"taxonomy":"post_tag","embeddable":true,"href":"https:\/\/dokuzadabirdeniz.com\/index.php?rest_route=%2Fwp%2Fv2%2Ftags&post=1376"}],"curies":[{"name":"wp","href":"https:\/\/api.w.org\/{rel}","templated":true}]}}