{"id":1362,"date":"2015-05-10T18:36:08","date_gmt":"2015-05-10T15:36:08","guid":{"rendered":"http:\/\/dokuzadabirdeniz.com\/?p=1362"},"modified":"2016-02-11T02:11:04","modified_gmt":"2016-02-11T00:11:04","slug":"duyuru","status":"publish","type":"post","link":"https:\/\/dokuzadabirdeniz.com\/?p=1362","title":{"rendered":"Duyuru&#8230;"},"content":{"rendered":"<p><span style=\"font-size: 12pt; font-family: 'Palatino Linotype', 'Book Antiqua', Palatino, serif;\"><strong>Bu daha ba\u015flang\u0131\u00e7 m\u00fccadeleye devam!<\/strong><\/span><\/p>\n<p><span style=\"font-size: 12pt; font-family: 'Palatino Linotype', 'Book Antiqua', Palatino, serif;\">Adalar Savunmas\u0131&#8217;n\u0131n Yass\u0131ada &#8220;haf\u0131za mekan\u0131&#8221; olsun, \u00f6b\u00fcr\u00fc&#8221; bellek mekan\u0131&#8221;, beriki m\u00fcze, di\u011feri kongre ve sergi adas\u0131 olsun, kar\u015f\u0131 kayal\u0131klar demokrasi, \u015fu k\u0131y\u0131lar teokrasi, arkadaki ku\u015f yuvalar\u0131 sempati, bal\u0131k yuvalar\u0131 da Mahmut olsun t\u00fcr\u00fcnden giri\u015fim, proje, kampanya, kurum, konsey, STK, ya\u015fl\u0131, gen\u00e7, sivil, asker ve bireylerle ilgisi, ili\u015fkisi, ba\u011f\u0131nt\u0131s\u0131, rab\u0131tas\u0131 yoktur!<\/span><\/p>\n<p><span style=\"font-size: 12pt; font-family: 'Palatino Linotype', 'Book Antiqua', Palatino, serif;\"><em>&#8220;Adalar \u00f6yle d\u00f6n\u00fc\u015fmesin, b\u00f6yle d\u00f6n\u00fc\u015fs\u00fcn&#8221;<\/em> diyen, ya\u015fam\u0131n kendisini de\u011fil, donmu\u015f ya\u015fam taklidlerini m\u00fcze, haf\u0131za mekan\u0131 gibi \u00f6neriler halinde ortal\u0131\u011fa salarak itibar pe\u015finde ko\u015fan, h\u00fck\u00fcmetin siyasi ve ticari rant oyunlar\u0131na zemin haz\u0131rlayan t\u00fcm tutumlara kar\u015f\u0131 Ya\u015fam\u0131 Savunmaya, Adalar\u0131 Savunmaya Devam Edece\u011fiz!<\/span><\/p>\n<p><span style=\"font-size: 12pt; font-family: 'Palatino Linotype', 'Book Antiqua', Palatino, serif;\">Biz ya\u015fam\u0131 savunuyoruz! Yass\u0131ada ve Sivriada ku\u015fun, bal\u0131\u011f\u0131n, karidesin, a\u011fac\u0131n, tav\u015fan\u0131n yuvas\u0131; binlerce y\u0131ll\u0131k tarihimizin hat\u0131ras\u0131, Adal\u0131lar\u0131n, denizcilerin, bal\u0131k\u00e7\u0131lar\u0131n ya\u015fam kayna\u011f\u0131d\u0131r&#8230;<\/span><\/p>\n<p><span style=\"font-size: 12pt; font-family: 'Palatino Linotype', 'Book Antiqua', Palatino, serif;\">Yass\u0131ada&#8217;ya d\u00f6kt\u00fc\u011f\u00fcn\u00fcz betonlar, demokrasi yalanlar\u0131n\u0131zla ve projelerinizle, sahte \u00f6neri ve projelerinizle birlikte y\u0131k\u0131l\u0131p gidecek! Bu daha ba\u015flang\u0131\u00e7 m\u00fccadeleye devam!<\/span><\/p>\n<p><span style=\"font-size: 12pt; font-family: 'Palatino Linotype', 'Book Antiqua', Palatino, serif;\"><strong>Deniz, Orman, \u00d6zg\u00fcrl\u00fck, B\u0131rak Iss\u0131z Kals\u0131n!<\/strong><\/span><\/p>\n<p><a href=\"http:\/\/dokuzadabirdeniz.com\/wp-content\/uploads\/1615331622044825.jpg\"><img loading=\"lazy\" class=\"alignnone wp-image-2634 size-medium\" src=\"http:\/\/dokuzadabirdeniz.com\/wp-content\/uploads\/1615331622044825-300x200.jpg\" alt=\"1615331622044825\" width=\"300\" height=\"200\" srcset=\"https:\/\/dokuzadabirdeniz.com\/wp-content\/uploads\/1615331622044825-300x200.jpg 300w, https:\/\/dokuzadabirdeniz.com\/wp-content\/uploads\/1615331622044825-150x100.jpg 150w, https:\/\/dokuzadabirdeniz.com\/wp-content\/uploads\/1615331622044825.jpg 810w\" sizes=\"(max-width: 300px) 100vw, 300px\" \/><\/a><\/p>\n<p>&nbsp;<\/p>\n","protected":false},"excerpt":{"rendered":"<p>Bu daha ba\u015flang\u0131\u00e7 m\u00fccadeleye devam! Adalar Savunmas\u0131&#8217;n\u0131n Yass\u0131ada &#8220;haf\u0131za mekan\u0131&#8221; olsun, \u00f6b\u00fcr\u00fc&#8221; bellek mekan\u0131&#8221;, beriki m\u00fcze, di\u011feri kongre ve sergi adas\u0131 olsun, kar\u015f\u0131 kayal\u0131klar demokrasi, \u015fu k\u0131y\u0131lar teokrasi, arkadaki ku\u015f yuvalar\u0131 sempati, bal\u0131k yuvalar\u0131 da Mahmut olsun t\u00fcr\u00fcnden giri\u015fim, proje, kampanya, kurum, konsey, STK, ya\u015fl\u0131, gen\u00e7, sivil, asker ve bireylerle ilgisi, ili\u015fkisi, ba\u011f\u0131nt\u0131s\u0131, rab\u0131tas\u0131 yoktur! &hellip;<\/p>\n","protected":false},"author":1,"featured_media":3059,"comment_status":"open","ping_status":"open","sticky":false,"template":"","format":"standard","meta":{"_monsterinsights_skip_tracking":false,"_monsterinsights_sitenote_active":false,"_monsterinsights_sitenote_note":"","_monsterinsights_sitenote_category":0},"categories":[46,1,8,9],"tags":[57],"_links":{"self":[{"href":"https:\/\/dokuzadabirdeniz.com\/index.php?rest_route=\/wp\/v2\/posts\/1362"}],"collection":[{"href":"https:\/\/dokuzadabirdeniz.com\/index.php?rest_route=\/wp\/v2\/posts"}],"about":[{"href":"https:\/\/dokuzadabirdeniz.com\/index.php?rest_route=\/wp\/v2\/types\/post"}],"author":[{"embeddable":true,"href":"https:\/\/dokuzadabirdeniz.com\/index.php?rest_route=\/wp\/v2\/users\/1"}],"replies":[{"embeddable":true,"href":"https:\/\/dokuzadabirdeniz.com\/index.php?rest_route=%2Fwp%2Fv2%2Fcomments&post=1362"}],"version-history":[{"count":2,"href":"https:\/\/dokuzadabirdeniz.com\/index.php?rest_route=\/wp\/v2\/posts\/1362\/revisions"}],"predecessor-version":[{"id":3261,"href":"https:\/\/dokuzadabirdeniz.com\/index.php?rest_route=\/wp\/v2\/posts\/1362\/revisions\/3261"}],"wp:featuredmedia":[{"embeddable":true,"href":"https:\/\/dokuzadabirdeniz.com\/index.php?rest_route=\/wp\/v2\/media\/3059"}],"wp:attachment":[{"href":"https:\/\/dokuzadabirdeniz.com\/index.php?rest_route=%2Fwp%2Fv2%2Fmedia&parent=1362"}],"wp:term":[{"taxonomy":"category","embeddable":true,"href":"https:\/\/dokuzadabirdeniz.com\/index.php?rest_route=%2Fwp%2Fv2%2Fcategories&post=1362"},{"taxonomy":"post_tag","embeddable":true,"href":"https:\/\/dokuzadabirdeniz.com\/index.php?rest_route=%2Fwp%2Fv2%2Ftags&post=1362"}],"curies":[{"name":"wp","href":"https:\/\/api.w.org\/{rel}","templated":true}]}}